{"id":80567,"date":"2024-10-23T11:52:14","date_gmt":"2024-10-23T15:52:14","guid":{"rendered":"https:\/\/www.unhcr.ca\/?p=80567"},"modified":"2024-10-23T11:52:14","modified_gmt":"2024-10-23T15:52:14","slug":"filippo-grandi-le-hcr-restera-fidele-a-son-mandat-tout-en-apportant-des-solutions-novatrices","status":"publish","type":"post","link":"https:\/\/www.unhcr.ca\/fr\/news\/filippo-grandi-le-hcr-restera-fidele-a-son-mandat-tout-en-apportant-des-solutions-novatrices\/","title":{"rendered":"Filippo Grandi : \u00ab le HCR restera fid\u00e8le \u00e0 son mandat tout en apportant des solutions novatrices \u00bb"},"content":{"rendered":"<div id=\"attachment_80535\" style=\"width: 1210px\" class=\"wp-caption aligncenter\"><img decoding=\"async\" aria-describedby=\"caption-attachment-80535\" class=\"wp-image-80535 size-full\" src=\"https:\/\/www.unhcr.ca\/wp-content\/uploads\/2024\/10\/RF1391705.jpg\" alt=\"L'homme parle de mani\u00e8re expressive, en agitant la main, assis derri\u00e8re une table \u00e0 panneaux o\u00f9 une plaque affiche \u00ab HAUT COMMISSAIRE \u00bb\" width=\"1200\" height=\"800\" srcset=\"https:\/\/www.unhcr.ca\/wp-content\/uploads\/2024\/10\/RF1391705.jpg 1200w, https:\/\/www.unhcr.ca\/wp-content\/uploads\/2024\/10\/RF1391705-980x653.jpg 980w, https:\/\/www.unhcr.ca\/wp-content\/uploads\/2024\/10\/RF1391705-480x320.jpg 480w\" sizes=\"(min-width: 0px) and (max-width: 480px) 480px, (min-width: 481px) and (max-width: 980px) 980px, (min-width: 981px) 1200px, 100vw\" \/><p id=\"caption-attachment-80535\" class=\"wp-caption-text\">Le Haut Commissaire des Nations Unies pour les r\u00e9fugi\u00e9s, Filippo Grandi, prononce son discours de cl\u00f4ture lors de la r\u00e9union annuelle du Comit\u00e9 ex\u00e9cutif du HCR \u00e0 Gen\u00e8ve. \u00a9 HCR\/Baz Ratner<\/p><\/div>\n<h2>Le Haut Commissaire des Nations Unies pour les r\u00e9fugi\u00e9s a cl\u00f4tur\u00e9 la r\u00e9union du Comit\u00e9 ex\u00e9cutif \u00e0 Gen\u00e8ve en lan\u00e7ant un appel pour l&rsquo;adoption de nouvelles approches et l&rsquo;octroi de nouveaux financements afin de garantir un soutien durable aux r\u00e9fugi\u00e9s<\/h2>\n<div class=\"field field--name-field-byline field--type-string field--label-hidden field__item\"><strong>Par le personnel du HCR<\/strong><\/div>\n<div class=\"language-switcher\"><\/div>\n<hr \/>\n<h3>M\u00eame s&rsquo;il poursuit de nouvelles approches pour combler le manque croissant de financement de l&rsquo;aide, pour limiter les effets du changement climatique et pour r\u00e9pondre aux nouveaux d\u00e9fis qui se posent \u00e0 lui, le HCR, l&rsquo;Agence des Nations Unies pour les r\u00e9fugi\u00e9s, restera fid\u00e8le \u00e0 son mandat humanitaire. Celui-ci consiste \u00e0 assurer la protection des personnes d\u00e9plac\u00e9es de force et des apatrides dans le monde et \u00e0 trouver des solutions \u00e0 leur situation, a d\u00e9clar\u00e9 vendredi le chef du HCR, Filippo Grandi.<\/h3>\n<hr \/>\n<p>Dans son discours de cl\u00f4ture de la r\u00e9union annuelle du Comit\u00e9 ex\u00e9cutif (ExCom) du HCR \u00e0 Gen\u00e8ve, Filippo Grandi a indiqu\u00e9 aux repr\u00e9sentants des gouvernements que le HCR continuerait \u00e0 r\u00e9pondre aux urgences telles que le conflit en cours au Liban &#8211; o\u00f9, au cours de la semaine de r\u00e9union, des milliers de personnes ont fui les frappes a\u00e9riennes &#8211; et aux autres crises qui perdurent telles que celles du Y\u00e9men, du Myanmar, du Sahel, de la R\u00e9publique d\u00e9mocratique du Congo ou de l&rsquo;Afghanistan.<\/p>\n<p>\u00ab Soyez assur\u00e9s qu&rsquo;\u00e0 chaque fois que vous serez confront\u00e9s \u00e0 des crises de d\u00e9placement forc\u00e9, \u00e0 chaque fois que vous aurez besoin de soutien et de conseils pour renforcer vos capacit\u00e9s d&rsquo;asile ou votre cadre juridique, ou \u00e0 chaque fois que vous accueillerez vos ressortissants de retour d&rsquo;exil, le HCR sera \u00e0 vos c\u00f4t\u00e9s \u00bb, a affirm\u00e9 le Haut Commissaire.<\/p>\n<p>Filippo Grandi a \u00e9galement soulign\u00e9 les changements d&rsquo;approche n\u00e9cessaires de la part des gouvernements, des agences des Nations Unies, des acteurs du d\u00e9veloppement et des autres partenaires afin de garantir un soutien ad\u00e9quat aux r\u00e9fugi\u00e9s, aux personnes d\u00e9plac\u00e9es, ainsi qu&rsquo;aux pays et communaut\u00e9s d&rsquo;accueil. Une aide efficace n\u00e9cessite l&rsquo;inclusion des r\u00e9fugi\u00e9s \u2013 ainsi qu&rsquo;un investissement accru \u2013 dans les secteurs de la sant\u00e9, de l&rsquo;\u00e9ducation et du travail dans les pays d&rsquo;accueil, a-t-il indiqu\u00e9.<\/p>\n<p>\u00ab Je tiens \u00e0 le dire tr\u00e8s clairement : le mod\u00e8le d&rsquo;aide que nous visons, fond\u00e9 sur l&rsquo;inclusion et l&rsquo;autosuffisance, ne peut absolument pas fonctionner sans un soutien financier continu de la part des donateurs \u00bb, a martel\u00e9 le Haut Commissaire. \u00ab Les pays d&rsquo;accueil ont insist\u00e9 \u00e0 plusieurs reprises sur ce point au cours de la semaine \u00e9coul\u00e9e \u00bb.<\/p>\n<h4><strong>Des avantages durables<\/strong><\/h4>\n<p>Ses commentaires faisaient suite \u00e0 des \u00e9changes avec des repr\u00e9sentants gouvernementaux et d&rsquo;autres partenaires en d\u00e9but de semaine, lors d&rsquo;un \u00e9v\u00e9nement parall\u00e8le consacr\u00e9 \u00e0 la notion de durabilit\u00e9 de l&rsquo;aide. Les participants \u00e0 cette r\u00e9union ont partag\u00e9 des exemples d&rsquo;approches existantes dans des pays d&rsquo;Afrique et d&rsquo;Am\u00e9rique latine, bas\u00e9es sur l&rsquo;inclusion, qui viennent en aide aux r\u00e9fugi\u00e9s et aux communaut\u00e9s locales \u00e0 court terme tout en offrant des avantages qui perdurent une fois que les r\u00e9fugi\u00e9s sont en mesure de retourner dans leur pays d&rsquo;origine.<\/p>\n<p>Lors de cette rencontre, Xavier Devictor, conseiller \u00e0 la Banque mondiale en charge du d\u00e9veloppement dans les contextes de d\u00e9placement forc\u00e9, a expliqu\u00e9 qu&rsquo;\u00e9tant donn\u00e9 que la dur\u00e9e moyenne pendant laquelle les r\u00e9fugi\u00e9s sont accueillis dans un pays tiers est de 13 ans, il est judicieux de mettre en place des interventions qui, \u00e0 la diff\u00e9rence de l&rsquo;aide humanitaire, peuvent \u00eatre maintenues dans le temps.<\/p>\n<div id=\"new-royalslider-1\" class=\"royalSlider new-royalslider-1 rsUni rsContentSlider\" style=\"width:100%;height:500px;;\" data-rs-options='{&quot;template&quot;:&quot;default&quot;,&quot;image_generation&quot;:{&quot;lazyLoading&quot;:&quot;true&quot;,&quot;imageWidth&quot;:&quot;&quot;,&quot;imageHeight&quot;:&quot;&quot;,&quot;thumbImageWidth&quot;:&quot;&quot;,&quot;thumbImageHeight&quot;:&quot;&quot;},&quot;thumbs&quot;:{&quot;thumbWidth&quot;:96,&quot;thumbHeight&quot;:72},&quot;video&quot;:[],&quot;width&quot;:&quot;100%&quot;,&quot;height&quot;:500,&quot;autoScaleSliderHeight&quot;:600,&quot;autoHeight&quot;:&quot;true&quot;,&quot;imageScaleMode&quot;:&quot;none&quot;,&quot;imageAlignCenter&quot;:&quot;false&quot;,&quot;globalCaptionInside&quot;:&quot;true&quot;,&quot;keyboardNavEnabled&quot;:&quot;true&quot;,&quot;fadeinLoadedSlide&quot;:&quot;false&quot;}'>\n<div class=\"rsSlideRoot\">\n  <a class=\"rsImg\" href=\"https:\/\/www.unhcr.ca\/wp-content\/uploads\/2024\/10\/RF1389333.jpg\">RF1389333<\/a>\n  \n   \n  \n  <div class=\"rsSlideCaption\">Le ministre soudanais de l'Int\u00e9rieur, Khalil Basha Sayrin Amurgail (au premier plan \u00e0 gauche), participe \u00e0 un \u00e9v\u00e9nement parall\u00e8le sur la crise r\u00e9gionale des r\u00e9fugi\u00e9s soudanais. \u00a9 HCR\/Baz Ratner<\/div>\n<\/div>\n\n<div class=\"rsSlideRoot\">\n  <a class=\"rsImg\" href=\"https:\/\/www.unhcr.ca\/wp-content\/uploads\/2024\/10\/RF1388792.jpg\">RF1388792<\/a>\n  \n   \n  \n  <div class=\"rsSlideCaption\">Des repr\u00e9sentants gouvernementaux et d'autres participants assistent \u00e0 une r\u00e9union parall\u00e8le sur la situation au Liban. \u00a9 HCR\/Baz Ratner<\/div>\n<\/div>\n\n<div class=\"rsSlideRoot\">\n  <a class=\"rsImg\" href=\"https:\/\/www.unhcr.ca\/wp-content\/uploads\/2024\/10\/RF1390537.jpg\">RF1390537<\/a>\n  \n   \n  \n  <div class=\"rsSlideCaption\">Xavier Devictor, conseiller \u00e0 la Banque mondiale, s'exprime lors d'un \u00e9v\u00e9nement parall\u00e8le du Comit\u00e9 ex\u00e9cutif sur la durabilit\u00e9 de l'aide. \u00a9 HCR\/Baz Ratner<\/div>\n<\/div>\n\n\n<\/div>\n\n<p>&nbsp;<\/p>\n<div class=\"mb-0 _none vlb-section\">\n<div class=\"no-container\">\n<div class=\"vlb-section-header row layout layout-builder__layout\">\n<div class=\"col-lg-6 col-md-8 col-sm-12 col-12 order-md-0\">\n<div class=\"_none block block-layout-builder block-inline-blockvarbase-rich-text-block\">\n<div class=\"content\">\n<div class=\"clearfix text-formatted field field--name-body field--type-text-with-summary field--label-hidden field__item\">\n<p>Dans son discours de cl\u00f4ture, Filippo Grandi a \u00e9galement fait r\u00e9f\u00e9rence aux discussions sur une nouvelle approche \u00ab bas\u00e9e sur les itin\u00e9raires emprunt\u00e9s \u00bb pour mieux g\u00e9rer les mouvements mixtes de r\u00e9fugi\u00e9s et de migrants dans de nombreuses r\u00e9gions du monde. Cette question a fait l&rsquo;objet d&rsquo;un autre \u00e9v\u00e9nement parall\u00e8le le jeudi. Les participants se sont entendu dire que ces mouvements mixtes exposent de plus en plus les personnes en d\u00e9placement \u00e0 de graves dangers et exercent une pression accrue sur les syst\u00e8mes d&rsquo;asile dans les pays de destination.<\/p>\n<p>Diverses initiatives bas\u00e9es sur les itin\u00e9raires emprunt\u00e9s ont \u00e9t\u00e9 examin\u00e9es par les \u00c9tats, le HCR et l&rsquo;Organisation internationale pour les migrations (OIM) afin de mieux soutenir les personnes en d\u00e9placement et de r\u00e9duire le nombre de ces p\u00e9riples dangereux. Il s&rsquo;agit notamment de soutenir les capacit\u00e9s d&rsquo;asile des \u00c9tats, de fournir davantage de services de protection l\u00e0 o\u00f9 ils sont le plus n\u00e9cessaires et de trouver d&rsquo;autres solutions le long de ces itin\u00e9raires, notamment par l&#8217;emploi, la r\u00e9installation des r\u00e9fugi\u00e9s ou le retour volontaire pour ceux qui n&rsquo;ont pas besoin d&rsquo;une protection internationale.<\/p>\n<p>De nombreux \u00c9tats ont fait part de leur soutien \u00e0 ces initiatives, tout en soulignant que la mise en \u0153uvre de solutions, l&rsquo;am\u00e9lioration de la collecte de donn\u00e9es et leur suivi n\u00e9cessiteront un soutien financier plus important.<\/p>\n<h4><strong>Sous-financement chronique<\/strong><\/h4>\n<p>Le mardi, un \u00e9v\u00e9nement parall\u00e8le a \u00e9t\u00e9 organis\u00e9 sur le th\u00e8me du conflit au Soudan, o\u00f9 plus de 11,3 millions de personnes ont \u00e9t\u00e9 d\u00e9plac\u00e9es de force au cours des 18 derniers mois, dont pr\u00e8s de 3 millions de r\u00e9fugi\u00e9s qui ont d\u00fb fuir vers d&rsquo;autres pays de la r\u00e9gion. Les participants ont appris que le Tchad, qui accueille le plus grand nombre de r\u00e9fugi\u00e9s soudanais, avait re\u00e7u plus de 25 000 nouveaux arrivants au cours de la premi\u00e8re semaine d&rsquo;octobre, soit plus qu&rsquo;au cours de tout le mois de septembre.<\/p>\n<p>Dans un contexte de sous-financement chronique des interventions en faveur des r\u00e9fugi\u00e9s soudanais &#8211; actuellement moins d&rsquo;un tiers des besoins totaux pour 2024 &#8211; les participants ont soulign\u00e9 la n\u00e9cessit\u00e9 d&rsquo;augmenter le financement des activit\u00e9s de d\u00e9veloppement et d&rsquo;autres investissements \u00e0 long terme au Tchad et dans les autres pays d&rsquo;accueil, conform\u00e9ment au mod\u00e8le de durabilit\u00e9 de l&rsquo;aide.<\/p>\n<p>Amid chronic underfunding of the refugee response for Sudan \u2013 currently amounting to less than a third of total needs for 2024 \u2013 participants underscored the need to increase development funding and other long-term investments in Chad and other host countries in line with the sustainable aid model.<\/p>\n<\/div>\n<\/div>\n<\/div>\n<\/div>\n<\/div>\n<\/div>\n<\/div>\n<div class=\"_none block block-layout-builder block-inline-blockvarbase-rich-text-block\">\n<div class=\"content\">\n<div class=\"clearfix text-formatted field field--name-body field--type-text-with-summary field--label-hidden field__item\">\n<p>Cette ann\u00e9e, la r\u00e9union du Comit\u00e9 ex\u00e9cutif a \u00e9galement \u00e9t\u00e9 marqu\u00e9e par le\u00a0<a href=\"https:\/\/www.unhcr.org\/fr\/actualites\/communiques-de-presse\/hcr-une-nouvelle-alliance-mondiale-est-lancee-pour-releguer-le\" data-entity-substitution=\"canonical\" data-entity-type=\"node\" data-entity-uuid=\"d8fbdcde-544d-4926-a721-7634b8a1fa38\">lancement officiel d&rsquo;une nouvelle Alliance mondiale pour mettre fin \u00e0 l&rsquo;apatridie<\/a>, s&rsquo;appuyant sur le succ\u00e8s de la campagne #IBelong du HCR, qui a dur\u00e9 dix ans et au cours de laquelle plus d&rsquo;un demi-million de personnes ont pu se voir octroyer une nationalit\u00e9. Filippo Grandi a annonc\u00e9 vendredi qu&rsquo;une douzaine de membres suppl\u00e9mentaires avaient rejoint l&rsquo;Alliance durant l&rsquo;ExCom, et que d&rsquo;autres avaient annonc\u00e9 leur intention d&rsquo;y adh\u00e9rer.<\/p>\n<h4><strong>Vid\u00e9o : IBelong \u2013 a 10-year campaign that helped half a million people around the world acquire citizenship.<\/strong><\/h4>\n<p style=\"text-align: center;\"><iframe title=\"YouTube video player\" src=\"https:\/\/www.youtube.com\/embed\/a-Pt46mdXus?si=q2a-xQxioFO_OMLN\" width=\"560\" height=\"315\" frameborder=\"0\" allowfullscreen=\"allowfullscreen\" data-mce-fragment=\"1\"><\/iframe><\/p>\n<p>Apr\u00e8s avoir r\u00e9it\u00e9r\u00e9 son appel pour l&rsquo;instauration de r\u00e9els cessez-le-feu au Moyen-Orient et dans d&rsquo;autres zones de conflit, le Haut Commissaire a conclu en citant l&rsquo;ancienne r\u00e9fugi\u00e9e syrienne Jin Davod, l&rsquo;une des\u00a0<a href=\"https:\/\/www.unhcr.org\/fr\/actualites\/articles-et-reportages\/une-ancienne-refugiee-syrienne-apporte-soins-et-reconfort-aux\" data-entity-substitution=\"canonical\" data-entity-type=\"node\" data-entity-uuid=\"1c2eedb9-1616-4e23-a503-1ff54acc5b45\">laur\u00e9ates r\u00e9gionales de la distinction Nansen pour les r\u00e9fugi\u00e9s du HCR honor\u00e9e lundi<\/a>, qui a d\u00e9clar\u00e9 dans son discours de remerciement :\u00a0<i>\u00ab\u00a0Personne ne choisit d&rsquo;\u00eatre un r\u00e9fugi\u00e9, mais on peut choisir de leur venir en aide\u00a0\u00bb.<\/i><\/p>\n<p>\u00ab Nous devons en effet continuer \u00e0 non seulement venir en aide aux r\u00e9fugi\u00e9s, mais aussi \u00e0 les \u00e9couter et \u00e0 leur donner les moyens d&rsquo;agir pour qu&rsquo;ils puissent cesser d&rsquo;\u00eatre des r\u00e9fugi\u00e9s. Merci de faire ce choix avec nous \u00bb, a conclu Filippo Grandi.<\/p>\n<p>Publie par le <a href=\"https:\/\/www.unhcr.org\/fr\/actualites\/articles-et-reportages\/filippo-grandi-le-hcr-restera-fidele-son-mandat-tout-en-apportant\">HCR<\/a>, le 23 octobre 2024.<\/p>\n<\/div>\n<\/div>\n<\/div>\n","protected":false},"excerpt":{"rendered":"<p>Le Haut Commissaire des Nations Unies pour les r\u00e9fugi\u00e9s a cl\u00f4tur\u00e9 la r\u00e9union du Comit\u00e9 ex\u00e9cutif \u00e0 Gen\u00e8ve en lan\u00e7ant un appel pour l&rsquo;adoption de nouvelles approches et l&rsquo;octroi de nouveaux financements afin de garantir un soutien durable aux r\u00e9fugi\u00e9s.<\/p>\n","protected":false},"author":67,"featured_media":80536,"comment_status":"closed","ping_status":"closed","sticky":false,"template":"","format":"standard","meta":{"_acf_changed":false,"_et_pb_use_builder":"","_et_pb_old_content":"","_et_gb_content_width":"","inline_featured_image":false,"footnotes":"","beyondwords_generate_audio":"1","beyondwords_integration_method":"","beyondwords_project_id":"","beyondwords_content_id":"","beyondwords_preview_token":"","beyondwords_player_content":"","beyondwords_player_style":"","beyondwords_language_code":"","beyondwords_language_id":"","beyondwords_title_voice_id":"","beyondwords_body_voice_id":"","beyondwords_summary_voice_id":"","beyondwords_error_message":"#401: Unauthorized","beyondwords_disabled":"","beyondwords_delete_content":"","beyondwords_podcast_id":"","beyondwords_hash":"","publish_post_to_speechkit":"","speechkit_hash":"","speechkit_generate_audio":"","speechkit_project_id":"","speechkit_podcast_id":"","speechkit_error_message":"","speechkit_disabled":"","speechkit_access_key":"","speechkit_error":"","speechkit_info":"","speechkit_response":"","speechkit_retries":"","speechkit_status":"","speechkit_updated_at":"","_speechkit_link":"","_speechkit_text":""},"categories":[495,48],"tags":[1025,3644,57,3652,3619,3620,570,774,608],"class_list":["post-80567","post","type-post","status-publish","format-standard","has-post-thumbnail","hentry","category-feature-story-fr","category-bulletin","tag-agence-des-nations-unies-pour-les-refugies","tag-alliance-mondiale-pour-mettre-fin-a-lapatridie","tag-apatridie","tag-banque-du-monde","tag-comite-executif-du-programme-du-haut-commissaire","tag-excom-fr","tag-filippo-grandi-fr","tag-le-haut-commissaire-des-nations-unies-pour-les-refugies","tag-soudan"],"acf":[],"yoast_head":"<!-- This site is optimized with the Yoast SEO Premium plugin v27.5 (Yoast SEO v27.5) - https:\/\/yoast.com\/product\/yoast-seo-premium-wordpress\/ -->\n<title>Filippo Grandi : \u00ab le HCR restera fid\u00e8le \u00e0 son mandat tout en apportant des solutions novatrices \u00bb - HCR Canada<\/title>\n<meta name=\"description\" content=\"Le Haut Commissaire des Nations Unies pour les r\u00e9fugi\u00e9s a cl\u00f4tur\u00e9 la r\u00e9union du Comit\u00e9 ex\u00e9cutif \u00e0 Gen\u00e8ve en lan\u00e7ant un appel pour l&#039;adoption de nouvelles approches et l&#039;octroi de nouveaux financements afin de garantir un soutien durable aux r\u00e9fugi\u00e9s.\" \/>\n<meta name=\"robots\" content=\"index, follow, max-snippet:-1, max-image-preview:large, max-video-preview:-1\" \/>\n<link rel=\"canonical\" href=\"https:\/\/www.unhcr.org\/fr\/actualites\/articles-et-reportages\/filippo-grandi-le-hcr-restera-fidele-son-mandat-tout-en-apportant\" \/>\n<meta property=\"og:locale\" content=\"fr_FR\" \/>\n<meta property=\"og:type\" content=\"article\" \/>\n<meta property=\"og:title\" content=\"Filippo Grandi : \u00ab le HCR restera fid\u00e8le \u00e0 son mandat tout en apportant des solutions novatrices \u00bb\" \/>\n<meta property=\"og:description\" content=\"Le Haut Commissaire des Nations Unies pour les r\u00e9fugi\u00e9s a cl\u00f4tur\u00e9 la r\u00e9union du Comit\u00e9 ex\u00e9cutif \u00e0 Gen\u00e8ve en lan\u00e7ant un appel pour l&#039;adoption de nouvelles approches et l&#039;octroi de nouveaux financements afin de garantir un soutien durable aux r\u00e9fugi\u00e9s.\" \/>\n<meta property=\"og:url\" content=\"https:\/\/www.unhcr.org\/fr\/actualites\/articles-et-reportages\/filippo-grandi-le-hcr-restera-fidele-son-mandat-tout-en-apportant\" \/>\n<meta property=\"og:site_name\" content=\"HCR Canada\" \/>\n<meta property=\"article:publisher\" content=\"https:\/\/www.facebook.com\/UNHCRCanada\" \/>\n<meta property=\"article:published_time\" content=\"2024-10-23T15:52:14+00:00\" \/>\n<meta property=\"og:image\" content=\"https:\/\/www.unhcr.ca\/wp-content\/uploads\/2024\/10\/RF1391705.jpg\" \/>\n\t<meta property=\"og:image:width\" content=\"1200\" \/>\n\t<meta property=\"og:image:height\" content=\"800\" \/>\n\t<meta property=\"og:image:type\" content=\"image\/jpeg\" \/>\n<meta name=\"author\" content=\"Soo-Jung Kim\" \/>\n<meta name=\"twitter:card\" content=\"summary_large_image\" \/>\n<meta name=\"twitter:creator\" content=\"@UNHCRCanada\" \/>\n<meta name=\"twitter:site\" content=\"@UNHCRCanada\" \/>\n<meta name=\"twitter:label1\" content=\"\u00c9crit par\" \/>\n\t<meta name=\"twitter:data1\" content=\"Soo-Jung Kim\" \/>\n\t<meta name=\"twitter:label2\" content=\"Dur\u00e9e de lecture estim\u00e9e\" \/>\n\t<meta name=\"twitter:data2\" content=\"6 minutes\" \/>\n<script type=\"application\/ld+json\" class=\"yoast-schema-graph\">{\"@context\":\"https:\\\/\\\/schema.org\",\"@graph\":[{\"@type\":\"Article\",\"@id\":\"https:\\\/\\\/www.unhcr.org\\\/fr\\\/actualites\\\/articles-et-reportages\\\/filippo-grandi-le-hcr-restera-fidele-son-mandat-tout-en-apportant#article\",\"isPartOf\":{\"@id\":\"https:\\\/\\\/www.unhcr.ca\\\/fr\\\/news\\\/filippo-grandi-le-hcr-restera-fidele-a-son-mandat-tout-en-apportant-des-solutions-novatrices\\\/\"},\"author\":{\"name\":\"Soo-Jung Kim\",\"@id\":\"https:\\\/\\\/www.unhcr.ca\\\/#\\\/schema\\\/person\\\/4810788f82f3227a88e02ec56c18c30f\"},\"headline\":\"Filippo Grandi : \u00ab le HCR restera fid\u00e8le \u00e0 son mandat tout en apportant des solutions novatrices \u00bb\",\"datePublished\":\"2024-10-23T15:52:14+00:00\",\"mainEntityOfPage\":{\"@id\":\"https:\\\/\\\/www.unhcr.ca\\\/fr\\\/news\\\/filippo-grandi-le-hcr-restera-fidele-a-son-mandat-tout-en-apportant-des-solutions-novatrices\\\/\"},\"wordCount\":1410,\"image\":{\"@id\":\"https:\\\/\\\/www.unhcr.org\\\/fr\\\/actualites\\\/articles-et-reportages\\\/filippo-grandi-le-hcr-restera-fidele-son-mandat-tout-en-apportant#primaryimage\"},\"thumbnailUrl\":\"https:\\\/\\\/www.unhcr.ca\\\/wp-content\\\/uploads\\\/2024\\\/10\\\/RF1391705.jpg\",\"keywords\":[\"Agence des Nations Unies pour les r\u00e9fugi\u00e9s\",\"alliance mondiale pour mettre fin \u00e0 l'apatridie\",\"Apatridie\",\"banque du monde\",\"Comit\u00e9 ex\u00e9cutif du Programme du Haut Commissaire\",\"excom\",\"Filippo Grandi\",\"Le Haut Commissaire des Nations Unies pour les r\u00e9fugi\u00e9s\",\"soudan\"],\"articleSection\":[\"\u00c0 la Une\",\"Bulletin\"],\"inLanguage\":\"fr-FR\"},{\"@type\":\"WebPage\",\"@id\":\"https:\\\/\\\/www.unhcr.ca\\\/fr\\\/news\\\/filippo-grandi-le-hcr-restera-fidele-a-son-mandat-tout-en-apportant-des-solutions-novatrices\\\/\",\"url\":\"https:\\\/\\\/www.unhcr.org\\\/fr\\\/actualites\\\/articles-et-reportages\\\/filippo-grandi-le-hcr-restera-fidele-son-mandat-tout-en-apportant\",\"name\":\"Filippo Grandi : \u00ab le HCR restera fid\u00e8le \u00e0 son mandat tout en apportant des solutions novatrices \u00bb - HCR Canada\",\"isPartOf\":{\"@id\":\"https:\\\/\\\/www.unhcr.ca\\\/#website\"},\"primaryImageOfPage\":{\"@id\":\"https:\\\/\\\/www.unhcr.org\\\/fr\\\/actualites\\\/articles-et-reportages\\\/filippo-grandi-le-hcr-restera-fidele-son-mandat-tout-en-apportant#primaryimage\"},\"image\":{\"@id\":\"https:\\\/\\\/www.unhcr.org\\\/fr\\\/actualites\\\/articles-et-reportages\\\/filippo-grandi-le-hcr-restera-fidele-son-mandat-tout-en-apportant#primaryimage\"},\"thumbnailUrl\":\"https:\\\/\\\/www.unhcr.ca\\\/wp-content\\\/uploads\\\/2024\\\/10\\\/RF1391705.jpg\",\"datePublished\":\"2024-10-23T15:52:14+00:00\",\"author\":{\"@id\":\"https:\\\/\\\/www.unhcr.ca\\\/#\\\/schema\\\/person\\\/4810788f82f3227a88e02ec56c18c30f\"},\"description\":\"Le Haut Commissaire des Nations Unies pour les r\u00e9fugi\u00e9s a cl\u00f4tur\u00e9 la r\u00e9union du Comit\u00e9 ex\u00e9cutif \u00e0 Gen\u00e8ve en lan\u00e7ant un appel pour l'adoption de nouvelles approches et l'octroi de nouveaux financements afin de garantir un soutien durable aux r\u00e9fugi\u00e9s.\",\"breadcrumb\":{\"@id\":\"https:\\\/\\\/www.unhcr.org\\\/fr\\\/actualites\\\/articles-et-reportages\\\/filippo-grandi-le-hcr-restera-fidele-son-mandat-tout-en-apportant#breadcrumb\"},\"inLanguage\":\"fr-FR\",\"potentialAction\":[{\"@type\":\"ReadAction\",\"target\":[\"https:\\\/\\\/www.unhcr.org\\\/fr\\\/actualites\\\/articles-et-reportages\\\/filippo-grandi-le-hcr-restera-fidele-son-mandat-tout-en-apportant\"]}]},{\"@type\":\"ImageObject\",\"inLanguage\":\"fr-FR\",\"@id\":\"https:\\\/\\\/www.unhcr.org\\\/fr\\\/actualites\\\/articles-et-reportages\\\/filippo-grandi-le-hcr-restera-fidele-son-mandat-tout-en-apportant#primaryimage\",\"url\":\"https:\\\/\\\/www.unhcr.ca\\\/wp-content\\\/uploads\\\/2024\\\/10\\\/RF1391705.jpg\",\"contentUrl\":\"https:\\\/\\\/www.unhcr.ca\\\/wp-content\\\/uploads\\\/2024\\\/10\\\/RF1391705.jpg\",\"width\":1200,\"height\":800,\"caption\":\"Le Haut Commissaire des Nations Unies pour les r\u00e9fugi\u00e9s, Filippo Grandi, prononce son discours de cl\u00f4ture lors de la r\u00e9union annuelle du Comit\u00e9 ex\u00e9cutif du HCR \u00e0 Gen\u00e8ve. \u00a9 HCR\\\/Baz Ratner\"},{\"@type\":\"BreadcrumbList\",\"@id\":\"https:\\\/\\\/www.unhcr.org\\\/fr\\\/actualites\\\/articles-et-reportages\\\/filippo-grandi-le-hcr-restera-fidele-son-mandat-tout-en-apportant#breadcrumb\",\"itemListElement\":[{\"@type\":\"ListItem\",\"position\":1,\"name\":\"Home\",\"item\":\"https:\\\/\\\/www.unhcr.ca\\\/fr\\\/homepage2020\\\/\"},{\"@type\":\"ListItem\",\"position\":2,\"name\":\"Filippo Grandi : \u00ab le HCR restera fid\u00e8le \u00e0 son mandat tout en apportant des solutions novatrices \u00bb\"}]},{\"@type\":\"WebSite\",\"@id\":\"https:\\\/\\\/www.unhcr.ca\\\/#website\",\"url\":\"https:\\\/\\\/www.unhcr.ca\\\/\",\"name\":\"HCR Canada\",\"description\":\"L\u2019Agence des Nations Unies pour les r\u00e9fugi\u00e9s\",\"potentialAction\":[{\"@type\":\"SearchAction\",\"target\":{\"@type\":\"EntryPoint\",\"urlTemplate\":\"https:\\\/\\\/www.unhcr.ca\\\/?s={search_term_string}\"},\"query-input\":{\"@type\":\"PropertyValueSpecification\",\"valueRequired\":true,\"valueName\":\"search_term_string\"}}],\"inLanguage\":\"fr-FR\"},{\"@type\":\"Person\",\"@id\":\"https:\\\/\\\/www.unhcr.ca\\\/#\\\/schema\\\/person\\\/4810788f82f3227a88e02ec56c18c30f\",\"name\":\"Soo-Jung Kim\",\"image\":{\"@type\":\"ImageObject\",\"inLanguage\":\"fr-FR\",\"@id\":\"https:\\\/\\\/secure.gravatar.com\\\/avatar\\\/042f81bdf02cdc112bd7d349462fa151e16b38b6d00f720d84dbb2319df8e7d4?s=96&d=mm&r=g\",\"url\":\"https:\\\/\\\/secure.gravatar.com\\\/avatar\\\/042f81bdf02cdc112bd7d349462fa151e16b38b6d00f720d84dbb2319df8e7d4?s=96&d=mm&r=g\",\"contentUrl\":\"https:\\\/\\\/secure.gravatar.com\\\/avatar\\\/042f81bdf02cdc112bd7d349462fa151e16b38b6d00f720d84dbb2319df8e7d4?s=96&d=mm&r=g\",\"caption\":\"Soo-Jung Kim\"},\"url\":\"https:\\\/\\\/www.unhcr.ca\\\/fr\\\/news\\\/author\\\/kimsunhcr-org\\\/\"}]}<\/script>\n<!-- \/ Yoast SEO Premium plugin. -->","yoast_head_json":{"title":"Filippo Grandi : \u00ab le HCR restera fid\u00e8le \u00e0 son mandat tout en apportant des solutions novatrices \u00bb - HCR Canada","description":"Le Haut Commissaire des Nations Unies pour les r\u00e9fugi\u00e9s a cl\u00f4tur\u00e9 la r\u00e9union du Comit\u00e9 ex\u00e9cutif \u00e0 Gen\u00e8ve en lan\u00e7ant un appel pour l'adoption de nouvelles approches et l'octroi de nouveaux financements afin de garantir un soutien durable aux r\u00e9fugi\u00e9s.","robots":{"index":"index","follow":"follow","max-snippet":"max-snippet:-1","max-image-preview":"max-image-preview:large","max-video-preview":"max-video-preview:-1"},"canonical":"https:\/\/www.unhcr.org\/fr\/actualites\/articles-et-reportages\/filippo-grandi-le-hcr-restera-fidele-son-mandat-tout-en-apportant","og_locale":"fr_FR","og_type":"article","og_title":"Filippo Grandi : \u00ab le HCR restera fid\u00e8le \u00e0 son mandat tout en apportant des solutions novatrices \u00bb","og_description":"Le Haut Commissaire des Nations Unies pour les r\u00e9fugi\u00e9s a cl\u00f4tur\u00e9 la r\u00e9union du Comit\u00e9 ex\u00e9cutif \u00e0 Gen\u00e8ve en lan\u00e7ant un appel pour l'adoption de nouvelles approches et l'octroi de nouveaux financements afin de garantir un soutien durable aux r\u00e9fugi\u00e9s.","og_url":"https:\/\/www.unhcr.org\/fr\/actualites\/articles-et-reportages\/filippo-grandi-le-hcr-restera-fidele-son-mandat-tout-en-apportant","og_site_name":"HCR Canada","article_publisher":"https:\/\/www.facebook.com\/UNHCRCanada","article_published_time":"2024-10-23T15:52:14+00:00","og_image":[{"width":1200,"height":800,"url":"https:\/\/www.unhcr.ca\/wp-content\/uploads\/2024\/10\/RF1391705.jpg","type":"image\/jpeg"}],"author":"Soo-Jung Kim","twitter_card":"summary_large_image","twitter_creator":"@UNHCRCanada","twitter_site":"@UNHCRCanada","twitter_misc":{"\u00c9crit par":"Soo-Jung Kim","Dur\u00e9e de lecture estim\u00e9e":"6 minutes"},"schema":{"@context":"https:\/\/schema.org","@graph":[{"@type":"Article","@id":"https:\/\/www.unhcr.org\/fr\/actualites\/articles-et-reportages\/filippo-grandi-le-hcr-restera-fidele-son-mandat-tout-en-apportant#article","isPartOf":{"@id":"https:\/\/www.unhcr.ca\/fr\/news\/filippo-grandi-le-hcr-restera-fidele-a-son-mandat-tout-en-apportant-des-solutions-novatrices\/"},"author":{"name":"Soo-Jung Kim","@id":"https:\/\/www.unhcr.ca\/#\/schema\/person\/4810788f82f3227a88e02ec56c18c30f"},"headline":"Filippo Grandi : \u00ab le HCR restera fid\u00e8le \u00e0 son mandat tout en apportant des solutions novatrices \u00bb","datePublished":"2024-10-23T15:52:14+00:00","mainEntityOfPage":{"@id":"https:\/\/www.unhcr.ca\/fr\/news\/filippo-grandi-le-hcr-restera-fidele-a-son-mandat-tout-en-apportant-des-solutions-novatrices\/"},"wordCount":1410,"image":{"@id":"https:\/\/www.unhcr.org\/fr\/actualites\/articles-et-reportages\/filippo-grandi-le-hcr-restera-fidele-son-mandat-tout-en-apportant#primaryimage"},"thumbnailUrl":"https:\/\/www.unhcr.ca\/wp-content\/uploads\/2024\/10\/RF1391705.jpg","keywords":["Agence des Nations Unies pour les r\u00e9fugi\u00e9s","alliance mondiale pour mettre fin \u00e0 l'apatridie","Apatridie","banque du monde","Comit\u00e9 ex\u00e9cutif du Programme du Haut Commissaire","excom","Filippo Grandi","Le Haut Commissaire des Nations Unies pour les r\u00e9fugi\u00e9s","soudan"],"articleSection":["\u00c0 la Une","Bulletin"],"inLanguage":"fr-FR"},{"@type":"WebPage","@id":"https:\/\/www.unhcr.ca\/fr\/news\/filippo-grandi-le-hcr-restera-fidele-a-son-mandat-tout-en-apportant-des-solutions-novatrices\/","url":"https:\/\/www.unhcr.org\/fr\/actualites\/articles-et-reportages\/filippo-grandi-le-hcr-restera-fidele-son-mandat-tout-en-apportant","name":"Filippo Grandi : \u00ab le HCR restera fid\u00e8le \u00e0 son mandat tout en apportant des solutions novatrices \u00bb - HCR Canada","isPartOf":{"@id":"https:\/\/www.unhcr.ca\/#website"},"primaryImageOfPage":{"@id":"https:\/\/www.unhcr.org\/fr\/actualites\/articles-et-reportages\/filippo-grandi-le-hcr-restera-fidele-son-mandat-tout-en-apportant#primaryimage"},"image":{"@id":"https:\/\/www.unhcr.org\/fr\/actualites\/articles-et-reportages\/filippo-grandi-le-hcr-restera-fidele-son-mandat-tout-en-apportant#primaryimage"},"thumbnailUrl":"https:\/\/www.unhcr.ca\/wp-content\/uploads\/2024\/10\/RF1391705.jpg","datePublished":"2024-10-23T15:52:14+00:00","author":{"@id":"https:\/\/www.unhcr.ca\/#\/schema\/person\/4810788f82f3227a88e02ec56c18c30f"},"description":"Le Haut Commissaire des Nations Unies pour les r\u00e9fugi\u00e9s a cl\u00f4tur\u00e9 la r\u00e9union du Comit\u00e9 ex\u00e9cutif \u00e0 Gen\u00e8ve en lan\u00e7ant un appel pour l'adoption de nouvelles approches et l'octroi de nouveaux financements afin de garantir un soutien durable aux r\u00e9fugi\u00e9s.","breadcrumb":{"@id":"https:\/\/www.unhcr.org\/fr\/actualites\/articles-et-reportages\/filippo-grandi-le-hcr-restera-fidele-son-mandat-tout-en-apportant#breadcrumb"},"inLanguage":"fr-FR","potentialAction":[{"@type":"ReadAction","target":["https:\/\/www.unhcr.org\/fr\/actualites\/articles-et-reportages\/filippo-grandi-le-hcr-restera-fidele-son-mandat-tout-en-apportant"]}]},{"@type":"ImageObject","inLanguage":"fr-FR","@id":"https:\/\/www.unhcr.org\/fr\/actualites\/articles-et-reportages\/filippo-grandi-le-hcr-restera-fidele-son-mandat-tout-en-apportant#primaryimage","url":"https:\/\/www.unhcr.ca\/wp-content\/uploads\/2024\/10\/RF1391705.jpg","contentUrl":"https:\/\/www.unhcr.ca\/wp-content\/uploads\/2024\/10\/RF1391705.jpg","width":1200,"height":800,"caption":"Le Haut Commissaire des Nations Unies pour les r\u00e9fugi\u00e9s, Filippo Grandi, prononce son discours de cl\u00f4ture lors de la r\u00e9union annuelle du Comit\u00e9 ex\u00e9cutif du HCR \u00e0 Gen\u00e8ve. \u00a9 HCR\/Baz Ratner"},{"@type":"BreadcrumbList","@id":"https:\/\/www.unhcr.org\/fr\/actualites\/articles-et-reportages\/filippo-grandi-le-hcr-restera-fidele-son-mandat-tout-en-apportant#breadcrumb","itemListElement":[{"@type":"ListItem","position":1,"name":"Home","item":"https:\/\/www.unhcr.ca\/fr\/homepage2020\/"},{"@type":"ListItem","position":2,"name":"Filippo Grandi : \u00ab le HCR restera fid\u00e8le \u00e0 son mandat tout en apportant des solutions novatrices \u00bb"}]},{"@type":"WebSite","@id":"https:\/\/www.unhcr.ca\/#website","url":"https:\/\/www.unhcr.ca\/","name":"HCR Canada","description":"L\u2019Agence des Nations Unies pour les r\u00e9fugi\u00e9s","potentialAction":[{"@type":"SearchAction","target":{"@type":"EntryPoint","urlTemplate":"https:\/\/www.unhcr.ca\/?s={search_term_string}"},"query-input":{"@type":"PropertyValueSpecification","valueRequired":true,"valueName":"search_term_string"}}],"inLanguage":"fr-FR"},{"@type":"Person","@id":"https:\/\/www.unhcr.ca\/#\/schema\/person\/4810788f82f3227a88e02ec56c18c30f","name":"Soo-Jung Kim","image":{"@type":"ImageObject","inLanguage":"fr-FR","@id":"https:\/\/secure.gravatar.com\/avatar\/042f81bdf02cdc112bd7d349462fa151e16b38b6d00f720d84dbb2319df8e7d4?s=96&d=mm&r=g","url":"https:\/\/secure.gravatar.com\/avatar\/042f81bdf02cdc112bd7d349462fa151e16b38b6d00f720d84dbb2319df8e7d4?s=96&d=mm&r=g","contentUrl":"https:\/\/secure.gravatar.com\/avatar\/042f81bdf02cdc112bd7d349462fa151e16b38b6d00f720d84dbb2319df8e7d4?s=96&d=mm&r=g","caption":"Soo-Jung Kim"},"url":"https:\/\/www.unhcr.ca\/fr\/news\/author\/kimsunhcr-org\/"}]}},"_links":{"self":[{"href":"https:\/\/www.unhcr.ca\/fr\/wp-json\/wp\/v2\/posts\/80567","targetHints":{"allow":["GET"]}}],"collection":[{"href":"https:\/\/www.unhcr.ca\/fr\/wp-json\/wp\/v2\/posts"}],"about":[{"href":"https:\/\/www.unhcr.ca\/fr\/wp-json\/wp\/v2\/types\/post"}],"author":[{"embeddable":true,"href":"https:\/\/www.unhcr.ca\/fr\/wp-json\/wp\/v2\/users\/67"}],"replies":[{"embeddable":true,"href":"https:\/\/www.unhcr.ca\/fr\/wp-json\/wp\/v2\/comments?post=80567"}],"version-history":[{"count":0,"href":"https:\/\/www.unhcr.ca\/fr\/wp-json\/wp\/v2\/posts\/80567\/revisions"}],"wp:featuredmedia":[{"embeddable":true,"href":"https:\/\/www.unhcr.ca\/fr\/wp-json\/wp\/v2\/media\/80536"}],"wp:attachment":[{"href":"https:\/\/www.unhcr.ca\/fr\/wp-json\/wp\/v2\/media?parent=80567"}],"wp:term":[{"taxonomy":"category","embeddable":true,"href":"https:\/\/www.unhcr.ca\/fr\/wp-json\/wp\/v2\/categories?post=80567"},{"taxonomy":"post_tag","embeddable":true,"href":"https:\/\/www.unhcr.ca\/fr\/wp-json\/wp\/v2\/tags?post=80567"}],"curies":[{"name":"wp","href":"https:\/\/api.w.org\/{rel}","templated":true}]}}