{"id":77239,"date":"2023-11-21T13:28:53","date_gmt":"2023-11-21T18:28:53","guid":{"rendered":"https:\/\/www.unhcr.ca\/?p=77239"},"modified":"2024-01-02T13:36:20","modified_gmt":"2024-01-02T18:36:20","slug":"le-forum-mondial-sur-les-refugies-2023","status":"publish","type":"post","link":"https:\/\/www.unhcr.ca\/fr\/news\/le-forum-mondial-sur-les-refugies-2023\/","title":{"rendered":"Le Forum mondial sur les r\u00e9fugi\u00e9s 2023"},"content":{"rendered":"<div id=\"attachment_77226\" style=\"width: 1210px\" class=\"wp-caption aligncenter\"><img decoding=\"async\" aria-describedby=\"caption-attachment-77226\" class=\"wp-image-77226 size-full\" src=\"https:\/\/www.unhcr.ca\/wp-content\/uploads\/2024\/01\/RF1279165.jpg\" alt=\"\" width=\"1200\" height=\"801\" srcset=\"https:\/\/www.unhcr.ca\/wp-content\/uploads\/2024\/01\/RF1279165.jpg 1200w, https:\/\/www.unhcr.ca\/wp-content\/uploads\/2024\/01\/RF1279165-980x654.jpg 980w, https:\/\/www.unhcr.ca\/wp-content\/uploads\/2024\/01\/RF1279165-480x320.jpg 480w\" sizes=\"(min-width: 0px) and (max-width: 480px) 480px, (min-width: 481px) and (max-width: 980px) 980px, (min-width: 981px) 1200px, 100vw\" \/><p id=\"caption-attachment-77226\" class=\"wp-caption-text\">Des femmes nig\u00e9rianes et des habitantes de la r\u00e9gion travaillent ensemble pour produire de l&rsquo;huile d&rsquo;arachide dans un \u00ab village d&rsquo;opportunit\u00e9 \u00bb soutenu par le HCR au centre-sud du Niger. \u00a9 HCR\/Colin Delfosse<\/p><\/div>\n<h2>Le plus grand rassemblement mondial de soutien aux r\u00e9fugi\u00e9s et \u00e0 leurs h\u00f4tes a lieu en d\u00e9cembre. Mais pourquoi le Forum mondial sur les r\u00e9fugi\u00e9s se tient-il maintenant et quels objectifs esp\u00e8re-t-il atteindre ?<\/h2>\n<p><strong>Par le personnel du HCR<\/strong><\/p>\n<hr \/>\n<h3>Du 13 au 15 d\u00e9cembre, Gen\u00e8ve accueillera le plus grand rassemblement international sur les r\u00e9fugi\u00e9s, o\u00f9 politiciens et diplomates, r\u00e9fugi\u00e9s et organisations dirig\u00e9es par des r\u00e9fugi\u00e9s, agences des Nations Unies, banques de d\u00e9veloppement, entreprises, organisations caritatives et fondations, maires, groupes confessionnels, \u00e9tudiants et beaucoup d&rsquo;autres se r\u00e9uniront pour relever les d\u00e9fis auxquels sont confront\u00e9s les r\u00e9fugi\u00e9s et ceux qui les accueillent.<\/h3>\n<hr \/>\n<p>Mais pourquoi le Forum mondial sur les r\u00e9fugi\u00e9s se tient-il maintenant et quels objectifs esp\u00e8re-t-il atteindre ?<\/p>\n<div class=\"_none block block-layout-builder block-inline-blockvarbase-rich-text-block\">\n<div class=\"content\">\n<div class=\"clearfix text-formatted field field--name-body field--type-text-with-summary field--label-hidden field__item\">\n<h4><\/h4>\n<h4>Comment tout a commenc\u00e9 &#8211; et comment nous en sommes arriv\u00e9s l\u00e0<\/h4>\n<p>Le premier Forum mondial sur les r\u00e9fugi\u00e9s a \u00e9t\u00e9 organis\u00e9 il y a quatre ans, peu apr\u00e8s l&rsquo;adoption par l&rsquo;Assembl\u00e9e g\u00e9n\u00e9rale des Nations Unies du\u00a0<a href=\"https:\/\/www.unhcr.org\/fr\/en-bref\/qui-nous-sommes\/le-pacte-mondial-sur-les-refugies\">Pacte mondial sur les r\u00e9fugi\u00e9s<\/a>\u00a0de 2018, dans lequel les \u00c9tats se sont engag\u00e9s \u00e0 travailler ensemble pour transformer la fa\u00e7on dont le monde r\u00e9pond aux situations de r\u00e9fugi\u00e9s. Ce travail est ax\u00e9 sur quatre objectifs cl\u00e9s :<\/p>\n<ul>\n<li>All\u00e9ger la pression sur les pays d&rsquo;accueil<\/li>\n<li>Renforcer les possibilit\u00e9s d&rsquo;autosuffisance<\/li>\n<li>\u00c9largir l\u2019acc\u00e8s aux solutions dans des pays tiers<\/li>\n<li>Soutenir les conditions dans les pays d&rsquo;origine pour permettre le retour des personnes qui ont fui en toute s\u00e9curit\u00e9 et dans la dignit\u00e9.<\/li>\n<\/ul>\n<p>C&rsquo;est au Forum que ces engagements se traduisent par des actions concr\u00e8tes. En r\u00e9unissant des d\u00e9cideurs et des parties prenantes du monde entier, y compris des personnes r\u00e9fugi\u00e9es, le Forum refl\u00e8te la conviction que les solutions durables doivent impliquer tous les membres de la soci\u00e9t\u00e9, car chacun a un r\u00f4le \u00e0 jouer, et \u00eatre guid\u00e9es par les personnes directement concern\u00e9es.<\/p>\n<p>Le premier Forum, qui s&rsquo;est tenu en d\u00e9cembre 2019, a attir\u00e9 plus de 3000 participants et a donn\u00e9 lieu \u00e0 quelque 1700 engagements sous forme de soutien financier, mat\u00e9riel, technique et autre. Le Forum 2023 sera organis\u00e9 conjointement par cinq \u00c9tats &#8211; la Colombie, la France, le Japon, la Jordanie et l&rsquo;Ouganda &#8211; et accueilli par le Gouvernement suisse et le HCR.<\/p>\n<p style=\"text-align: center;\"><iframe title=\"YouTube video player\" src=\"https:\/\/www.youtube.com\/embed\/BuSbZmXMffc?si=sW_8pWb-IxByHOVh\" width=\"560\" height=\"315\" frameborder=\"0\" allowfullscreen=\"allowfullscreen\"><\/iframe><\/p>\n<\/div>\n<\/div>\n<\/div>\n<div class=\"_none block block-layout-builder block-inline-blockvarbase-media-block block-media-block\">\n<div class=\"media media--type-remote-video media--view-mode-large ds-1col clearfix\">\n<div class=\"varbase-video-player embed-responsive embed-responsive-16by9\">\n<div class=\"_none block block-layout-builder block-inline-blockvarbase-rich-text-block\">\n<div class=\"content\">\n<div class=\"clearfix text-formatted field field--name-body field--type-text-with-summary field--label-hidden field__item\">\n<h4><\/h4>\n<h4>Pourquoi ce Forum est-il important ?<\/h4>\n<p>Le nombre de r\u00e9fugi\u00e9s dans le monde, forc\u00e9s de fuir leur foyer et de franchir des fronti\u00e8res internationales pour \u00e9chapper \u00e0 des conflits, \u00e0 la violence et \u00e0 la pers\u00e9cution, a atteint 36,4 millions &#8211; un nouveau record qui s&rsquo;inscrit dans une longue s\u00e9rie de records non d\u00e9sir\u00e9s \u00e9tablis au cours de la derni\u00e8re d\u00e9cennie et au-del\u00e0. Aliment\u00e9s par les crises nouvelles et prolong\u00e9es qui s\u00e9vissent dans le monde entier, de l&rsquo;Ukraine au Soudan, de l&rsquo;Afghanistan au Venezuela, les d\u00e9placements forc\u00e9s constituent un d\u00e9fi mondial. Ils exigent une r\u00e9ponse mondiale.<\/p>\n<p>Le Forum donne forme \u00e0 cette r\u00e9ponse, encourageant de nouveaux partenariats et initiatives en rassemblant tous les acteurs cl\u00e9s : \u00c9tats, villes et autorit\u00e9s locales, secteur priv\u00e9, fondations caritatives, institutions financi\u00e8res internationales, agences des Nations Unies, universitaires, acteurs humanitaires et du d\u00e9veloppement et, surtout, r\u00e9fugi\u00e9s. Le fait de s&rsquo;unir autour de valeurs, d&rsquo;objectifs et de projets communs amplifie les efforts de tous les acteurs impliqu\u00e9s pour cr\u00e9er une diff\u00e9rence significative dans la vie des r\u00e9fugi\u00e9s. Le Forum montrera que le changement est possible, qu&rsquo;il existe un chemin qui m\u00e8ne du d\u00e9sespoir \u00e0 l&rsquo;espoir, et de l&rsquo;espoir \u00e0 l&rsquo;action.<\/p>\n<div id=\"attachment_77229\" style=\"width: 790px\" class=\"wp-caption aligncenter\"><img decoding=\"async\" aria-describedby=\"caption-attachment-77229\" class=\"size-medium wp-image-77229\" src=\"https:\/\/www.unhcr.ca\/wp-content\/uploads\/2024\/01\/RF1221261-780x520.jpg\" alt=\"\" width=\"780\" height=\"520\" \/><p id=\"caption-attachment-77229\" class=\"wp-caption-text\">Des r\u00e9fugi\u00e9es rohingyas participent \u00e0 un club d&rsquo;adolescents dans le camp de Kutupalong \u00e0 Cox&rsquo;s Bazar, au Bangladesh. \u00a9 HCR\/Kamrul Hasan<\/p><\/div>\n<h4>Quels objectifs le Forum esp\u00e8re-t-il atteindre ?<\/h4>\n<div class=\"_none block block-layout-builder block-inline-blockvarbase-rich-text-block\">\n<div class=\"content\">\n<div class=\"clearfix text-formatted field field--name-body field--type-text-with-summary field--label-hidden field__item\">\n<p>Au c\u0153ur du Forum se trouvent des engagements et des contributions\u00a0: des engagements pris par les parties prenantes mentionn\u00e9es ci-dessus qui font avancer les objectifs du Pacte mondial sur les r\u00e9fugi\u00e9s afin d&rsquo;obtenir des avantages tangibles pour les r\u00e9fugi\u00e9s et les communaut\u00e9s d&rsquo;accueil.<\/p>\n<p>Pour le Forum 2023, le HCR encourage les engagements multipartites &#8211; des engagements conjoints \u00e0 grande \u00e9chelle qui ont un objectif commun ambitieux. Ils visent \u00e0 \u00eatre transformationnels, en mettant en place une politique \u00e0 long terme et des modalit\u00e9s pratiques qui favorisent le partage des charges et des responsabilit\u00e9s, en s&rsquo;appuyant sur une base de ressources clairement d\u00e9finie, un don ou un instrument financier li\u00e9 \u00e0 leur mise en \u0153uvre.<\/p>\n<p>Ces engagements se concentreront sur des domaines cruciaux pour la vie des r\u00e9fugi\u00e9s, notamment :<\/p>\n<ul>\n<li>Le financement<\/li>\n<li>L&rsquo;action climatique<\/li>\n<li>L&rsquo;inclusion sociale et \u00e9conomique<\/li>\n<li>La r\u00e9installation et les voies d&rsquo;admission compl\u00e9mentaires<\/li>\n<li>La mobilit\u00e9 professionnelle<\/li>\n<li>La consolidation de la paix<\/li>\n<li>La localisation<\/li>\n<li>La connectivit\u00e9<\/li>\n<li>L&rsquo;\u00e9ducation<\/li>\n<\/ul>\n<p class=\"has-element\">&#8230; et plusieurs autres domaines, notamment les situations sp\u00e9cifiques de r\u00e9fugi\u00e9s.<\/p>\n<\/div>\n<\/div>\n<\/div>\n<div class=\"_none block block-layout-builder block-inline-blockvarbase-media-block block-media-block\">\n<div class=\"media media--type-image media--view-mode-large ds-1col clearfix\">\n<div class=\"blazy blazy--field blazy--field-media-image blazy--field-media-image--large field field--name-field-media-image field--type-image field--label-hidden field__item is-blazy\" data-blazy=\"\" data-once=\"blazy\">\n<div class=\"media media--blazy media--image media--responsive is-b-loaded\" data-b-token=\"b-72f2596fcb4\"><picture><source srcset=\"\/sites\/default\/files\/styles\/d08\/public\/RF1265869.webp?itok=wZYq-myh 1x\" type=\"image\/webp\" media=\"all and (max-width: 767.98px)\" \/><source srcset=\"\/sites\/default\/files\/styles\/d10\/public\/RF1265869.webp?itok=48LI6SaU 1x\" type=\"image\/webp\" media=\"all and (min-width: 768px)\" \/><source srcset=\"\/sites\/default\/files\/styles\/d12\/public\/RF1265869.webp?itok=70h1O5nW 1x\" type=\"image\/webp\" media=\"all and (min-width: 992px)\" \/><source srcset=\"\/sites\/default\/files\/styles\/d08\/public\/RF1265869.jpg?itok=wZYq-myh 1x\" type=\"image\/jpeg\" media=\"all and (max-width: 767.98px)\" \/><source srcset=\"\/sites\/default\/files\/styles\/d10\/public\/RF1265869.jpg?itok=48LI6SaU 1x\" type=\"image\/jpeg\" media=\"all and (min-width: 768px)\" \/><source srcset=\"\/sites\/default\/files\/styles\/d12\/public\/RF1265869.jpg?itok=70h1O5nW 1x\" type=\"image\/jpeg\" media=\"all and (min-width: 992px)\" \/><\/picture><\/div>\n<\/div>\n<\/div>\n<\/div>\n<div id=\"attachment_77231\" style=\"width: 790px\" class=\"wp-caption aligncenter\"><img decoding=\"async\" aria-describedby=\"caption-attachment-77231\" class=\"size-medium wp-image-77231\" src=\"https:\/\/www.unhcr.ca\/wp-content\/uploads\/2024\/01\/RF1265869-780x520.jpg\" alt=\"\" width=\"780\" height=\"520\" \/><p id=\"caption-attachment-77231\" class=\"wp-caption-text\">Stephanny, originaire du Venezuela, avec Daniel, son fils \u00e2g\u00e9 de 4 ans. Elle \u00e9tudie la m\u00e9decine dans la ville de Mexico, gr\u00e2ce \u00e0 une bourse universitaire DAFI. \u00a9 HCR\/Antoine Tardy<\/p><\/div>\n<p>Outre les engagements sp\u00e9cifiques, le Forum fera le point sur les progr\u00e8s accomplis depuis sa premi\u00e8re \u00e9dition et il visera \u00e0 encourager les financements du d\u00e9veloppement dans les situations de r\u00e9fugi\u00e9s en impliquant les acteurs du d\u00e9veloppement et les banques multilat\u00e9rales de d\u00e9veloppement. Il g\u00e9n\u00e9rera aussi de nouvelles id\u00e9es et approches gr\u00e2ce \u00e0 un programme d\u00e9taill\u00e9 d&rsquo;\u00e9v\u00e9nements et de discussions sur les questions actuelles et \u00e9mergentes li\u00e9es \u00e0 ces th\u00e8mes cl\u00e9s. Vous trouverez\u00a0<a href=\"https:\/\/www.unhcr.org\/fr\/about-unhcr\/overview\/global-compact-refugees\/global-refugee-forum-2023\/programme-overview\">le programme complet ici<\/a>.<\/p>\n<h4>Comment pouvez-vous vous impliquer et soutenir les objectifs du Forum ?<\/h4>\n<p>L&rsquo;un des objectifs du Forum est de montrer que tout le monde peut soutenir les r\u00e9fugi\u00e9s et, si nous agissons ensemble, apporter un changement durable. Qu&rsquo;il s&rsquo;agisse d&rsquo;une entreprise ou d&rsquo;une fondation qui s&rsquo;engage, d&rsquo;un donateur qui apporte une contribution financi\u00e8re ou d&rsquo;un citoyen qui organise un \u00e9v\u00e9nement dans sa communaut\u00e9 locale, chaque action fait la diff\u00e9rence.<\/p>\n<p>D\u00e9couvrez\u00a0<a class=\"ext\" href=\"https:\/\/globalcompactrefugees.org\/pledges-contributions\/what-are-pledges\" target=\"_blank\" rel=\"noopener\" data-extlink=\"\">plus d&rsquo;informations sur les engagements ici<\/a>\u00a0; soumettez un engagement via le formulaire en ligne sur cette\u00a0<a class=\"ext\" href=\"https:\/\/globalcompactrefugees.org\/pledges-contributions\/pledge-concrete-actions-refugees-and-host-communities\" target=\"_blank\" rel=\"noopener\" data-extlink=\"\">page Web<\/a>\u00a0; consultez r\u00e9guli\u00e8rement les actualit\u00e9s et les r\u00e9cits sur le Forum 2023 ;\u00a0<a class=\"ext\" href=\"https:\/\/www.youtube.com\/@UNHCR\" target=\"_blank\" rel=\"noopener\" data-extlink=\"\">abonnez-vous \u00e0 notre chaine YouTube<\/a>\u00a0; ou suivez m\u00eame tout ou partie du Forum en ligne lorsque la\u00a0<a href=\"https:\/\/www.unhcr.org\/fr\/en-bref\/qui-nous-sommes\/le-pacte-mondial-sur-les-refugies\/forum-mondial-sur-les-refugies\">retransmission en direct sera lanc\u00e9e<\/a>\u00a0le 13 d\u00e9cembre.<\/p>\n<p>Vous pouvez \u00e9galement signer\u00a0<a href=\"https:\/\/www.unhcr.org\/hope\/fr\/\">la p\u00e9tition mondiale du HCR\u00a0<\/a>appelant les dirigeants mondiaux \u00e0 prot\u00e9ger les demandeurs d&rsquo;asile et leurs droits &#8211; un message que nous transmettrons au Forum lui-m\u00eame \u00e0 Gen\u00e8ve.<\/p>\n<p class=\"p1\">Publie par le\u00a0<a href=\"https:\/\/www.unhcr.org\/fr\/news\/2023-global-refugee-forum?utm_source=whatsapp&amp;utm_medium=referral&amp;utm_campaign=HQ_SM_EN_whatsappglobal&amp;utm_content=UNHCR%20GRF%20site\">HCR<\/a>, le 16 novembre 2023.<\/p>\n<\/div>\n<\/div>\n<\/div>\n<div class=\"_none block block-layout-builder block-inline-blockvarbase-media-block block-media-block\">\n<div class=\"media media--type-image media--view-mode-large ds-1col clearfix\">\n<div class=\"blazy blazy--field blazy--field-media-image blazy--field-media-image--large field field--name-field-media-image field--type-image field--label-hidden field__item is-blazy\" data-blazy=\"\" data-once=\"blazy\">\n<div class=\"media media--blazy media--image media--responsive is-b-loaded\" data-b-token=\"b-32437d18bee\"><picture><source srcset=\"\/sites\/default\/files\/styles\/d08\/public\/RF1221261.webp?itok=XNyJJhZ1 1x\" type=\"image\/webp\" media=\"all and (max-width: 767.98px)\" \/><source srcset=\"\/sites\/default\/files\/styles\/d10\/public\/RF1221261.webp?itok=BWyPlj8i 1x\" type=\"image\/webp\" media=\"all and (min-width: 768px)\" \/><source srcset=\"\/sites\/default\/files\/styles\/d12\/public\/RF1221261.webp?itok=rhAd_yv- 1x\" type=\"image\/webp\" media=\"all and (min-width: 992px)\" \/><source srcset=\"\/sites\/default\/files\/styles\/d08\/public\/RF1221261.jpg?itok=XNyJJhZ1 1x\" type=\"image\/jpeg\" media=\"all and (max-width: 767.98px)\" \/><source srcset=\"\/sites\/default\/files\/styles\/d10\/public\/RF1221261.jpg?itok=BWyPlj8i 1x\" type=\"image\/jpeg\" media=\"all and (min-width: 768px)\" \/><source srcset=\"\/sites\/default\/files\/styles\/d12\/public\/RF1221261.jpg?itok=rhAd_yv- 1x\" type=\"image\/jpeg\" media=\"all and (min-width: 992px)\" \/><\/picture><\/div>\n<\/div>\n<\/div>\n<\/div>\n<\/div>\n<\/div>\n<\/div>\n","protected":false},"excerpt":{"rendered":"<p>Le plus grand rassemblement mondial de soutien aux r\u00e9fugi\u00e9s et \u00e0 leurs h\u00f4tes a lieu en d\u00e9cembre. Mais pourquoi le Forum mondial sur les r\u00e9fugi\u00e9s se tient-il maintenant et quels objectifs esp\u00e8re-t-il atteindre ?<\/p>\n","protected":false},"author":67,"featured_media":77227,"comment_status":"closed","ping_status":"closed","sticky":false,"template":"","format":"standard","meta":{"_acf_changed":false,"_et_pb_use_builder":"","_et_pb_old_content":"","_et_gb_content_width":"","inline_featured_image":false,"footnotes":"","beyondwords_generate_audio":"1","beyondwords_integration_method":"","beyondwords_project_id":"8107","beyondwords_content_id":"da3960f8-63dc-4407-a17d-243cd53f6302","beyondwords_preview_token":"","beyondwords_player_content":"","beyondwords_player_style":"","beyondwords_language_code":"","beyondwords_language_id":"","beyondwords_title_voice_id":"","beyondwords_body_voice_id":"","beyondwords_summary_voice_id":"","beyondwords_error_message":"","beyondwords_disabled":"","beyondwords_delete_content":"","beyondwords_podcast_id":"da3960f8-63dc-4407-a17d-243cd53f6302","beyondwords_hash":"","publish_post_to_speechkit":"","speechkit_hash":"","speechkit_generate_audio":"","speechkit_project_id":"","speechkit_podcast_id":"","speechkit_error_message":"","speechkit_disabled":"","speechkit_access_key":"","speechkit_error":"","speechkit_info":"","speechkit_response":"","speechkit_retries":"","speechkit_status":"","speechkit_updated_at":"","_speechkit_link":"","_speechkit_text":""},"categories":[495,48],"tags":[2988,2987],"class_list":["post-77239","post","type-post","status-publish","format-standard","has-post-thumbnail","hentry","category-feature-story-fr","category-bulletin","tag-grf-fr","tag-le-forum-mondial-sur-les-refugies"],"acf":[],"yoast_head":"<!-- This site is optimized with the Yoast SEO Premium plugin v27.4 (Yoast SEO v27.5) - https:\/\/yoast.com\/product\/yoast-seo-premium-wordpress\/ -->\n<title>Le Forum mondial sur les r\u00e9fugi\u00e9s 2023 - HCR Canada<\/title>\n<meta name=\"description\" content=\"Le plus grand rassemblement mondial de soutien aux r\u00e9fugi\u00e9s et \u00e0 leurs h\u00f4tes a lieu en d\u00e9cembre. Mais pourquoi le Forum mondial sur les r\u00e9fugi\u00e9s se tient-il maintenant et quels objectifs esp\u00e8re-t-il atteindre ?\" \/>\n<meta name=\"robots\" content=\"index, follow, max-snippet:-1, max-image-preview:large, max-video-preview:-1\" \/>\n<link rel=\"canonical\" href=\"https:\/\/www.unhcr.org\/fr\/news\/2023-global-refugee-forum?utm_source=whatsapp&utm_medium=referral&utm_campaign=HQ_SM_EN_whatsappglobal&utm_content=UNHCR%20GRF%20site\" \/>\n<meta property=\"og:locale\" content=\"fr_FR\" \/>\n<meta property=\"og:type\" content=\"article\" \/>\n<meta property=\"og:title\" content=\"Le Forum mondial sur les r\u00e9fugi\u00e9s 2023\" \/>\n<meta property=\"og:description\" content=\"Le plus grand rassemblement mondial de soutien aux r\u00e9fugi\u00e9s et \u00e0 leurs h\u00f4tes a lieu en d\u00e9cembre. Mais pourquoi le Forum mondial sur les r\u00e9fugi\u00e9s se tient-il maintenant et quels objectifs esp\u00e8re-t-il atteindre ?\" \/>\n<meta property=\"og:url\" content=\"https:\/\/www.unhcr.org\/fr\/news\/2023-global-refugee-forum?utm_source=whatsapp&amp;utm_medium=referral&amp;utm_campaign=HQ_SM_EN_whatsappglobal&amp;utm_content=UNHCR GRF site\" \/>\n<meta property=\"og:site_name\" content=\"HCR Canada\" \/>\n<meta property=\"article:publisher\" content=\"https:\/\/www.facebook.com\/UNHCRCanada\" \/>\n<meta property=\"article:published_time\" content=\"2023-11-21T18:28:53+00:00\" \/>\n<meta property=\"article:modified_time\" content=\"2024-01-02T18:36:20+00:00\" \/>\n<meta property=\"og:image\" content=\"https:\/\/www.unhcr.ca\/wp-content\/uploads\/2024\/01\/RF1279165.jpg\" \/>\n\t<meta property=\"og:image:width\" content=\"1200\" \/>\n\t<meta property=\"og:image:height\" content=\"801\" \/>\n\t<meta property=\"og:image:type\" content=\"image\/jpeg\" \/>\n<meta name=\"author\" content=\"Soo-Jung Kim\" \/>\n<meta name=\"twitter:card\" content=\"summary_large_image\" \/>\n<meta name=\"twitter:creator\" content=\"@UNHCRCanada\" \/>\n<meta name=\"twitter:site\" content=\"@UNHCRCanada\" \/>\n<meta name=\"twitter:label1\" content=\"\u00c9crit par\" \/>\n\t<meta name=\"twitter:data1\" content=\"Soo-Jung Kim\" \/>\n\t<meta name=\"twitter:label2\" content=\"Dur\u00e9e de lecture estim\u00e9e\" \/>\n\t<meta name=\"twitter:data2\" content=\"6 minutes\" \/>\n<script type=\"application\/ld+json\" class=\"yoast-schema-graph\">{\"@context\":\"https:\\\/\\\/schema.org\",\"@graph\":[{\"@type\":\"Article\",\"@id\":\"https:\\\/\\\/www.unhcr.org\\\/fr\\\/news\\\/2023-global-refugee-forum?utm_source=whatsapp&utm_medium=referral&utm_campaign=HQ_SM_EN_whatsappglobal&utm_content=UNHCR%20GRF%20site#article\",\"isPartOf\":{\"@id\":\"https:\\\/\\\/www.unhcr.ca\\\/fr\\\/news\\\/le-forum-mondial-sur-les-refugies-2023\\\/\"},\"author\":{\"name\":\"Soo-Jung Kim\",\"@id\":\"https:\\\/\\\/www.unhcr.ca\\\/#\\\/schema\\\/person\\\/4810788f82f3227a88e02ec56c18c30f\"},\"headline\":\"Le Forum mondial sur les r\u00e9fugi\u00e9s 2023\",\"datePublished\":\"2023-11-21T18:28:53+00:00\",\"dateModified\":\"2024-01-02T18:36:20+00:00\",\"mainEntityOfPage\":{\"@id\":\"https:\\\/\\\/www.unhcr.ca\\\/fr\\\/news\\\/le-forum-mondial-sur-les-refugies-2023\\\/\"},\"wordCount\":1218,\"image\":{\"@id\":\"https:\\\/\\\/www.unhcr.org\\\/fr\\\/news\\\/2023-global-refugee-forum?utm_source=whatsapp&utm_medium=referral&utm_campaign=HQ_SM_EN_whatsappglobal&utm_content=UNHCR%20GRF%20site#primaryimage\"},\"thumbnailUrl\":\"https:\\\/\\\/www.unhcr.ca\\\/wp-content\\\/uploads\\\/2024\\\/01\\\/RF1279165.jpg\",\"keywords\":[\"GRF\",\"Le Forum mondial sur les r\u00e9fugi\u00e9s\"],\"articleSection\":[\"\u00c0 la Une\",\"Bulletin\"],\"inLanguage\":\"fr-FR\"},{\"@type\":\"WebPage\",\"@id\":\"https:\\\/\\\/www.unhcr.ca\\\/fr\\\/news\\\/le-forum-mondial-sur-les-refugies-2023\\\/\",\"url\":\"https:\\\/\\\/www.unhcr.org\\\/fr\\\/news\\\/2023-global-refugee-forum?utm_source=whatsapp&utm_medium=referral&utm_campaign=HQ_SM_EN_whatsappglobal&utm_content=UNHCR%20GRF%20site\",\"name\":\"Le Forum mondial sur les r\u00e9fugi\u00e9s 2023 - HCR Canada\",\"isPartOf\":{\"@id\":\"https:\\\/\\\/www.unhcr.ca\\\/#website\"},\"primaryImageOfPage\":{\"@id\":\"https:\\\/\\\/www.unhcr.org\\\/fr\\\/news\\\/2023-global-refugee-forum?utm_source=whatsapp&utm_medium=referral&utm_campaign=HQ_SM_EN_whatsappglobal&utm_content=UNHCR%20GRF%20site#primaryimage\"},\"image\":{\"@id\":\"https:\\\/\\\/www.unhcr.org\\\/fr\\\/news\\\/2023-global-refugee-forum?utm_source=whatsapp&utm_medium=referral&utm_campaign=HQ_SM_EN_whatsappglobal&utm_content=UNHCR%20GRF%20site#primaryimage\"},\"thumbnailUrl\":\"https:\\\/\\\/www.unhcr.ca\\\/wp-content\\\/uploads\\\/2024\\\/01\\\/RF1279165.jpg\",\"datePublished\":\"2023-11-21T18:28:53+00:00\",\"dateModified\":\"2024-01-02T18:36:20+00:00\",\"author\":{\"@id\":\"https:\\\/\\\/www.unhcr.ca\\\/#\\\/schema\\\/person\\\/4810788f82f3227a88e02ec56c18c30f\"},\"description\":\"Le plus grand rassemblement mondial de soutien aux r\u00e9fugi\u00e9s et \u00e0 leurs h\u00f4tes a lieu en d\u00e9cembre. Mais pourquoi le Forum mondial sur les r\u00e9fugi\u00e9s se tient-il maintenant et quels objectifs esp\u00e8re-t-il atteindre ?\",\"breadcrumb\":{\"@id\":\"https:\\\/\\\/www.unhcr.org\\\/fr\\\/news\\\/2023-global-refugee-forum?utm_source=whatsapp&utm_medium=referral&utm_campaign=HQ_SM_EN_whatsappglobal&utm_content=UNHCR%20GRF%20site#breadcrumb\"},\"inLanguage\":\"fr-FR\",\"potentialAction\":[{\"@type\":\"ReadAction\",\"target\":[\"https:\\\/\\\/www.unhcr.org\\\/fr\\\/news\\\/2023-global-refugee-forum?utm_source=whatsapp&utm_medium=referral&utm_campaign=HQ_SM_EN_whatsappglobal&utm_content=UNHCR%20GRF%20site\"]}]},{\"@type\":\"ImageObject\",\"inLanguage\":\"fr-FR\",\"@id\":\"https:\\\/\\\/www.unhcr.org\\\/fr\\\/news\\\/2023-global-refugee-forum?utm_source=whatsapp&utm_medium=referral&utm_campaign=HQ_SM_EN_whatsappglobal&utm_content=UNHCR%20GRF%20site#primaryimage\",\"url\":\"https:\\\/\\\/www.unhcr.ca\\\/wp-content\\\/uploads\\\/2024\\\/01\\\/RF1279165.jpg\",\"contentUrl\":\"https:\\\/\\\/www.unhcr.ca\\\/wp-content\\\/uploads\\\/2024\\\/01\\\/RF1279165.jpg\",\"width\":1200,\"height\":801,\"caption\":\"Nigerian women and locals work together to produce peanut oil in a UNHCR-supported \\\"opportunity village\\\" in south-central Niger. \u00a9 UNHCR\\\/Colin Delfosse\"},{\"@type\":\"BreadcrumbList\",\"@id\":\"https:\\\/\\\/www.unhcr.org\\\/fr\\\/news\\\/2023-global-refugee-forum?utm_source=whatsapp&utm_medium=referral&utm_campaign=HQ_SM_EN_whatsappglobal&utm_content=UNHCR%20GRF%20site#breadcrumb\",\"itemListElement\":[{\"@type\":\"ListItem\",\"position\":1,\"name\":\"Home\",\"item\":\"https:\\\/\\\/www.unhcr.ca\\\/fr\\\/homepage2020\\\/\"},{\"@type\":\"ListItem\",\"position\":2,\"name\":\"Le Forum mondial sur les r\u00e9fugi\u00e9s 2023\"}]},{\"@type\":\"WebSite\",\"@id\":\"https:\\\/\\\/www.unhcr.ca\\\/#website\",\"url\":\"https:\\\/\\\/www.unhcr.ca\\\/\",\"name\":\"HCR Canada\",\"description\":\"L\u2019Agence des Nations Unies pour les r\u00e9fugi\u00e9s\",\"potentialAction\":[{\"@type\":\"SearchAction\",\"target\":{\"@type\":\"EntryPoint\",\"urlTemplate\":\"https:\\\/\\\/www.unhcr.ca\\\/?s={search_term_string}\"},\"query-input\":{\"@type\":\"PropertyValueSpecification\",\"valueRequired\":true,\"valueName\":\"search_term_string\"}}],\"inLanguage\":\"fr-FR\"},{\"@type\":\"Person\",\"@id\":\"https:\\\/\\\/www.unhcr.ca\\\/#\\\/schema\\\/person\\\/4810788f82f3227a88e02ec56c18c30f\",\"name\":\"Soo-Jung Kim\",\"image\":{\"@type\":\"ImageObject\",\"inLanguage\":\"fr-FR\",\"@id\":\"https:\\\/\\\/secure.gravatar.com\\\/avatar\\\/042f81bdf02cdc112bd7d349462fa151e16b38b6d00f720d84dbb2319df8e7d4?s=96&d=mm&r=g\",\"url\":\"https:\\\/\\\/secure.gravatar.com\\\/avatar\\\/042f81bdf02cdc112bd7d349462fa151e16b38b6d00f720d84dbb2319df8e7d4?s=96&d=mm&r=g\",\"contentUrl\":\"https:\\\/\\\/secure.gravatar.com\\\/avatar\\\/042f81bdf02cdc112bd7d349462fa151e16b38b6d00f720d84dbb2319df8e7d4?s=96&d=mm&r=g\",\"caption\":\"Soo-Jung Kim\"},\"url\":\"https:\\\/\\\/www.unhcr.ca\\\/fr\\\/news\\\/author\\\/kimsunhcr-org\\\/\"}]}<\/script>\n<!-- \/ Yoast SEO Premium plugin. -->","yoast_head_json":{"title":"Le Forum mondial sur les r\u00e9fugi\u00e9s 2023 - HCR Canada","description":"Le plus grand rassemblement mondial de soutien aux r\u00e9fugi\u00e9s et \u00e0 leurs h\u00f4tes a lieu en d\u00e9cembre. Mais pourquoi le Forum mondial sur les r\u00e9fugi\u00e9s se tient-il maintenant et quels objectifs esp\u00e8re-t-il atteindre ?","robots":{"index":"index","follow":"follow","max-snippet":"max-snippet:-1","max-image-preview":"max-image-preview:large","max-video-preview":"max-video-preview:-1"},"canonical":"https:\/\/www.unhcr.org\/fr\/news\/2023-global-refugee-forum?utm_source=whatsapp&utm_medium=referral&utm_campaign=HQ_SM_EN_whatsappglobal&utm_content=UNHCR GRF site","og_locale":"fr_FR","og_type":"article","og_title":"Le Forum mondial sur les r\u00e9fugi\u00e9s 2023","og_description":"Le plus grand rassemblement mondial de soutien aux r\u00e9fugi\u00e9s et \u00e0 leurs h\u00f4tes a lieu en d\u00e9cembre. Mais pourquoi le Forum mondial sur les r\u00e9fugi\u00e9s se tient-il maintenant et quels objectifs esp\u00e8re-t-il atteindre ?","og_url":"https:\/\/www.unhcr.org\/fr\/news\/2023-global-refugee-forum?utm_source=whatsapp&utm_medium=referral&utm_campaign=HQ_SM_EN_whatsappglobal&utm_content=UNHCR GRF site","og_site_name":"HCR Canada","article_publisher":"https:\/\/www.facebook.com\/UNHCRCanada","article_published_time":"2023-11-21T18:28:53+00:00","article_modified_time":"2024-01-02T18:36:20+00:00","og_image":[{"width":1200,"height":801,"url":"https:\/\/www.unhcr.ca\/wp-content\/uploads\/2024\/01\/RF1279165.jpg","type":"image\/jpeg"}],"author":"Soo-Jung Kim","twitter_card":"summary_large_image","twitter_creator":"@UNHCRCanada","twitter_site":"@UNHCRCanada","twitter_misc":{"\u00c9crit par":"Soo-Jung Kim","Dur\u00e9e de lecture estim\u00e9e":"6 minutes"},"schema":{"@context":"https:\/\/schema.org","@graph":[{"@type":"Article","@id":"https:\/\/www.unhcr.org\/fr\/news\/2023-global-refugee-forum?utm_source=whatsapp&utm_medium=referral&utm_campaign=HQ_SM_EN_whatsappglobal&utm_content=UNHCR%20GRF%20site#article","isPartOf":{"@id":"https:\/\/www.unhcr.ca\/fr\/news\/le-forum-mondial-sur-les-refugies-2023\/"},"author":{"name":"Soo-Jung Kim","@id":"https:\/\/www.unhcr.ca\/#\/schema\/person\/4810788f82f3227a88e02ec56c18c30f"},"headline":"Le Forum mondial sur les r\u00e9fugi\u00e9s 2023","datePublished":"2023-11-21T18:28:53+00:00","dateModified":"2024-01-02T18:36:20+00:00","mainEntityOfPage":{"@id":"https:\/\/www.unhcr.ca\/fr\/news\/le-forum-mondial-sur-les-refugies-2023\/"},"wordCount":1218,"image":{"@id":"https:\/\/www.unhcr.org\/fr\/news\/2023-global-refugee-forum?utm_source=whatsapp&utm_medium=referral&utm_campaign=HQ_SM_EN_whatsappglobal&utm_content=UNHCR%20GRF%20site#primaryimage"},"thumbnailUrl":"https:\/\/www.unhcr.ca\/wp-content\/uploads\/2024\/01\/RF1279165.jpg","keywords":["GRF","Le Forum mondial sur les r\u00e9fugi\u00e9s"],"articleSection":["\u00c0 la Une","Bulletin"],"inLanguage":"fr-FR"},{"@type":"WebPage","@id":"https:\/\/www.unhcr.ca\/fr\/news\/le-forum-mondial-sur-les-refugies-2023\/","url":"https:\/\/www.unhcr.org\/fr\/news\/2023-global-refugee-forum?utm_source=whatsapp&utm_medium=referral&utm_campaign=HQ_SM_EN_whatsappglobal&utm_content=UNHCR%20GRF%20site","name":"Le Forum mondial sur les r\u00e9fugi\u00e9s 2023 - HCR Canada","isPartOf":{"@id":"https:\/\/www.unhcr.ca\/#website"},"primaryImageOfPage":{"@id":"https:\/\/www.unhcr.org\/fr\/news\/2023-global-refugee-forum?utm_source=whatsapp&utm_medium=referral&utm_campaign=HQ_SM_EN_whatsappglobal&utm_content=UNHCR%20GRF%20site#primaryimage"},"image":{"@id":"https:\/\/www.unhcr.org\/fr\/news\/2023-global-refugee-forum?utm_source=whatsapp&utm_medium=referral&utm_campaign=HQ_SM_EN_whatsappglobal&utm_content=UNHCR%20GRF%20site#primaryimage"},"thumbnailUrl":"https:\/\/www.unhcr.ca\/wp-content\/uploads\/2024\/01\/RF1279165.jpg","datePublished":"2023-11-21T18:28:53+00:00","dateModified":"2024-01-02T18:36:20+00:00","author":{"@id":"https:\/\/www.unhcr.ca\/#\/schema\/person\/4810788f82f3227a88e02ec56c18c30f"},"description":"Le plus grand rassemblement mondial de soutien aux r\u00e9fugi\u00e9s et \u00e0 leurs h\u00f4tes a lieu en d\u00e9cembre. Mais pourquoi le Forum mondial sur les r\u00e9fugi\u00e9s se tient-il maintenant et quels objectifs esp\u00e8re-t-il atteindre ?","breadcrumb":{"@id":"https:\/\/www.unhcr.org\/fr\/news\/2023-global-refugee-forum?utm_source=whatsapp&utm_medium=referral&utm_campaign=HQ_SM_EN_whatsappglobal&utm_content=UNHCR%20GRF%20site#breadcrumb"},"inLanguage":"fr-FR","potentialAction":[{"@type":"ReadAction","target":["https:\/\/www.unhcr.org\/fr\/news\/2023-global-refugee-forum?utm_source=whatsapp&utm_medium=referral&utm_campaign=HQ_SM_EN_whatsappglobal&utm_content=UNHCR%20GRF%20site"]}]},{"@type":"ImageObject","inLanguage":"fr-FR","@id":"https:\/\/www.unhcr.org\/fr\/news\/2023-global-refugee-forum?utm_source=whatsapp&utm_medium=referral&utm_campaign=HQ_SM_EN_whatsappglobal&utm_content=UNHCR%20GRF%20site#primaryimage","url":"https:\/\/www.unhcr.ca\/wp-content\/uploads\/2024\/01\/RF1279165.jpg","contentUrl":"https:\/\/www.unhcr.ca\/wp-content\/uploads\/2024\/01\/RF1279165.jpg","width":1200,"height":801,"caption":"Nigerian women and locals work together to produce peanut oil in a UNHCR-supported \"opportunity village\" in south-central Niger. \u00a9 UNHCR\/Colin Delfosse"},{"@type":"BreadcrumbList","@id":"https:\/\/www.unhcr.org\/fr\/news\/2023-global-refugee-forum?utm_source=whatsapp&utm_medium=referral&utm_campaign=HQ_SM_EN_whatsappglobal&utm_content=UNHCR%20GRF%20site#breadcrumb","itemListElement":[{"@type":"ListItem","position":1,"name":"Home","item":"https:\/\/www.unhcr.ca\/fr\/homepage2020\/"},{"@type":"ListItem","position":2,"name":"Le Forum mondial sur les r\u00e9fugi\u00e9s 2023"}]},{"@type":"WebSite","@id":"https:\/\/www.unhcr.ca\/#website","url":"https:\/\/www.unhcr.ca\/","name":"HCR Canada","description":"L\u2019Agence des Nations Unies pour les r\u00e9fugi\u00e9s","potentialAction":[{"@type":"SearchAction","target":{"@type":"EntryPoint","urlTemplate":"https:\/\/www.unhcr.ca\/?s={search_term_string}"},"query-input":{"@type":"PropertyValueSpecification","valueRequired":true,"valueName":"search_term_string"}}],"inLanguage":"fr-FR"},{"@type":"Person","@id":"https:\/\/www.unhcr.ca\/#\/schema\/person\/4810788f82f3227a88e02ec56c18c30f","name":"Soo-Jung Kim","image":{"@type":"ImageObject","inLanguage":"fr-FR","@id":"https:\/\/secure.gravatar.com\/avatar\/042f81bdf02cdc112bd7d349462fa151e16b38b6d00f720d84dbb2319df8e7d4?s=96&d=mm&r=g","url":"https:\/\/secure.gravatar.com\/avatar\/042f81bdf02cdc112bd7d349462fa151e16b38b6d00f720d84dbb2319df8e7d4?s=96&d=mm&r=g","contentUrl":"https:\/\/secure.gravatar.com\/avatar\/042f81bdf02cdc112bd7d349462fa151e16b38b6d00f720d84dbb2319df8e7d4?s=96&d=mm&r=g","caption":"Soo-Jung Kim"},"url":"https:\/\/www.unhcr.ca\/fr\/news\/author\/kimsunhcr-org\/"}]}},"_links":{"self":[{"href":"https:\/\/www.unhcr.ca\/fr\/wp-json\/wp\/v2\/posts\/77239","targetHints":{"allow":["GET"]}}],"collection":[{"href":"https:\/\/www.unhcr.ca\/fr\/wp-json\/wp\/v2\/posts"}],"about":[{"href":"https:\/\/www.unhcr.ca\/fr\/wp-json\/wp\/v2\/types\/post"}],"author":[{"embeddable":true,"href":"https:\/\/www.unhcr.ca\/fr\/wp-json\/wp\/v2\/users\/67"}],"replies":[{"embeddable":true,"href":"https:\/\/www.unhcr.ca\/fr\/wp-json\/wp\/v2\/comments?post=77239"}],"version-history":[{"count":0,"href":"https:\/\/www.unhcr.ca\/fr\/wp-json\/wp\/v2\/posts\/77239\/revisions"}],"wp:featuredmedia":[{"embeddable":true,"href":"https:\/\/www.unhcr.ca\/fr\/wp-json\/wp\/v2\/media\/77227"}],"wp:attachment":[{"href":"https:\/\/www.unhcr.ca\/fr\/wp-json\/wp\/v2\/media?parent=77239"}],"wp:term":[{"taxonomy":"category","embeddable":true,"href":"https:\/\/www.unhcr.ca\/fr\/wp-json\/wp\/v2\/categories?post=77239"},{"taxonomy":"post_tag","embeddable":true,"href":"https:\/\/www.unhcr.ca\/fr\/wp-json\/wp\/v2\/tags?post=77239"}],"curies":[{"name":"wp","href":"https:\/\/api.w.org\/{rel}","templated":true}]}}