{"id":75608,"date":"2023-06-30T14:47:40","date_gmt":"2023-06-30T18:47:40","guid":{"rendered":"https:\/\/www.unhcr.ca\/?p=75608"},"modified":"2023-08-03T17:22:00","modified_gmt":"2023-08-03T21:22:00","slug":"une-enseignante-venezuelienne-autochtone-encourage-la-scolarisation-des-enfants-warao-au-bresil","status":"publish","type":"post","link":"https:\/\/www.unhcr.ca\/fr\/news\/une-enseignante-venezuelienne-autochtone-encourage-la-scolarisation-des-enfants-warao-au-bresil\/","title":{"rendered":"Une enseignante v\u00e9n\u00e9zu\u00e9lienne autochtone encourage la scolarisation des enfants Warao au Br\u00e9sil"},"content":{"rendered":"<div id=\"attachment_75239\" style=\"width: 1090px\" class=\"wp-caption aligncenter\"><img decoding=\"async\" aria-describedby=\"caption-attachment-75239\" class=\"wp-image-75239 size-large\" src=\"https:\/\/www.unhcr.ca\/wp-content\/uploads\/2023\/06\/FIC_7534-1360x906.png\" alt=\"L'enseignante Daisy met \u00e0 profit ses 15 ann\u00e9es d'exp\u00e9rience en tant qu'\u00e9ducatrice pour aider les enfants Warao dans leur processus d'apprentissage \u00e0 Manaus.\" width=\"1080\" height=\"719\" srcset=\"https:\/\/www.unhcr.ca\/wp-content\/uploads\/2023\/06\/FIC_7534-980x653.png 980w, https:\/\/www.unhcr.ca\/wp-content\/uploads\/2023\/06\/FIC_7534-480x320.png 480w\" sizes=\"(min-width: 0px) and (max-width: 480px) 480px, (min-width: 481px) and (max-width: 980px) 980px, (min-width: 981px) 1080px, 100vw\" \/><p id=\"caption-attachment-75239\" class=\"wp-caption-text\">L&rsquo;enseignante Daisy met \u00e0 profit ses 15 ann\u00e9es d&rsquo;exp\u00e9rience en tant qu&rsquo;\u00e9ducatrice pour aider les enfants Warao dans leur processus d&rsquo;apprentissage \u00e0 Manaus.<\/p><\/div>\n<h3><strong><span class=\"NormalTextRun SCXW170238282 BCX0\">La <\/span><span class=\"NormalTextRun SpellingErrorV2Themed SCXW170238282 BCX0\">dirigeante<\/span> <span class=\"NormalTextRun SpellingErrorV2Themed SCXW170238282 BCX0\">communautaire<\/span><span class=\"NormalTextRun SCXW170238282 BCX0\"> Daisy Perez <\/span><span class=\"NormalTextRun SpellingErrorV2Themed SCXW170238282 BCX0\">s&rsquo;efforce<\/span> <span class=\"NormalTextRun SpellingErrorV2Themed SCXW170238282 BCX0\">d&rsquo;assurer<\/span> <span class=\"NormalTextRun SpellingErrorV2Themed SCXW170238282 BCX0\">l&rsquo;\u00e9ducation<\/span><span class=\"NormalTextRun SCXW170238282 BCX0\"> des enfants <\/span><span class=\"NormalTextRun SpellingErrorV2Themed SCXW170238282 BCX0\">autochtones<\/span> <span class=\"NormalTextRun SpellingErrorV2Themed SCXW170238282 BCX0\">r\u00e9fugi\u00e9s<\/span><span class=\"NormalTextRun SCXW170238282 BCX0\"> et migrants \u00e0 Manaus.<\/span><\/strong><\/h3>\n<p><strong>Par Filipe Irnaldo<\/strong><\/p>\n<hr \/>\n<p><span data-contrast=\"auto\">Manaus, Br\u00e9sil, 27 juin 2023 &#8211; M\u00e8re de quatre enfants, l&rsquo;\u00e9ducatrice indig\u00e8ne v\u00e9n\u00e9zu\u00e9lienne Daisy P\u00e9rez est l&rsquo;incarnation de la sagesse populaire qui dit qu&rsquo;il y a toujours de la place pour un autre dans le c\u0153ur d&rsquo;une m\u00e8re.<\/span><span data-ccp-props=\"{&quot;201341983&quot;:0,&quot;335559739&quot;:160,&quot;335559740&quot;:259}\">\u00a0<\/span><\/p>\n<p><span data-contrast=\"auto\">\u00c0 Manaus, une ville de 2 millions d&rsquo;habitants situ\u00e9e au c\u0153ur de la for\u00eat amazonienne, dans l&rsquo;\u00c9tat d&rsquo;Amazonas, elle a cherch\u00e9 des opportunit\u00e9s et sensibilis\u00e9 la communaut\u00e9 pour inscrire les enfants waraos dans les \u00e9coles publiques, leur offrant ainsi de nouvelles perspectives d&rsquo;avenir.<\/span><span data-ccp-props=\"{&quot;201341983&quot;:0,&quot;335559739&quot;:160,&quot;335559740&quot;:259}\">\u00a0<\/span><\/p>\n<p><span data-contrast=\"auto\">Mais avant de pouvoir soutenir ces personnes, Daisy a d\u00fb faire face \u00e0 des d\u00e9fis personnels en tant que m\u00e8re nouvellement arriv\u00e9e au Br\u00e9sil et chercher des ressources pour <\/span><span data-contrast=\"auto\">assurer la subsistance de <\/span><span data-contrast=\"auto\">sa famille.<\/span><span data-ccp-props=\"{&quot;201341983&quot;:0,&quot;335559739&quot;:160,&quot;335559740&quot;:259}\">\u00a0<\/span><\/p>\n<p><span data-contrast=\"auto\">\u00ab J&rsquo;ai amen\u00e9 mes enfants un par un au fur et \u00e0 mesure que je manquais de ressources, quand j&rsquo;ai finalement pu r\u00e9unir toute ma famille. C&rsquo;\u00e9tait ce que je voulais le plus \u00bb, explique Daisy, qui partage son exp\u00e9rience avec d&rsquo;autres familles confront\u00e9es \u00e0 la m\u00eame situation.<\/span><span data-ccp-props=\"{&quot;201341983&quot;:0,&quot;335559739&quot;:160,&quot;335559740&quot;:259}\">\u00a0<\/span><\/p>\n<p><span data-contrast=\"auto\">Au cours de ses voyages, notamment dans les villes de Pacaraima et Boa Vista \u00e0 Roraima, et \u00e0 Manaus, Daisy a utilis\u00e9 toutes ses connaissances pour travailler avec des enfants r\u00e9fugi\u00e9s et migrants dans des refuges et d&rsquo;autres espaces de soutien, en aidant \u00e0 renforcer le processus local d&rsquo;enseignement et d&rsquo;apprentissage.<\/span><span data-ccp-props=\"{&quot;201341983&quot;:0,&quot;335559739&quot;:160,&quot;335559740&quot;:259}\">\u00a0<\/span><\/p>\n<p><span data-contrast=\"auto\">Au cours de cette exp\u00e9rience, elle a identifi\u00e9 des priorit\u00e9s pour l&rsquo;int\u00e9gration des enfants, telles que la langue et l&rsquo;information sur la mani\u00e8re d&rsquo;acc\u00e9der au r\u00e9seau d&rsquo;\u00e9coles publiques au Br\u00e9sil.\u00a0<\/span><span data-ccp-props=\"{&quot;201341983&quot;:0,&quot;335559739&quot;:160,&quot;335559740&quot;:259}\">\u00a0<\/span><\/p>\n<p><span data-contrast=\"auto\">C&rsquo;est alors qu&rsquo;elle a cherch\u00e9 des institutions pour offrir des opportunit\u00e9s aux jeunes \u00e9tudiants.<\/span><span data-ccp-props=\"{&quot;201341983&quot;:0,&quot;335559739&quot;:160,&quot;335559740&quot;:259}\">\u00a0<\/span><\/p>\n<p><span data-contrast=\"auto\">\u00ab Je connais de nombreuses m\u00e8res de la communaut\u00e9, je les connais bien, ce qui m&rsquo;aide \u00e0 identifier les besoins de leurs familles et \u00e0 chercher du soutien. En tant que m\u00e8re, j&rsquo;ai senti que je devais faire quelque chose pour aider les autres m\u00e8res \u00bb, souligne-t-elle.<\/span><span data-ccp-props=\"{&quot;201341983&quot;:0,&quot;335559739&quot;:160,&quot;335559740&quot;:259}\">\u00a0<\/span><\/p>\n<p><span data-contrast=\"auto\">Daisy a obtenu le soutien de l&rsquo;Instituto Mana, partenaire de l&rsquo;Agence des Nations unies pour les r\u00e9fugi\u00e9s (HCR) au Br\u00e9sil, pour rassembler la documentation et r\u00e9pondre aux diff\u00e9rents besoins des familles aupr\u00e8s des \u00e9coles locales, aidant ainsi la communaut\u00e9 Warao \u00e0 inscrire 18 enfants dans le r\u00e9seau des \u00e9coles publiques.<\/span><span data-ccp-props=\"{&quot;201341983&quot;:0,&quot;335559739&quot;:160,&quot;335559740&quot;:259}\">\u00a0<\/span><\/p>\n<p><span data-contrast=\"auto\">\u00ab M\u00eame pour une m\u00e8re \u00e9ducatrice, le processus d&rsquo;enseignement est toujours un d\u00e9fi&#8230; alors imaginez pour d&rsquo;autres m\u00e8res qui n&rsquo;ont pas eu acc\u00e8s \u00e0 ces connaissances et qui sont en d\u00e9placement&#8230; Alors, l&rsquo;inspiration pour permettre \u00e0 d&rsquo;autres m\u00e8res d&rsquo;inscrire leurs enfants \u00e0 l&rsquo;\u00e9cole, d&rsquo;avoir cette chance \u00bb, a-t-elle d\u00e9clar\u00e9.<\/span><span data-ccp-props=\"{&quot;201341983&quot;:0,&quot;335559739&quot;:160,&quot;335559740&quot;:259}\">\u00a0<\/span><\/p>\n<p><span data-contrast=\"auto\">Gr\u00e2ce \u00e0 son travail d\u00e9vou\u00e9 et \u00e0 son empathie, Daisy a chang\u00e9 la vie des enfants, mais son impact ne s&rsquo;arr\u00eate pas l\u00e0.<\/span><span data-ccp-props=\"{&quot;201341983&quot;:0,&quot;335559739&quot;:160,&quot;335559740&quot;:259}\">\u00a0<\/span><\/p>\n<p><span data-contrast=\"auto\">Son histoire a inspir\u00e9 sa fille, Deisy Perez, \u00e0 agir en tant que promotrice communautaire b\u00e9n\u00e9vole dans le cadre d&rsquo;un projet d\u00e9velopp\u00e9 par Caritas Arquidiocesana de Manaus en partenariat avec le HCR. Cette initiative aide les r\u00e9fugi\u00e9s de Manaus \u00e0 acc\u00e9der aux services de la r\u00e9gion. Le savoir et la solidarit\u00e9 se transmettant de g\u00e9n\u00e9ration en g\u00e9n\u00e9ration, la fille a suivi les traces de sa m\u00e8re et a contribu\u00e9 au d\u00e9veloppement d&rsquo;actions d&rsquo;inclusion avec la population Warao.<\/span><\/p>\n<div id=\"attachment_75243\" style=\"width: 790px\" class=\"wp-caption alignnone\"><img decoding=\"async\" aria-describedby=\"caption-attachment-75243\" class=\"size-medium wp-image-75243\" src=\"https:\/\/www.unhcr.ca\/wp-content\/uploads\/2023\/06\/FIC_7528-1-780x520.png\" alt=\"Deisy et Daisy : la m\u00e8re (\u00e0 droite) a inspir\u00e9 sa fille pour soutenir la communaut\u00e9 des r\u00e9fugi\u00e9s et des migrants \u00e0 Manaus.\" width=\"780\" height=\"520\" \/><p id=\"caption-attachment-75243\" class=\"wp-caption-text\">Deisy et Daisy : la m\u00e8re (\u00e0 droite) a inspir\u00e9 sa fille pour soutenir la communaut\u00e9 des r\u00e9fugi\u00e9s et des migrants \u00e0 Manaus.<\/p><\/div>\n<p><span data-contrast=\"auto\">Des histoires comme celle de Daisy montrent l&rsquo;importance de l&rsquo;implication de la communaut\u00e9 et du travail coordonn\u00e9 des institutions d&rsquo;aide aux r\u00e9fugi\u00e9s.\u00a0<\/span><span data-ccp-props=\"{&quot;201341983&quot;:0,&quot;335559739&quot;:160,&quot;335559740&quot;:259}\">\u00a0<\/span><\/p>\n<p><span data-contrast=\"auto\">Cette initiative, mise en \u0153uvre par l&rsquo;Instituto Mana, est cofinanc\u00e9e par la Direction g\u00e9n\u00e9rale europ\u00e9enne pour la protection civile et les op\u00e9rations d&rsquo;aide humanitaire (ECHO), qui contribue, avec le bureau br\u00e9silien du HCR, \u00e0 aider les r\u00e9fugi\u00e9s, y compris les populations autochtones, \u00e0 acc\u00e9der \u00e0 la protection et aux droits essentiels tels que la documentation, la sant\u00e9 et l&rsquo;\u00e9ducation.\u00a0<\/span><span data-ccp-props=\"{&quot;201341983&quot;:0,&quot;335559739&quot;:160,&quot;335559740&quot;:259}\">\u00a0<\/span><\/p>\n<p><span data-contrast=\"auto\">\u00ab Nous cherchons \u00e0 suivre de pr\u00e8s les demandes des communaut\u00e9s. L&rsquo;implication des r\u00e9fugi\u00e9s dans ce processus est ce qui fait la diff\u00e9rence, comme Daisy l&rsquo;a fait dans la vie de ces enfants \u00bb, explique Geisy Rodr\u00edguez, de l&rsquo;Instituto Mana, partenaire du HCR.\u00a0<\/span><span data-ccp-props=\"{&quot;201341983&quot;:0,&quot;335559739&quot;:160,&quot;335559740&quot;:259}\">\u00a0<\/span><\/p>\n<p><span data-contrast=\"auto\">Ces actions visant \u00e0 favoriser l&rsquo;\u00e9ducation avec l&rsquo;int\u00e9gration et le respect des processus culturels de ce groupe ethnique sont d&rsquo;une importance fondamentale pour garantir les droits au Br\u00e9sil, explique Juliana Serra, responsable adjointe du HCR sur le terrain \u00e0 Manaus.\u00a0<\/span><span data-ccp-props=\"{&quot;201341983&quot;:0,&quot;335559739&quot;:160,&quot;335559740&quot;:259}\">\u00a0<\/span><\/p>\n<p><span data-contrast=\"auto\">\u00ab Plus de sept mille personnes de l&rsquo;ethnie Warao ont atterri au Br\u00e9sil depuis le d\u00e9but de la situation d&rsquo;urgence au Venezuela. Nous pensons que des actions comme celle-ci, visant \u00e0 renforcer l&rsquo;acc\u00e8s aux services et aux droits et \u00e0 valoriser les connaissances et les processus traditionnels des r\u00e9fugi\u00e9s autochtones, sont essentielles \u00e0 l&rsquo;int\u00e9gration de ces familles. \u00bb<\/span><span data-ccp-props=\"{&quot;201341983&quot;:0,&quot;335559739&quot;:160,&quot;335559740&quot;:259}\">\u00a0<\/span><\/p>\n","protected":false},"excerpt":{"rendered":"<p>La dirigeante communautaire Daisy Perez s&rsquo;efforce d&rsquo;assurer l&rsquo;\u00e9ducation des enfants autochtones r\u00e9fugi\u00e9s et migrants \u00e0 Manaus. Par Filipe Irnaldo Manaus, Br\u00e9sil, 27 juin 2023 &#8211; M\u00e8re de quatre enfants, l&rsquo;\u00e9ducatrice indig\u00e8ne v\u00e9n\u00e9zu\u00e9lienne Daisy P\u00e9rez est l&rsquo;incarnation de la sagesse populaire qui dit qu&rsquo;il y a toujours de la place pour un autre dans le c\u0153ur [&hellip;]<\/p>\n","protected":false},"author":26,"featured_media":75239,"comment_status":"closed","ping_status":"closed","sticky":false,"template":"","format":"standard","meta":{"_acf_changed":false,"_et_pb_use_builder":"","_et_pb_old_content":"","_et_gb_content_width":"","inline_featured_image":false,"footnotes":"","beyondwords_generate_audio":"1","beyondwords_integration_method":"","beyondwords_project_id":"8107","beyondwords_content_id":"6cba0f6b-5e15-414d-ab78-efc80bb4d3e5","beyondwords_preview_token":"","beyondwords_player_content":"","beyondwords_player_style":"","beyondwords_language_code":"","beyondwords_language_id":"","beyondwords_title_voice_id":"","beyondwords_body_voice_id":"","beyondwords_summary_voice_id":"","beyondwords_error_message":"","beyondwords_disabled":"","beyondwords_delete_content":"","beyondwords_podcast_id":"6cba0f6b-5e15-414d-ab78-efc80bb4d3e5","beyondwords_hash":"","publish_post_to_speechkit":"","speechkit_hash":"","speechkit_generate_audio":"","speechkit_project_id":"","speechkit_podcast_id":"","speechkit_error_message":"","speechkit_disabled":"","speechkit_access_key":"","speechkit_error":"","speechkit_info":"","speechkit_response":"","speechkit_retries":"","speechkit_status":"","speechkit_updated_at":"","_speechkit_link":"","_speechkit_text":""},"categories":[495,48],"tags":[257,499],"class_list":["post-75608","post","type-post","status-publish","format-standard","has-post-thumbnail","hentry","category-feature-story-fr","category-bulletin","tag-children-fr","tag-education-fr"],"acf":[],"yoast_head":"<!-- This site is optimized with the Yoast SEO Premium plugin v27.5 (Yoast SEO v27.5) - https:\/\/yoast.com\/product\/yoast-seo-premium-wordpress\/ -->\n<title>Une enseignante v\u00e9n\u00e9zu\u00e9lienne autochtone encourage la scolarisation des enfants Warao au Br\u00e9sil - HCR Canada<\/title>\n<meta name=\"robots\" content=\"index, follow, max-snippet:-1, max-image-preview:large, max-video-preview:-1\" \/>\n<link rel=\"canonical\" href=\"https:\/\/www.unhcr.ca\/fr\/news\/une-enseignante-venezuelienne-autochtone-encourage-la-scolarisation-des-enfants-warao-au-bresil\/\" \/>\n<meta property=\"og:locale\" content=\"fr_FR\" \/>\n<meta property=\"og:type\" content=\"article\" \/>\n<meta property=\"og:title\" content=\"Une enseignante v\u00e9n\u00e9zu\u00e9lienne autochtone encourage la scolarisation des enfants Warao au Br\u00e9sil\" \/>\n<meta property=\"og:description\" content=\"La dirigeante communautaire Daisy Perez s&rsquo;efforce d&rsquo;assurer l&rsquo;\u00e9ducation des enfants autochtones r\u00e9fugi\u00e9s et migrants \u00e0 Manaus. Par Filipe Irnaldo Manaus, Br\u00e9sil, 27 juin 2023 &#8211; M\u00e8re de quatre enfants, l&rsquo;\u00e9ducatrice indig\u00e8ne v\u00e9n\u00e9zu\u00e9lienne Daisy P\u00e9rez est l&rsquo;incarnation de la sagesse populaire qui dit qu&rsquo;il y a toujours de la place pour un autre dans le c\u0153ur [&hellip;]\" \/>\n<meta property=\"og:url\" content=\"https:\/\/www.unhcr.ca\/fr\/news\/une-enseignante-venezuelienne-autochtone-encourage-la-scolarisation-des-enfants-warao-au-bresil\/\" \/>\n<meta property=\"og:site_name\" content=\"HCR Canada\" \/>\n<meta property=\"article:publisher\" content=\"https:\/\/www.facebook.com\/UNHCRCanada\" \/>\n<meta property=\"article:published_time\" content=\"2023-06-30T18:47:40+00:00\" \/>\n<meta property=\"article:modified_time\" content=\"2023-08-03T21:22:00+00:00\" \/>\n<meta property=\"og:image\" content=\"https:\/\/www.unhcr.ca\/wp-content\/uploads\/2023\/06\/FIC_7534-1360x906.png\" \/>\n\t<meta property=\"og:image:width\" content=\"1360\" \/>\n\t<meta property=\"og:image:height\" content=\"906\" \/>\n\t<meta property=\"og:image:type\" content=\"image\/png\" \/>\n<meta name=\"author\" content=\"Lauren La Rose\" \/>\n<meta name=\"twitter:card\" content=\"summary_large_image\" \/>\n<meta name=\"twitter:creator\" content=\"@UNHCRCanada\" \/>\n<meta name=\"twitter:site\" content=\"@UNHCRCanada\" \/>\n<meta name=\"twitter:label1\" content=\"\u00c9crit par\" \/>\n\t<meta name=\"twitter:data1\" content=\"Lauren La Rose\" \/>\n\t<meta name=\"twitter:label2\" content=\"Dur\u00e9e de lecture estim\u00e9e\" \/>\n\t<meta name=\"twitter:data2\" content=\"4 minutes\" \/>\n<script type=\"application\/ld+json\" class=\"yoast-schema-graph\">{\"@context\":\"https:\\\/\\\/schema.org\",\"@graph\":[{\"@type\":\"Article\",\"@id\":\"https:\\\/\\\/www.unhcr.ca\\\/fr\\\/news\\\/une-enseignante-venezuelienne-autochtone-encourage-la-scolarisation-des-enfants-warao-au-bresil\\\/#article\",\"isPartOf\":{\"@id\":\"https:\\\/\\\/www.unhcr.ca\\\/fr\\\/news\\\/une-enseignante-venezuelienne-autochtone-encourage-la-scolarisation-des-enfants-warao-au-bresil\\\/\"},\"author\":{\"name\":\"Lauren La Rose\",\"@id\":\"https:\\\/\\\/www.unhcr.ca\\\/#\\\/schema\\\/person\\\/d22a4536f2681cfba88a0867ecaec837\"},\"headline\":\"Une enseignante v\u00e9n\u00e9zu\u00e9lienne autochtone encourage la scolarisation des enfants Warao au Br\u00e9sil\",\"datePublished\":\"2023-06-30T18:47:40+00:00\",\"dateModified\":\"2023-08-03T21:22:00+00:00\",\"mainEntityOfPage\":{\"@id\":\"https:\\\/\\\/www.unhcr.ca\\\/fr\\\/news\\\/une-enseignante-venezuelienne-autochtone-encourage-la-scolarisation-des-enfants-warao-au-bresil\\\/\"},\"wordCount\":932,\"image\":{\"@id\":\"https:\\\/\\\/www.unhcr.ca\\\/fr\\\/news\\\/une-enseignante-venezuelienne-autochtone-encourage-la-scolarisation-des-enfants-warao-au-bresil\\\/#primaryimage\"},\"thumbnailUrl\":\"https:\\\/\\\/www.unhcr.ca\\\/wp-content\\\/uploads\\\/2023\\\/06\\\/FIC_7534.png\",\"keywords\":[\"Children\",\"Education\"],\"articleSection\":[\"\u00c0 la Une\",\"Bulletin\"],\"inLanguage\":\"fr-FR\"},{\"@type\":\"WebPage\",\"@id\":\"https:\\\/\\\/www.unhcr.ca\\\/fr\\\/news\\\/une-enseignante-venezuelienne-autochtone-encourage-la-scolarisation-des-enfants-warao-au-bresil\\\/\",\"url\":\"https:\\\/\\\/www.unhcr.ca\\\/fr\\\/news\\\/une-enseignante-venezuelienne-autochtone-encourage-la-scolarisation-des-enfants-warao-au-bresil\\\/\",\"name\":\"Une enseignante v\u00e9n\u00e9zu\u00e9lienne autochtone encourage la scolarisation des enfants Warao au Br\u00e9sil - HCR Canada\",\"isPartOf\":{\"@id\":\"https:\\\/\\\/www.unhcr.ca\\\/#website\"},\"primaryImageOfPage\":{\"@id\":\"https:\\\/\\\/www.unhcr.ca\\\/fr\\\/news\\\/une-enseignante-venezuelienne-autochtone-encourage-la-scolarisation-des-enfants-warao-au-bresil\\\/#primaryimage\"},\"image\":{\"@id\":\"https:\\\/\\\/www.unhcr.ca\\\/fr\\\/news\\\/une-enseignante-venezuelienne-autochtone-encourage-la-scolarisation-des-enfants-warao-au-bresil\\\/#primaryimage\"},\"thumbnailUrl\":\"https:\\\/\\\/www.unhcr.ca\\\/wp-content\\\/uploads\\\/2023\\\/06\\\/FIC_7534.png\",\"datePublished\":\"2023-06-30T18:47:40+00:00\",\"dateModified\":\"2023-08-03T21:22:00+00:00\",\"author\":{\"@id\":\"https:\\\/\\\/www.unhcr.ca\\\/#\\\/schema\\\/person\\\/d22a4536f2681cfba88a0867ecaec837\"},\"breadcrumb\":{\"@id\":\"https:\\\/\\\/www.unhcr.ca\\\/fr\\\/news\\\/une-enseignante-venezuelienne-autochtone-encourage-la-scolarisation-des-enfants-warao-au-bresil\\\/#breadcrumb\"},\"inLanguage\":\"fr-FR\",\"potentialAction\":[{\"@type\":\"ReadAction\",\"target\":[\"https:\\\/\\\/www.unhcr.ca\\\/fr\\\/news\\\/une-enseignante-venezuelienne-autochtone-encourage-la-scolarisation-des-enfants-warao-au-bresil\\\/\"]}]},{\"@type\":\"ImageObject\",\"inLanguage\":\"fr-FR\",\"@id\":\"https:\\\/\\\/www.unhcr.ca\\\/fr\\\/news\\\/une-enseignante-venezuelienne-autochtone-encourage-la-scolarisation-des-enfants-warao-au-bresil\\\/#primaryimage\",\"url\":\"https:\\\/\\\/www.unhcr.ca\\\/wp-content\\\/uploads\\\/2023\\\/06\\\/FIC_7534.png\",\"contentUrl\":\"https:\\\/\\\/www.unhcr.ca\\\/wp-content\\\/uploads\\\/2023\\\/06\\\/FIC_7534.png\",\"width\":2048,\"height\":1365,\"caption\":\"L'enseignante Daisy met \u00e0 profit ses 15 ann\u00e9es d'exp\u00e9rience en tant qu'\u00e9ducatrice pour aider les enfants Warao dans leur processus d'apprentissage \u00e0 Manaus.\"},{\"@type\":\"BreadcrumbList\",\"@id\":\"https:\\\/\\\/www.unhcr.ca\\\/fr\\\/news\\\/une-enseignante-venezuelienne-autochtone-encourage-la-scolarisation-des-enfants-warao-au-bresil\\\/#breadcrumb\",\"itemListElement\":[{\"@type\":\"ListItem\",\"position\":1,\"name\":\"Home\",\"item\":\"https:\\\/\\\/www.unhcr.ca\\\/fr\\\/homepage2020\\\/\"},{\"@type\":\"ListItem\",\"position\":2,\"name\":\"Une enseignante v\u00e9n\u00e9zu\u00e9lienne autochtone encourage la scolarisation des enfants Warao au Br\u00e9sil\"}]},{\"@type\":\"WebSite\",\"@id\":\"https:\\\/\\\/www.unhcr.ca\\\/#website\",\"url\":\"https:\\\/\\\/www.unhcr.ca\\\/\",\"name\":\"HCR Canada\",\"description\":\"L\u2019Agence des Nations Unies pour les r\u00e9fugi\u00e9s\",\"potentialAction\":[{\"@type\":\"SearchAction\",\"target\":{\"@type\":\"EntryPoint\",\"urlTemplate\":\"https:\\\/\\\/www.unhcr.ca\\\/?s={search_term_string}\"},\"query-input\":{\"@type\":\"PropertyValueSpecification\",\"valueRequired\":true,\"valueName\":\"search_term_string\"}}],\"inLanguage\":\"fr-FR\"},{\"@type\":\"Person\",\"@id\":\"https:\\\/\\\/www.unhcr.ca\\\/#\\\/schema\\\/person\\\/d22a4536f2681cfba88a0867ecaec837\",\"name\":\"Lauren La Rose\",\"image\":{\"@type\":\"ImageObject\",\"inLanguage\":\"fr-FR\",\"@id\":\"https:\\\/\\\/secure.gravatar.com\\\/avatar\\\/8921ed56bf2dfaee26d6b52ff5aa5aa4c8403f8460385fc83d28d7a9444d6aa3?s=96&d=mm&r=g\",\"url\":\"https:\\\/\\\/secure.gravatar.com\\\/avatar\\\/8921ed56bf2dfaee26d6b52ff5aa5aa4c8403f8460385fc83d28d7a9444d6aa3?s=96&d=mm&r=g\",\"contentUrl\":\"https:\\\/\\\/secure.gravatar.com\\\/avatar\\\/8921ed56bf2dfaee26d6b52ff5aa5aa4c8403f8460385fc83d28d7a9444d6aa3?s=96&d=mm&r=g\",\"caption\":\"Lauren La Rose\"},\"url\":\"https:\\\/\\\/www.unhcr.ca\\\/fr\\\/news\\\/author\\\/laurenlarose\\\/\"}]}<\/script>\n<!-- \/ Yoast SEO Premium plugin. -->","yoast_head_json":{"title":"Une enseignante v\u00e9n\u00e9zu\u00e9lienne autochtone encourage la scolarisation des enfants Warao au Br\u00e9sil - HCR Canada","robots":{"index":"index","follow":"follow","max-snippet":"max-snippet:-1","max-image-preview":"max-image-preview:large","max-video-preview":"max-video-preview:-1"},"canonical":"https:\/\/www.unhcr.ca\/fr\/news\/une-enseignante-venezuelienne-autochtone-encourage-la-scolarisation-des-enfants-warao-au-bresil\/","og_locale":"fr_FR","og_type":"article","og_title":"Une enseignante v\u00e9n\u00e9zu\u00e9lienne autochtone encourage la scolarisation des enfants Warao au Br\u00e9sil","og_description":"La dirigeante communautaire Daisy Perez s&rsquo;efforce d&rsquo;assurer l&rsquo;\u00e9ducation des enfants autochtones r\u00e9fugi\u00e9s et migrants \u00e0 Manaus. Par Filipe Irnaldo Manaus, Br\u00e9sil, 27 juin 2023 &#8211; M\u00e8re de quatre enfants, l&rsquo;\u00e9ducatrice indig\u00e8ne v\u00e9n\u00e9zu\u00e9lienne Daisy P\u00e9rez est l&rsquo;incarnation de la sagesse populaire qui dit qu&rsquo;il y a toujours de la place pour un autre dans le c\u0153ur [&hellip;]","og_url":"https:\/\/www.unhcr.ca\/fr\/news\/une-enseignante-venezuelienne-autochtone-encourage-la-scolarisation-des-enfants-warao-au-bresil\/","og_site_name":"HCR Canada","article_publisher":"https:\/\/www.facebook.com\/UNHCRCanada","article_published_time":"2023-06-30T18:47:40+00:00","article_modified_time":"2023-08-03T21:22:00+00:00","og_image":[{"width":1360,"height":906,"url":"https:\/\/www.unhcr.ca\/wp-content\/uploads\/2023\/06\/FIC_7534-1360x906.png","type":"image\/png"}],"author":"Lauren La Rose","twitter_card":"summary_large_image","twitter_creator":"@UNHCRCanada","twitter_site":"@UNHCRCanada","twitter_misc":{"\u00c9crit par":"Lauren La Rose","Dur\u00e9e de lecture estim\u00e9e":"4 minutes"},"schema":{"@context":"https:\/\/schema.org","@graph":[{"@type":"Article","@id":"https:\/\/www.unhcr.ca\/fr\/news\/une-enseignante-venezuelienne-autochtone-encourage-la-scolarisation-des-enfants-warao-au-bresil\/#article","isPartOf":{"@id":"https:\/\/www.unhcr.ca\/fr\/news\/une-enseignante-venezuelienne-autochtone-encourage-la-scolarisation-des-enfants-warao-au-bresil\/"},"author":{"name":"Lauren La Rose","@id":"https:\/\/www.unhcr.ca\/#\/schema\/person\/d22a4536f2681cfba88a0867ecaec837"},"headline":"Une enseignante v\u00e9n\u00e9zu\u00e9lienne autochtone encourage la scolarisation des enfants Warao au Br\u00e9sil","datePublished":"2023-06-30T18:47:40+00:00","dateModified":"2023-08-03T21:22:00+00:00","mainEntityOfPage":{"@id":"https:\/\/www.unhcr.ca\/fr\/news\/une-enseignante-venezuelienne-autochtone-encourage-la-scolarisation-des-enfants-warao-au-bresil\/"},"wordCount":932,"image":{"@id":"https:\/\/www.unhcr.ca\/fr\/news\/une-enseignante-venezuelienne-autochtone-encourage-la-scolarisation-des-enfants-warao-au-bresil\/#primaryimage"},"thumbnailUrl":"https:\/\/www.unhcr.ca\/wp-content\/uploads\/2023\/06\/FIC_7534.png","keywords":["Children","Education"],"articleSection":["\u00c0 la Une","Bulletin"],"inLanguage":"fr-FR"},{"@type":"WebPage","@id":"https:\/\/www.unhcr.ca\/fr\/news\/une-enseignante-venezuelienne-autochtone-encourage-la-scolarisation-des-enfants-warao-au-bresil\/","url":"https:\/\/www.unhcr.ca\/fr\/news\/une-enseignante-venezuelienne-autochtone-encourage-la-scolarisation-des-enfants-warao-au-bresil\/","name":"Une enseignante v\u00e9n\u00e9zu\u00e9lienne autochtone encourage la scolarisation des enfants Warao au Br\u00e9sil - HCR Canada","isPartOf":{"@id":"https:\/\/www.unhcr.ca\/#website"},"primaryImageOfPage":{"@id":"https:\/\/www.unhcr.ca\/fr\/news\/une-enseignante-venezuelienne-autochtone-encourage-la-scolarisation-des-enfants-warao-au-bresil\/#primaryimage"},"image":{"@id":"https:\/\/www.unhcr.ca\/fr\/news\/une-enseignante-venezuelienne-autochtone-encourage-la-scolarisation-des-enfants-warao-au-bresil\/#primaryimage"},"thumbnailUrl":"https:\/\/www.unhcr.ca\/wp-content\/uploads\/2023\/06\/FIC_7534.png","datePublished":"2023-06-30T18:47:40+00:00","dateModified":"2023-08-03T21:22:00+00:00","author":{"@id":"https:\/\/www.unhcr.ca\/#\/schema\/person\/d22a4536f2681cfba88a0867ecaec837"},"breadcrumb":{"@id":"https:\/\/www.unhcr.ca\/fr\/news\/une-enseignante-venezuelienne-autochtone-encourage-la-scolarisation-des-enfants-warao-au-bresil\/#breadcrumb"},"inLanguage":"fr-FR","potentialAction":[{"@type":"ReadAction","target":["https:\/\/www.unhcr.ca\/fr\/news\/une-enseignante-venezuelienne-autochtone-encourage-la-scolarisation-des-enfants-warao-au-bresil\/"]}]},{"@type":"ImageObject","inLanguage":"fr-FR","@id":"https:\/\/www.unhcr.ca\/fr\/news\/une-enseignante-venezuelienne-autochtone-encourage-la-scolarisation-des-enfants-warao-au-bresil\/#primaryimage","url":"https:\/\/www.unhcr.ca\/wp-content\/uploads\/2023\/06\/FIC_7534.png","contentUrl":"https:\/\/www.unhcr.ca\/wp-content\/uploads\/2023\/06\/FIC_7534.png","width":2048,"height":1365,"caption":"L'enseignante Daisy met \u00e0 profit ses 15 ann\u00e9es d'exp\u00e9rience en tant qu'\u00e9ducatrice pour aider les enfants Warao dans leur processus d'apprentissage \u00e0 Manaus."},{"@type":"BreadcrumbList","@id":"https:\/\/www.unhcr.ca\/fr\/news\/une-enseignante-venezuelienne-autochtone-encourage-la-scolarisation-des-enfants-warao-au-bresil\/#breadcrumb","itemListElement":[{"@type":"ListItem","position":1,"name":"Home","item":"https:\/\/www.unhcr.ca\/fr\/homepage2020\/"},{"@type":"ListItem","position":2,"name":"Une enseignante v\u00e9n\u00e9zu\u00e9lienne autochtone encourage la scolarisation des enfants Warao au Br\u00e9sil"}]},{"@type":"WebSite","@id":"https:\/\/www.unhcr.ca\/#website","url":"https:\/\/www.unhcr.ca\/","name":"HCR Canada","description":"L\u2019Agence des Nations Unies pour les r\u00e9fugi\u00e9s","potentialAction":[{"@type":"SearchAction","target":{"@type":"EntryPoint","urlTemplate":"https:\/\/www.unhcr.ca\/?s={search_term_string}"},"query-input":{"@type":"PropertyValueSpecification","valueRequired":true,"valueName":"search_term_string"}}],"inLanguage":"fr-FR"},{"@type":"Person","@id":"https:\/\/www.unhcr.ca\/#\/schema\/person\/d22a4536f2681cfba88a0867ecaec837","name":"Lauren La Rose","image":{"@type":"ImageObject","inLanguage":"fr-FR","@id":"https:\/\/secure.gravatar.com\/avatar\/8921ed56bf2dfaee26d6b52ff5aa5aa4c8403f8460385fc83d28d7a9444d6aa3?s=96&d=mm&r=g","url":"https:\/\/secure.gravatar.com\/avatar\/8921ed56bf2dfaee26d6b52ff5aa5aa4c8403f8460385fc83d28d7a9444d6aa3?s=96&d=mm&r=g","contentUrl":"https:\/\/secure.gravatar.com\/avatar\/8921ed56bf2dfaee26d6b52ff5aa5aa4c8403f8460385fc83d28d7a9444d6aa3?s=96&d=mm&r=g","caption":"Lauren La Rose"},"url":"https:\/\/www.unhcr.ca\/fr\/news\/author\/laurenlarose\/"}]}},"_links":{"self":[{"href":"https:\/\/www.unhcr.ca\/fr\/wp-json\/wp\/v2\/posts\/75608","targetHints":{"allow":["GET"]}}],"collection":[{"href":"https:\/\/www.unhcr.ca\/fr\/wp-json\/wp\/v2\/posts"}],"about":[{"href":"https:\/\/www.unhcr.ca\/fr\/wp-json\/wp\/v2\/types\/post"}],"author":[{"embeddable":true,"href":"https:\/\/www.unhcr.ca\/fr\/wp-json\/wp\/v2\/users\/26"}],"replies":[{"embeddable":true,"href":"https:\/\/www.unhcr.ca\/fr\/wp-json\/wp\/v2\/comments?post=75608"}],"version-history":[{"count":0,"href":"https:\/\/www.unhcr.ca\/fr\/wp-json\/wp\/v2\/posts\/75608\/revisions"}],"wp:featuredmedia":[{"embeddable":true,"href":"https:\/\/www.unhcr.ca\/fr\/wp-json\/wp\/v2\/media\/75239"}],"wp:attachment":[{"href":"https:\/\/www.unhcr.ca\/fr\/wp-json\/wp\/v2\/media?parent=75608"}],"wp:term":[{"taxonomy":"category","embeddable":true,"href":"https:\/\/www.unhcr.ca\/fr\/wp-json\/wp\/v2\/categories?post=75608"},{"taxonomy":"post_tag","embeddable":true,"href":"https:\/\/www.unhcr.ca\/fr\/wp-json\/wp\/v2\/tags?post=75608"}],"curies":[{"name":"wp","href":"https:\/\/api.w.org\/{rel}","templated":true}]}}