{"id":74427,"date":"2023-05-15T10:47:23","date_gmt":"2023-05-15T14:47:23","guid":{"rendered":"https:\/\/www.unhcr.ca\/?p=74427"},"modified":"2023-05-17T11:07:06","modified_gmt":"2023-05-17T15:07:06","slug":"les-violences-au-soudan-forcent-les-refugies-du-soudan-du-sud-a-rentrer-au-pays","status":"publish","type":"post","link":"https:\/\/www.unhcr.ca\/fr\/news\/les-violences-au-soudan-forcent-les-refugies-du-soudan-du-sud-a-rentrer-au-pays\/","title":{"rendered":"Les violences au Soudan forcent les r\u00e9fugi\u00e9s du Soudan du Sud \u00e0 rentrer au pays"},"content":{"rendered":"<div id=\"attachment_74380\" style=\"width: 1410px\" class=\"wp-caption aligncenter\"><img decoding=\"async\" aria-describedby=\"caption-attachment-74380\" class=\"wp-image-74380 size-full\" src=\"https:\/\/www.unhcr.ca\/wp-content\/uploads\/2023\/05\/rf1281246.png\" alt=\"\" width=\"1400\" height=\"650\" srcset=\"https:\/\/www.unhcr.ca\/wp-content\/uploads\/2023\/05\/rf1281246.png 1400w, https:\/\/www.unhcr.ca\/wp-content\/uploads\/2023\/05\/rf1281246-1280x594.png 1280w, https:\/\/www.unhcr.ca\/wp-content\/uploads\/2023\/05\/rf1281246-980x455.png 980w, https:\/\/www.unhcr.ca\/wp-content\/uploads\/2023\/05\/rf1281246-480x223.png 480w\" sizes=\"(min-width: 0px) and (max-width: 480px) 480px, (min-width: 481px) and (max-width: 980px) 980px, (min-width: 981px) and (max-width: 1280px) 1280px, (min-width: 1281px) 1400px, 100vw\" \/><p id=\"caption-attachment-74380\" class=\"wp-caption-text\">Malual Mayom Deng et sa famille au poste fronti\u00e8re de Joda \u00e0 Renk, au Soudan du Sud, o\u00f9 des dizaines de milliers de rapatri\u00e9s sud-soudanais ont franchi la fronti\u00e8re apr\u00e8s avoir fui les violences au Soudan. \u00a9 HCR\/Charlotte Hallqvist<\/p><\/div>\n<h3><strong>Des dizaines de milliers de r\u00e9fugi\u00e9s sud-soudanais rentrent chez eux pour \u00e9chapper \u00e0 la violence au Soudan, mais beaucoup se retrouvent coinc\u00e9s dans des zones frontali\u00e8res isol\u00e9es.<\/strong><\/h3>\n<div class=\"field field--name-field-byline field--type-string field--label-hidden field__item\">Par Charlotte Hallqvist | <span class=\"created\">15 Mai\u00a02023\u00a0<\/span><\/div>\n<hr \/>\n<h3>Alekiir Kaman Dau Ayuel, 25 ans, est assise sous un arbre avec sa m\u00e8re, ses tantes et ses fr\u00e8res \u00e0 l&rsquo;ext\u00e9rieur d&rsquo;un centre de transit dans le comt\u00e9 de Renk, dans l&rsquo;Etat du Haut-Nil au Soudan du Sud. Ils viennent de franchir la fronti\u00e8re du Soudan apr\u00e8s avoir fui Khartoum, o\u00f9 les combats se poursuivent.<\/h3>\n<hr \/>\n<p>Alekiir \u00e9tudiait l&rsquo;informatique \u00e0 l&rsquo;Universit\u00e9 internationale d&rsquo;Afrique \u00e0 Khartoum et pr\u00e9voyait de se r\u00e9orienter vers la biologie lorsque les violences ont \u00e9clat\u00e9 le 15 avril. Terrifi\u00e9s, elle et sa famille se sont r\u00e9fugi\u00e9s dans leur maison alors que les combats faisaient rage dans la rue. Ils entendaient le bruit des coups de feu et des frappes a\u00e9riennes.<\/p>\n<h3 style=\"text-align: center;\"><strong>\u00ab\u00a0<i>Beaucoup de gens sont morts, et ils n&rsquo;ont m\u00eame pas \u00e9t\u00e9 enterr\u00e9s.<\/i>\u00ab\u00a0<\/strong><\/h3>\n<p><i>\u00ab\u00a0Beaucoup de gens sont morts, et ils n&rsquo;ont m\u00eame pas \u00e9t\u00e9 enterr\u00e9s, les corps sont rest\u00e9s dans la rue\u00a0\u00bb<\/i>, raconte-t-elle.<\/p>\n<p>Lors d&rsquo;une tr\u00eave dans les hostilit\u00e9s, ils ont saisi l&rsquo;occasion et se sont enfuis. Ils sont mont\u00e9s dans un bus, abandonnant tout derri\u00e8re eux pour se mettre \u00e0 l&rsquo;abri au Soudan du Sud, le pays qu&rsquo;ils avaient fui pr\u00e8s d&rsquo;une d\u00e9cennie plus t\u00f4t alors que la guerre civile \u00e9tait \u00e0 son comble.<\/p>\n<p><i>\u00ab\u00a0Je pensais que je quitterais Khartoum un jour apr\u00e8s avoir termin\u00e9 l&rsquo;universit\u00e9 et que je chercherais du travail, mais je n&rsquo;avais pas imagin\u00e9 qu&rsquo;il y aurait une guerre\u00a0\u00bb<\/i>, confie Alekiir.<\/p>\n<div id=\"attachment_74382\" style=\"width: 1448px\" class=\"wp-caption aligncenter\"><img decoding=\"async\" aria-describedby=\"caption-attachment-74382\" class=\"wp-image-74382 size-full\" src=\"https:\/\/www.unhcr.ca\/wp-content\/uploads\/2023\/05\/rf1281265.png\" alt=\"\" width=\"1438\" height=\"958\" srcset=\"https:\/\/www.unhcr.ca\/wp-content\/uploads\/2023\/05\/rf1281265.png 1438w, https:\/\/www.unhcr.ca\/wp-content\/uploads\/2023\/05\/rf1281265-1280x853.png 1280w, https:\/\/www.unhcr.ca\/wp-content\/uploads\/2023\/05\/rf1281265-980x653.png 980w, https:\/\/www.unhcr.ca\/wp-content\/uploads\/2023\/05\/rf1281265-480x320.png 480w\" sizes=\"(min-width: 0px) and (max-width: 480px) 480px, (min-width: 481px) and (max-width: 980px) 980px, (min-width: 981px) and (max-width: 1280px) 1280px, (min-width: 1281px) 1438px, 100vw\" \/><p id=\"caption-attachment-74382\" class=\"wp-caption-text\">Alekiir (\u00e0 gauche) en compagnie de sa tante, de sa m\u00e8re et de sa cousine \u00e0 l&rsquo;ext\u00e9rieur d&rsquo;un centre de transit \u00e0 Renk. \u00a9 HCR\/Charlotte Hallqvist<\/p><\/div>\n<h2><strong>Une zone frontali\u00e8re sous pression<\/strong><\/h2>\n<p>Quelque 800 000 r\u00e9fugi\u00e9s sud-soudanais vivaient au Soudan, mais depuis que la violence a \u00e9clat\u00e9 \u00e0 Khartoum et s&rsquo;est rapidement propag\u00e9e \u00e0 d&rsquo;autres r\u00e9gions, pr\u00e8s de 46 000 d&rsquo;entre eux ont regagn\u00e9 le pays qu&rsquo;ils avaient fui. Un grand nombre d&rsquo;entre eux sont aujourd&rsquo;hui bloqu\u00e9s \u00e0 Renk, o\u00f9 les services disponibles sont extr\u00eamement limit\u00e9s et o\u00f9 les organisations humanitaires se mobilisent afin de renforcer l&rsquo;aide d&rsquo;urgence.<\/p>\n<p>Le HCR, l&rsquo;Agence des Nations Unies pour les r\u00e9fugi\u00e9s, aide \u00e0 transf\u00e9rer les personnes de la fronti\u00e8re vers le centre de transit qu&rsquo;il a mis en place avec ses partenaires humanitaires. L\u00e0, les nouveaux arrivants re\u00e7oivent des biens de premi\u00e8re n\u00e9cessit\u00e9 tels que de la nourriture, de l&rsquo;eau, des couvertures, des nattes et des seaux, ainsi qu&rsquo;un traitement m\u00e9dical d&rsquo;urgence. Le HCR construit actuellement des abris collectifs pour h\u00e9berger plus de 500 personnes parmi les plus vuln\u00e9rables, ainsi que des latrines d&rsquo;urgence.<\/p>\n<div id=\"attachment_74384\" style=\"width: 1510px\" class=\"wp-caption aligncenter\"><img decoding=\"async\" aria-describedby=\"caption-attachment-74384\" class=\"wp-image-74384 size-full\" src=\"https:\/\/www.unhcr.ca\/wp-content\/uploads\/2023\/05\/rf1281241.png\" alt=\"\" width=\"1500\" height=\"1000\" srcset=\"https:\/\/www.unhcr.ca\/wp-content\/uploads\/2023\/05\/rf1281241.png 1500w, https:\/\/www.unhcr.ca\/wp-content\/uploads\/2023\/05\/rf1281241-1280x853.png 1280w, https:\/\/www.unhcr.ca\/wp-content\/uploads\/2023\/05\/rf1281241-980x653.png 980w, https:\/\/www.unhcr.ca\/wp-content\/uploads\/2023\/05\/rf1281241-480x320.png 480w\" sizes=\"(min-width: 0px) and (max-width: 480px) 480px, (min-width: 481px) and (max-width: 980px) 980px, (min-width: 981px) and (max-width: 1280px) 1280px, (min-width: 1281px) 1500px, 100vw\" \/><p id=\"caption-attachment-74384\" class=\"wp-caption-text\">Le centre de transit de Renk fournit aux nouveaux arrivants des biens de premi\u00e8re n\u00e9cessit\u00e9 tels que de la nourriture, de l&rsquo;eau et des couvertures. \u00a9 HCR\/Charlotte Hallqvist<\/p><\/div>\n<p>Mais cette nouvelle crise met \u00e0 rude \u00e9preuve des op\u00e9rations humanitaires d\u00e9j\u00e0 tr\u00e8s sollicit\u00e9es et insuffisamment financ\u00e9es dans un pays qui se remet encore des ravages d&rsquo;une guerre civile brutale qui a dur\u00e9 sept ans et qui s&rsquo;est achev\u00e9e en 2020. Plus de 2,2 millions de personnes sont toujours d\u00e9plac\u00e9es \u00e0 l&rsquo;int\u00e9rieur du pays en raison du conflit et des effets du changement climatique, tandis que les trois quarts de la population ont besoin d&rsquo;une assistance humanitaire. De plus, le Soudan du Sud accueille plus de 300 000 r\u00e9fugi\u00e9s venus du Soudan et d&rsquo;autres pays.<\/p>\n<p>Les organisations humanitaires s&rsquo;inqui\u00e8tent des r\u00e9percussions plus larges du conflit soudanais sur la situation dans les r\u00e9gions situ\u00e9es au nord du Soudan du Sud, qui d\u00e9pendent du Soudan pour de nombreux produits de base et pour la nourriture. Le conflit affecte les \u00e9changes transfrontaliers, fait grimper en fl\u00e8che les prix du march\u00e9 et du carburant \u00e0 Renk et engendre une p\u00e9nurie d&rsquo;eau potable en bouteille et d&rsquo;autres produits de premi\u00e8re n\u00e9cessit\u00e9.<\/p>\n<h2><strong>Des possibilit\u00e9s de transport limit\u00e9es<\/strong><\/h2>\n<p>Parall\u00e8lement, les inondations li\u00e9es au changement climatique ont d\u00e9vast\u00e9 une grande partie de l&rsquo;infrastructure routi\u00e8re d\u00e9j\u00e0 limit\u00e9e dans le nord du Soudan du Sud. Pour les personnes rapatri\u00e9es qui esp\u00e8rent poursuivre leur voyage vers leur r\u00e9gion d&rsquo;origine, les possibilit\u00e9s de transport sont limit\u00e9es et inabordables pour la plupart d&rsquo;entre elles.<\/p>\n<p><i>\u00ab\u00a0Le HCR est pr\u00e9sent, et nous aidons \u00e0 transf\u00e9rer les personnes vers nos centres de transit, mais sans ressources suppl\u00e9mentaires, il sera difficile de les transporter plus loin\u00a0\u00bb,<\/i>\u00a0explique Lillian Sabasi, responsable de la protection au HCR.<\/p>\n<div id=\"attachment_74386\" style=\"width: 1510px\" class=\"wp-caption aligncenter\"><img decoding=\"async\" aria-describedby=\"caption-attachment-74386\" class=\"wp-image-74386 size-full\" src=\"https:\/\/www.unhcr.ca\/wp-content\/uploads\/2023\/05\/rf1281259.png\" alt=\"\" width=\"1500\" height=\"1000\" srcset=\"https:\/\/www.unhcr.ca\/wp-content\/uploads\/2023\/05\/rf1281259.png 1500w, https:\/\/www.unhcr.ca\/wp-content\/uploads\/2023\/05\/rf1281259-1280x853.png 1280w, https:\/\/www.unhcr.ca\/wp-content\/uploads\/2023\/05\/rf1281259-980x653.png 980w, https:\/\/www.unhcr.ca\/wp-content\/uploads\/2023\/05\/rf1281259-480x320.png 480w\" sizes=\"(min-width: 0px) and (max-width: 480px) 480px, (min-width: 481px) and (max-width: 980px) 980px, (min-width: 981px) and (max-width: 1280px) 1280px, (min-width: 1281px) 1500px, 100vw\" \/><p id=\"caption-attachment-74386\" class=\"wp-caption-text\">Un bus du HCR emm\u00e8ne les nouveaux arrivants les plus vuln\u00e9rables depuis le poste fronti\u00e8re de Joda jusqu&rsquo;au centre de transit de Renk. \u00a9 HCR\/Charlotte Hallqvist<\/p><\/div>\n<p>Malual Mayom Deng et sa famille ont d\u00e9pens\u00e9 la majeure partie de l&rsquo;argent dont ils disposaient pour acheter les billets de bus n\u00e9cessaires pour quitter le Soudan.<\/p>\n<p><i>\u00ab\u00a0Le billet pour une personne co\u00fbtait 35 000 livres soudanaises [58 dollars], et nous sommes huit, donc c&rsquo;\u00e9tait tr\u00e8s cher\u00a0\u00bb<\/i>, affirme-t-il.\u00a0<i>\u00ab\u00a0Il nous a fallu deux jours pour arriver au Soudan du Sud.\u00a0\u00bb<\/i><\/p>\n<p>Ils ont effectu\u00e9 la derni\u00e8re partie du voyage dans une charrette tir\u00e9e par un \u00e2ne, charg\u00e9e des seules affaires qu&rsquo;il leur restait.<\/p>\n<h3 style=\"text-align: center;\"><strong>\u00ab\u00a0<i>Aujourd&rsquo;hui, nous fuyons \u00e0 nouveau, cette fois-ci pour rentrer chez nous.<\/i>\u00ab\u00a0<\/strong><\/h3>\n<p>Comme pour Alekiir, ce n&rsquo;\u00e9tait pas la premi\u00e8re fois qu&rsquo;ils fuyaient un conflit.\u00a0<i>\u00ab\u00a0En 2016, nous avons fui le Soudan du Sud en raison de la guerre\u00a0\u00bb<\/i>, explique Malual.\u00a0<i>\u00ab\u00a0Nous sommes devenus des r\u00e9fugi\u00e9s au Soudan. Nous voulions \u00eatre en s\u00e9curit\u00e9. Aujourd&rsquo;hui, nous fuyons \u00e0 nouveau, cette fois-ci pour rentrer chez nous.\u00a0\u00bb<\/i><\/p>\n<p>Leur maison se trouve dans le nord de la r\u00e9gion de Bahr el Ghazal, \u00e0 des centaines de kilom\u00e8tres au sud-ouest. Il est difficile de savoir \u00e0 ce jour comment ils pourront s&rsquo;y rendre. M\u00eame le simple fait de contacter les membres de la famille rest\u00e9s sur place est un d\u00e9fi en raison de la mauvaise qualit\u00e9 du r\u00e9seau de t\u00e9l\u00e9phonie mobile.<\/p>\n<p>Ceux qui parviennent \u00e0 retourner dans leur r\u00e9gion d&rsquo;origine se retrouveront probablement au sein de communaut\u00e9s extr\u00eamement fragilis\u00e9es par le changement climatique, les conflits et l&rsquo;ins\u00e9curit\u00e9 alimentaire.<\/p>\n<div id=\"attachment_74388\" style=\"width: 1610px\" class=\"wp-caption aligncenter\"><img decoding=\"async\" aria-describedby=\"caption-attachment-74388\" class=\"wp-image-74388 size-full\" src=\"https:\/\/www.unhcr.ca\/wp-content\/uploads\/2023\/05\/RF1282702.png\" alt=\"\" width=\"1600\" height=\"900\" srcset=\"https:\/\/www.unhcr.ca\/wp-content\/uploads\/2023\/05\/RF1282702.png 1600w, https:\/\/www.unhcr.ca\/wp-content\/uploads\/2023\/05\/RF1282702-1280x720.png 1280w, https:\/\/www.unhcr.ca\/wp-content\/uploads\/2023\/05\/RF1282702-980x551.png 980w, https:\/\/www.unhcr.ca\/wp-content\/uploads\/2023\/05\/RF1282702-480x270.png 480w\" sizes=\"(min-width: 0px) and (max-width: 480px) 480px, (min-width: 481px) and (max-width: 980px) 980px, (min-width: 981px) and (max-width: 1280px) 1280px, (min-width: 1281px) 1600px, 100vw\" \/><p id=\"caption-attachment-74388\" class=\"wp-caption-text\">Lilian Sabasi, charg\u00e9e de protection au HCR, explique la situation \u00e0 la fronti\u00e8re entre le Soudan et le Sud-Soudan (vid\u00e9o en anglais). \u00a9 HCR<\/p><\/div>\n<p><i>\u00ab\u00a0Le Soudan du Sud \u00e9tait d\u00e9j\u00e0 confront\u00e9 \u00e0 une crise humanitaire majeure\u00a0\u00bb<\/i>, explique Lilian Sabasi.\u00a0<i>\u00ab\u00a0Un grand nombre de personnes rentrant chez elles de mani\u00e8re impr\u00e9vue pourrait d\u00e9stabiliser les communaut\u00e9s locales qui sont d\u00e9j\u00e0 en difficult\u00e9 et exacerber ainsi la crise.\u00a0\u00bb<\/i><\/p>\n<p>Alekiir et sa famille esp\u00e8rent retourner chez eux \u00e0 Melut, dans l&rsquo;\u00c9tat du Haut-Nil, au Soudan du Sud.<\/p>\n<p><i>\u00ab\u00a0Avant que la violence n&rsquo;\u00e9clate \u00e0 Khartoum, j&rsquo;avais beaucoup de projets\u00a0\u00bb<\/i>, confie-t-elle.\u00a0<i>\u00ab\u00a0Je voulais \u00e9tudier la biologie pour devenir m\u00e9decin et pouvoir aider les gens.\u00a0\u00bb<\/i><\/p>\n<p><i>\u00ab\u00a0Aujourd&rsquo;hui, je ne sais plus\u00a0\u00bb<\/i>, conclut-elle.\u00a0<i>\u00ab\u00a0Tant que je suis en vie, il me reste une chance, une possibilit\u00e9 de m&rsquo;en sortir.\u00a0\u00bb<\/i><\/p>\n<p><iframe title=\"South Sudanese refugees return home to escape conflict in Sudan\" width=\"1080\" height=\"608\" src=\"https:\/\/www.youtube.com\/embed\/lI0MTaGrAI0?feature=oembed\"  allow=\"accelerometer; autoplay; clipboard-write; encrypted-media; gyroscope; picture-in-picture; web-share\" allowfullscreen><\/iframe><\/p>\n<p>Publie par le\u00a0<a href=\"https:\/\/www.unhcr.org\/fr\/actualites\/articles-et-reportages\/les-violences-au-soudan-forcent-les-refugies-du-soudan-du-sud\">HCR<\/a>, le <span class=\"created\">15 Mai 2023.<\/span><\/p>\n<p><a href=\"https:\/\/give.unhcr.ca\/page\/126763\/donate\/1?ea.tracking.id=OL23FR_Sudan\"><img decoding=\"async\" class=\"wp-image-71592 size-full\" src=\"https:\/\/www.unhcr.ca\/wp-content\/uploads\/2022\/11\/Screen-Shot-2022-12-01-at-12.52.28-PM.png\" alt=\"Faire un don\" width=\"148\" height=\"51\" \/><\/a><\/p>\n","protected":false},"excerpt":{"rendered":"<p>Des dizaines de milliers de r\u00e9fugi\u00e9s sud-soudanais rentrent chez eux pour \u00e9chapper \u00e0 la violence au Soudan, mais beaucoup se retrouvent coinc\u00e9s dans des zones frontali\u00e8res isol\u00e9es.<\/p>\n","protected":false},"author":67,"featured_media":74381,"comment_status":"closed","ping_status":"closed","sticky":false,"template":"","format":"standard","meta":{"_acf_changed":false,"_et_pb_use_builder":"","_et_pb_old_content":"","_et_gb_content_width":"","inline_featured_image":false,"footnotes":""},"categories":[495,48,45],"tags":[1589,200,608,61,628],"class_list":["post-74427","post","type-post","status-publish","format-standard","has-post-thumbnail","hentry","category-feature-story-fr","category-bulletin","category-nouvelle","tag-conflit","tag-refugies","tag-soudan","tag-soudan-du-sud","tag-violence-fr"],"acf":[],"yoast_head":"<!-- This site is optimized with the Yoast SEO Premium plugin v28.3 (Yoast SEO v28.4) - https:\/\/yoast.com\/product\/yoast-seo-premium-wordpress\/ -->\n<title>Les violences au Soudan forcent les r\u00e9fugi\u00e9s du Soudan du Sud \u00e0 rentrer au pays<\/title>\n<meta name=\"description\" content=\"Des dizaines de milliers de r\u00e9fugi\u00e9s sud-soudanais rentrent chez eux pour \u00e9chapper \u00e0 la violence au Soudan, mais beaucoup se retrouvent coinc\u00e9s dans des zones frontali\u00e8res isol\u00e9es.\" \/>\n<meta name=\"robots\" content=\"index, follow, max-snippet:-1, max-image-preview:large, max-video-preview:-1\" \/>\n<link rel=\"canonical\" href=\"https:\/\/www.unhcr.org\/fr\/actualites\/articles-et-reportages\/les-violences-au-soudan-forcent-les-refugies-du-soudan-du-sud\" \/>\n<meta property=\"og:locale\" content=\"fr_FR\" \/>\n<meta property=\"og:type\" content=\"article\" \/>\n<meta property=\"og:title\" content=\"Les violences au Soudan forcent les r\u00e9fugi\u00e9s du Soudan du Sud \u00e0 rentrer au pays\" \/>\n<meta property=\"og:description\" content=\"Des dizaines de milliers de r\u00e9fugi\u00e9s sud-soudanais rentrent chez eux pour \u00e9chapper \u00e0 la violence au Soudan, mais beaucoup se retrouvent coinc\u00e9s dans des zones frontali\u00e8res isol\u00e9es.\" \/>\n<meta property=\"og:url\" content=\"https:\/\/www.unhcr.org\/fr\/actualites\/articles-et-reportages\/les-violences-au-soudan-forcent-les-refugies-du-soudan-du-sud\" \/>\n<meta property=\"og:site_name\" content=\"HCR Canada\" \/>\n<meta property=\"article:publisher\" content=\"https:\/\/www.facebook.com\/UNHCRCanada\" \/>\n<meta property=\"article:published_time\" content=\"2023-05-15T14:47:23+00:00\" \/>\n<meta property=\"article:modified_time\" content=\"2023-05-17T15:07:06+00:00\" \/>\n<meta property=\"og:image\" content=\"https:\/\/www.unhcr.ca\/wp-content\/uploads\/2023\/05\/rf1281246.png\" \/>\n\t<meta property=\"og:image:width\" content=\"1400\" \/>\n\t<meta property=\"og:image:height\" content=\"650\" \/>\n\t<meta property=\"og:image:type\" content=\"image\/png\" \/>\n<meta name=\"author\" content=\"Soo-Jung Kim\" \/>\n<meta name=\"twitter:card\" content=\"summary_large_image\" \/>\n<meta name=\"twitter:image\" content=\"https:\/\/www.unhcr.ca\/wp-content\/uploads\/2023\/05\/rf1281246.png\" \/>\n<meta name=\"twitter:creator\" content=\"@UNHCRCanada\" \/>\n<meta name=\"twitter:site\" content=\"@UNHCRCanada\" \/>\n<meta name=\"twitter:label1\" content=\"\u00c9crit par\" \/>\n\t<meta name=\"twitter:data1\" content=\"Soo-Jung Kim\" \/>\n\t<meta name=\"twitter:label2\" content=\"Dur\u00e9e de lecture estim\u00e9e\" \/>\n\t<meta name=\"twitter:data2\" content=\"7 minutes\" \/>\n<script type=\"application\/ld+json\" class=\"yoast-schema-graph\">{\"@context\":\"https:\\\/\\\/schema.org\",\"@graph\":[{\"@type\":\"Article\",\"@id\":\"https:\\\/\\\/www.unhcr.org\\\/fr\\\/actualites\\\/articles-et-reportages\\\/les-violences-au-soudan-forcent-les-refugies-du-soudan-du-sud#article\",\"isPartOf\":{\"@id\":\"https:\\\/\\\/www.unhcr.ca\\\/fr\\\/news\\\/les-violences-au-soudan-forcent-les-refugies-du-soudan-du-sud-a-rentrer-au-pays\\\/\"},\"author\":{\"name\":\"Soo-Jung Kim\",\"@id\":\"https:\\\/\\\/www.unhcr.ca\\\/#\\\/schema\\\/person\\\/4810788f82f3227a88e02ec56c18c30f\"},\"headline\":\"Les violences au Soudan forcent les r\u00e9fugi\u00e9s du Soudan du Sud \u00e0 rentrer au pays\",\"datePublished\":\"2023-05-15T14:47:23+00:00\",\"dateModified\":\"2023-05-17T15:07:06+00:00\",\"mainEntityOfPage\":{\"@id\":\"https:\\\/\\\/www.unhcr.ca\\\/fr\\\/news\\\/les-violences-au-soudan-forcent-les-refugies-du-soudan-du-sud-a-rentrer-au-pays\\\/\"},\"wordCount\":1362,\"image\":{\"@id\":\"https:\\\/\\\/www.unhcr.org\\\/fr\\\/actualites\\\/articles-et-reportages\\\/les-violences-au-soudan-forcent-les-refugies-du-soudan-du-sud#primaryimage\"},\"thumbnailUrl\":\"https:\\\/\\\/www.unhcr.ca\\\/wp-content\\\/uploads\\\/2023\\\/05\\\/rf1281246.png\",\"keywords\":[\"conflit\",\"r\u00e9fugi\u00e9s\",\"soudan\",\"Soudan du Sud\",\"Violence\"],\"articleSection\":[\"\u00c0 la Une\",\"Bulletin\",\"Nouvelle\"],\"inLanguage\":\"fr-FR\"},{\"@type\":\"WebPage\",\"@id\":\"https:\\\/\\\/www.unhcr.ca\\\/fr\\\/news\\\/les-violences-au-soudan-forcent-les-refugies-du-soudan-du-sud-a-rentrer-au-pays\\\/\",\"url\":\"https:\\\/\\\/www.unhcr.org\\\/fr\\\/actualites\\\/articles-et-reportages\\\/les-violences-au-soudan-forcent-les-refugies-du-soudan-du-sud\",\"name\":\"Les violences au Soudan forcent les r\u00e9fugi\u00e9s du Soudan du Sud \u00e0 rentrer au pays\",\"isPartOf\":{\"@id\":\"https:\\\/\\\/www.unhcr.ca\\\/#website\"},\"primaryImageOfPage\":{\"@id\":\"https:\\\/\\\/www.unhcr.org\\\/fr\\\/actualites\\\/articles-et-reportages\\\/les-violences-au-soudan-forcent-les-refugies-du-soudan-du-sud#primaryimage\"},\"image\":{\"@id\":\"https:\\\/\\\/www.unhcr.org\\\/fr\\\/actualites\\\/articles-et-reportages\\\/les-violences-au-soudan-forcent-les-refugies-du-soudan-du-sud#primaryimage\"},\"thumbnailUrl\":\"https:\\\/\\\/www.unhcr.ca\\\/wp-content\\\/uploads\\\/2023\\\/05\\\/rf1281246.png\",\"datePublished\":\"2023-05-15T14:47:23+00:00\",\"dateModified\":\"2023-05-17T15:07:06+00:00\",\"author\":{\"@id\":\"https:\\\/\\\/www.unhcr.ca\\\/#\\\/schema\\\/person\\\/4810788f82f3227a88e02ec56c18c30f\"},\"description\":\"Des dizaines de milliers de r\u00e9fugi\u00e9s sud-soudanais rentrent chez eux pour \u00e9chapper \u00e0 la violence au Soudan, mais beaucoup se retrouvent coinc\u00e9s dans des zones frontali\u00e8res isol\u00e9es.\",\"breadcrumb\":{\"@id\":\"https:\\\/\\\/www.unhcr.org\\\/fr\\\/actualites\\\/articles-et-reportages\\\/les-violences-au-soudan-forcent-les-refugies-du-soudan-du-sud#breadcrumb\"},\"inLanguage\":\"fr-FR\",\"potentialAction\":[{\"@type\":\"ReadAction\",\"target\":[\"https:\\\/\\\/www.unhcr.org\\\/fr\\\/actualites\\\/articles-et-reportages\\\/les-violences-au-soudan-forcent-les-refugies-du-soudan-du-sud\"]}]},{\"@type\":\"ImageObject\",\"inLanguage\":\"fr-FR\",\"@id\":\"https:\\\/\\\/www.unhcr.org\\\/fr\\\/actualites\\\/articles-et-reportages\\\/les-violences-au-soudan-forcent-les-refugies-du-soudan-du-sud#primaryimage\",\"url\":\"https:\\\/\\\/www.unhcr.ca\\\/wp-content\\\/uploads\\\/2023\\\/05\\\/rf1281246.png\",\"contentUrl\":\"https:\\\/\\\/www.unhcr.ca\\\/wp-content\\\/uploads\\\/2023\\\/05\\\/rf1281246.png\",\"width\":1400,\"height\":650,\"caption\":\"Malual Mayom Deng et sa famille au poste fronti\u00e8re de Joda \u00e0 Renk, au Soudan du Sud, o\u00f9 des dizaines de milliers de rapatri\u00e9s sud-soudanais ont franchi la fronti\u00e8re apr\u00e8s avoir fui les violences au Soudan. \u00a9 HCR\\\/Charlotte Hallqvist\"},{\"@type\":\"BreadcrumbList\",\"@id\":\"https:\\\/\\\/www.unhcr.org\\\/fr\\\/actualites\\\/articles-et-reportages\\\/les-violences-au-soudan-forcent-les-refugies-du-soudan-du-sud#breadcrumb\",\"itemListElement\":[{\"@type\":\"ListItem\",\"position\":1,\"name\":\"Home\",\"item\":\"https:\\\/\\\/www.unhcr.ca\\\/fr\\\/\"},{\"@type\":\"ListItem\",\"position\":2,\"name\":\"Les violences au Soudan forcent les r\u00e9fugi\u00e9s du Soudan du Sud \u00e0 rentrer au pays\"}]},{\"@type\":\"WebSite\",\"@id\":\"https:\\\/\\\/www.unhcr.ca\\\/#website\",\"url\":\"https:\\\/\\\/www.unhcr.ca\\\/\",\"name\":\"HCR Canada\",\"description\":\"L\u2019Agence des Nations Unies pour les r\u00e9fugi\u00e9s\",\"potentialAction\":[{\"@type\":\"SearchAction\",\"target\":{\"@type\":\"EntryPoint\",\"urlTemplate\":\"https:\\\/\\\/www.unhcr.ca\\\/?s={search_term_string}\"},\"query-input\":{\"@type\":\"PropertyValueSpecification\",\"valueRequired\":true,\"valueName\":\"search_term_string\"}}],\"inLanguage\":\"fr-FR\"},{\"@type\":\"Person\",\"@id\":\"https:\\\/\\\/www.unhcr.ca\\\/#\\\/schema\\\/person\\\/4810788f82f3227a88e02ec56c18c30f\",\"name\":\"Soo-Jung Kim\",\"image\":{\"@type\":\"ImageObject\",\"inLanguage\":\"fr-FR\",\"@id\":\"https:\\\/\\\/secure.gravatar.com\\\/avatar\\\/042f81bdf02cdc112bd7d349462fa151e16b38b6d00f720d84dbb2319df8e7d4?s=96&d=mm&r=g\",\"url\":\"https:\\\/\\\/secure.gravatar.com\\\/avatar\\\/042f81bdf02cdc112bd7d349462fa151e16b38b6d00f720d84dbb2319df8e7d4?s=96&d=mm&r=g\",\"contentUrl\":\"https:\\\/\\\/secure.gravatar.com\\\/avatar\\\/042f81bdf02cdc112bd7d349462fa151e16b38b6d00f720d84dbb2319df8e7d4?s=96&d=mm&r=g\",\"caption\":\"Soo-Jung Kim\"},\"url\":\"https:\\\/\\\/www.unhcr.ca\\\/fr\\\/news\\\/author\\\/kimsunhcr-org\\\/\"}]}<\/script>\n<!-- \/ Yoast SEO Premium plugin. -->","yoast_head_json":{"title":"Les violences au Soudan forcent les r\u00e9fugi\u00e9s du Soudan du Sud \u00e0 rentrer au pays","description":"Des dizaines de milliers de r\u00e9fugi\u00e9s sud-soudanais rentrent chez eux pour \u00e9chapper \u00e0 la violence au Soudan, mais beaucoup se retrouvent coinc\u00e9s dans des zones frontali\u00e8res isol\u00e9es.","robots":{"index":"index","follow":"follow","max-snippet":"max-snippet:-1","max-image-preview":"max-image-preview:large","max-video-preview":"max-video-preview:-1"},"canonical":"https:\/\/www.unhcr.org\/fr\/actualites\/articles-et-reportages\/les-violences-au-soudan-forcent-les-refugies-du-soudan-du-sud","og_locale":"fr_FR","og_type":"article","og_title":"Les violences au Soudan forcent les r\u00e9fugi\u00e9s du Soudan du Sud \u00e0 rentrer au pays","og_description":"Des dizaines de milliers de r\u00e9fugi\u00e9s sud-soudanais rentrent chez eux pour \u00e9chapper \u00e0 la violence au Soudan, mais beaucoup se retrouvent coinc\u00e9s dans des zones frontali\u00e8res isol\u00e9es.","og_url":"https:\/\/www.unhcr.org\/fr\/actualites\/articles-et-reportages\/les-violences-au-soudan-forcent-les-refugies-du-soudan-du-sud","og_site_name":"HCR Canada","article_publisher":"https:\/\/www.facebook.com\/UNHCRCanada","article_published_time":"2023-05-15T14:47:23+00:00","article_modified_time":"2023-05-17T15:07:06+00:00","og_image":[{"width":1400,"height":650,"url":"https:\/\/www.unhcr.ca\/wp-content\/uploads\/2023\/05\/rf1281246.png","type":"image\/png"}],"author":"Soo-Jung Kim","twitter_card":"summary_large_image","twitter_image":"https:\/\/www.unhcr.ca\/wp-content\/uploads\/2023\/05\/rf1281246.png","twitter_creator":"@UNHCRCanada","twitter_site":"@UNHCRCanada","twitter_misc":{"\u00c9crit par":"Soo-Jung Kim","Dur\u00e9e de lecture estim\u00e9e":"7 minutes"},"schema":{"@context":"https:\/\/schema.org","@graph":[{"@type":"Article","@id":"https:\/\/www.unhcr.org\/fr\/actualites\/articles-et-reportages\/les-violences-au-soudan-forcent-les-refugies-du-soudan-du-sud#article","isPartOf":{"@id":"https:\/\/www.unhcr.ca\/fr\/news\/les-violences-au-soudan-forcent-les-refugies-du-soudan-du-sud-a-rentrer-au-pays\/"},"author":{"name":"Soo-Jung Kim","@id":"https:\/\/www.unhcr.ca\/#\/schema\/person\/4810788f82f3227a88e02ec56c18c30f"},"headline":"Les violences au Soudan forcent les r\u00e9fugi\u00e9s du Soudan du Sud \u00e0 rentrer au pays","datePublished":"2023-05-15T14:47:23+00:00","dateModified":"2023-05-17T15:07:06+00:00","mainEntityOfPage":{"@id":"https:\/\/www.unhcr.ca\/fr\/news\/les-violences-au-soudan-forcent-les-refugies-du-soudan-du-sud-a-rentrer-au-pays\/"},"wordCount":1362,"image":{"@id":"https:\/\/www.unhcr.org\/fr\/actualites\/articles-et-reportages\/les-violences-au-soudan-forcent-les-refugies-du-soudan-du-sud#primaryimage"},"thumbnailUrl":"https:\/\/www.unhcr.ca\/wp-content\/uploads\/2023\/05\/rf1281246.png","keywords":["conflit","r\u00e9fugi\u00e9s","soudan","Soudan du Sud","Violence"],"articleSection":["\u00c0 la Une","Bulletin","Nouvelle"],"inLanguage":"fr-FR"},{"@type":"WebPage","@id":"https:\/\/www.unhcr.ca\/fr\/news\/les-violences-au-soudan-forcent-les-refugies-du-soudan-du-sud-a-rentrer-au-pays\/","url":"https:\/\/www.unhcr.org\/fr\/actualites\/articles-et-reportages\/les-violences-au-soudan-forcent-les-refugies-du-soudan-du-sud","name":"Les violences au Soudan forcent les r\u00e9fugi\u00e9s du Soudan du Sud \u00e0 rentrer au pays","isPartOf":{"@id":"https:\/\/www.unhcr.ca\/#website"},"primaryImageOfPage":{"@id":"https:\/\/www.unhcr.org\/fr\/actualites\/articles-et-reportages\/les-violences-au-soudan-forcent-les-refugies-du-soudan-du-sud#primaryimage"},"image":{"@id":"https:\/\/www.unhcr.org\/fr\/actualites\/articles-et-reportages\/les-violences-au-soudan-forcent-les-refugies-du-soudan-du-sud#primaryimage"},"thumbnailUrl":"https:\/\/www.unhcr.ca\/wp-content\/uploads\/2023\/05\/rf1281246.png","datePublished":"2023-05-15T14:47:23+00:00","dateModified":"2023-05-17T15:07:06+00:00","author":{"@id":"https:\/\/www.unhcr.ca\/#\/schema\/person\/4810788f82f3227a88e02ec56c18c30f"},"description":"Des dizaines de milliers de r\u00e9fugi\u00e9s sud-soudanais rentrent chez eux pour \u00e9chapper \u00e0 la violence au Soudan, mais beaucoup se retrouvent coinc\u00e9s dans des zones frontali\u00e8res isol\u00e9es.","breadcrumb":{"@id":"https:\/\/www.unhcr.org\/fr\/actualites\/articles-et-reportages\/les-violences-au-soudan-forcent-les-refugies-du-soudan-du-sud#breadcrumb"},"inLanguage":"fr-FR","potentialAction":[{"@type":"ReadAction","target":["https:\/\/www.unhcr.org\/fr\/actualites\/articles-et-reportages\/les-violences-au-soudan-forcent-les-refugies-du-soudan-du-sud"]}]},{"@type":"ImageObject","inLanguage":"fr-FR","@id":"https:\/\/www.unhcr.org\/fr\/actualites\/articles-et-reportages\/les-violences-au-soudan-forcent-les-refugies-du-soudan-du-sud#primaryimage","url":"https:\/\/www.unhcr.ca\/wp-content\/uploads\/2023\/05\/rf1281246.png","contentUrl":"https:\/\/www.unhcr.ca\/wp-content\/uploads\/2023\/05\/rf1281246.png","width":1400,"height":650,"caption":"Malual Mayom Deng et sa famille au poste fronti\u00e8re de Joda \u00e0 Renk, au Soudan du Sud, o\u00f9 des dizaines de milliers de rapatri\u00e9s sud-soudanais ont franchi la fronti\u00e8re apr\u00e8s avoir fui les violences au Soudan. \u00a9 HCR\/Charlotte Hallqvist"},{"@type":"BreadcrumbList","@id":"https:\/\/www.unhcr.org\/fr\/actualites\/articles-et-reportages\/les-violences-au-soudan-forcent-les-refugies-du-soudan-du-sud#breadcrumb","itemListElement":[{"@type":"ListItem","position":1,"name":"Home","item":"https:\/\/www.unhcr.ca\/fr\/"},{"@type":"ListItem","position":2,"name":"Les violences au Soudan forcent les r\u00e9fugi\u00e9s du Soudan du Sud \u00e0 rentrer au pays"}]},{"@type":"WebSite","@id":"https:\/\/www.unhcr.ca\/#website","url":"https:\/\/www.unhcr.ca\/","name":"HCR Canada","description":"L\u2019Agence des Nations Unies pour les r\u00e9fugi\u00e9s","potentialAction":[{"@type":"SearchAction","target":{"@type":"EntryPoint","urlTemplate":"https:\/\/www.unhcr.ca\/?s={search_term_string}"},"query-input":{"@type":"PropertyValueSpecification","valueRequired":true,"valueName":"search_term_string"}}],"inLanguage":"fr-FR"},{"@type":"Person","@id":"https:\/\/www.unhcr.ca\/#\/schema\/person\/4810788f82f3227a88e02ec56c18c30f","name":"Soo-Jung Kim","image":{"@type":"ImageObject","inLanguage":"fr-FR","@id":"https:\/\/secure.gravatar.com\/avatar\/042f81bdf02cdc112bd7d349462fa151e16b38b6d00f720d84dbb2319df8e7d4?s=96&d=mm&r=g","url":"https:\/\/secure.gravatar.com\/avatar\/042f81bdf02cdc112bd7d349462fa151e16b38b6d00f720d84dbb2319df8e7d4?s=96&d=mm&r=g","contentUrl":"https:\/\/secure.gravatar.com\/avatar\/042f81bdf02cdc112bd7d349462fa151e16b38b6d00f720d84dbb2319df8e7d4?s=96&d=mm&r=g","caption":"Soo-Jung Kim"},"url":"https:\/\/www.unhcr.ca\/fr\/news\/author\/kimsunhcr-org\/"}]}},"_links":{"self":[{"href":"https:\/\/www.unhcr.ca\/fr\/wp-json\/wp\/v2\/posts\/74427","targetHints":{"allow":["GET"]}}],"collection":[{"href":"https:\/\/www.unhcr.ca\/fr\/wp-json\/wp\/v2\/posts"}],"about":[{"href":"https:\/\/www.unhcr.ca\/fr\/wp-json\/wp\/v2\/types\/post"}],"author":[{"embeddable":true,"href":"https:\/\/www.unhcr.ca\/fr\/wp-json\/wp\/v2\/users\/67"}],"replies":[{"embeddable":true,"href":"https:\/\/www.unhcr.ca\/fr\/wp-json\/wp\/v2\/comments?post=74427"}],"version-history":[{"count":0,"href":"https:\/\/www.unhcr.ca\/fr\/wp-json\/wp\/v2\/posts\/74427\/revisions"}],"wp:featuredmedia":[{"embeddable":true,"href":"https:\/\/www.unhcr.ca\/fr\/wp-json\/wp\/v2\/media\/74381"}],"wp:attachment":[{"href":"https:\/\/www.unhcr.ca\/fr\/wp-json\/wp\/v2\/media?parent=74427"}],"wp:term":[{"taxonomy":"category","embeddable":true,"href":"https:\/\/www.unhcr.ca\/fr\/wp-json\/wp\/v2\/categories?post=74427"},{"taxonomy":"post_tag","embeddable":true,"href":"https:\/\/www.unhcr.ca\/fr\/wp-json\/wp\/v2\/tags?post=74427"}],"curies":[{"name":"wp","href":"https:\/\/api.w.org\/{rel}","templated":true}]}}