{"id":74136,"date":"2023-04-20T10:25:27","date_gmt":"2023-04-20T14:25:27","guid":{"rendered":"https:\/\/www.unhcr.ca\/?p=74136"},"modified":"2023-04-24T11:36:55","modified_gmt":"2023-04-24T15:36:55","slug":"le-hcr-exprime-sa-vive-inquietude-alors-que-des-refugies-fuyant-les-combats-au-soudan-arrivent-au-tchad","status":"publish","type":"post","link":"https:\/\/www.unhcr.ca\/fr\/news\/le-hcr-exprime-sa-vive-inquietude-alors-que-des-refugies-fuyant-les-combats-au-soudan-arrivent-au-tchad\/","title":{"rendered":"Le HCR exprime sa vive inqui\u00e9tude alors que des r\u00e9fugi\u00e9s fuyant les combats au Soudan arrivent au Tchad"},"content":{"rendered":"<div id=\"attachment_74135\" style=\"width: 1190px\" class=\"wp-caption aligncenter\"><img decoding=\"async\" aria-describedby=\"caption-attachment-74135\" class=\"size-full wp-image-74135\" src=\"https:\/\/www.unhcr.ca\/wp-content\/uploads\/2023\/04\/RF1280502.png\" alt=\"\" width=\"1180\" height=\"765\" srcset=\"https:\/\/www.unhcr.ca\/wp-content\/uploads\/2023\/04\/RF1280502.png 1180w, https:\/\/www.unhcr.ca\/wp-content\/uploads\/2023\/04\/RF1280502-980x635.png 980w, https:\/\/www.unhcr.ca\/wp-content\/uploads\/2023\/04\/RF1280502-480x311.png 480w\" sizes=\"(min-width: 0px) and (max-width: 480px) 480px, (min-width: 481px) and (max-width: 980px) 980px, (min-width: 981px) 1180px, 100vw\" \/><p id=\"caption-attachment-74135\" class=\"wp-caption-text\">Des r\u00e9fugi\u00e9s soudanais r\u00e9cemment arriv\u00e9s au Tchad. \u00a9 HCR\/Aristophane Ngargoune<\/p><\/div>\n<p>GEN\u00c8VE \u2014\u00a0Le HCR, l&rsquo;Agence des Nations Unies pour les r\u00e9fugi\u00e9s, est tr\u00e8s pr\u00e9occup\u00e9 par l&rsquo;escalade de la violence au Soudan alors que les premiers r\u00e9fugi\u00e9s fuyant les combats ont trouv\u00e9 refuge au Tchad.<\/p>\n<p>Selon les \u00e9quipes du HCR pr\u00e9sentes \u00e0 la fronti\u00e8re, entre 10 000 et 20 000 personnes ont fui ces derniers jours le conflit dans la r\u00e9gion du Darfour au Soudan pour trouver refuge au Tchad voisin.<\/p>\n<p>La majorit\u00e9 des personnes qui arrivent sont des femmes et des enfants, qui trouvent actuellement refuge dans des abris de fortune. Le HCR travaille en \u00e9troite collaboration avec le gouvernement tchadien et ses partenaires pour \u00e9valuer leurs besoins et organiser une assistance conjointe.<\/p>\n<p>Les besoins prioritaires et les plus urgents sont l\u2019acc\u00e8s \u00e0 l\u2019eau, \u00e0 la nourriture et aux soins de sant\u00e9, les abris, la protection des enfants et la pr\u00e9vention de la violence sexuelle et sexiste. En raison des violences dont ont \u00e9t\u00e9 t\u00e9moins les personnes traversant la fronti\u00e8re, un soutien psychosocial fait \u00e9galement partie des priorit\u00e9s absolues.<\/p>\n<p>Le HCR se concerte avec les autorit\u00e9s tchadiennes pour assurer l&rsquo;enregistrement des nouveaux arrivants dans les jours \u00e0 venir. Le HCR et ses partenaires entreprennent \u00e9galement des activit\u00e9s de protection aux fronti\u00e8res au niveau des principaux points d&rsquo;entr\u00e9e dans le pays.<\/p>\n<p>L&rsquo;est du Tchad accueille d\u00e9j\u00e0 plus de 400 000 r\u00e9fugi\u00e9s soudanais et les nouveaux arrivants repr\u00e9sentent un d\u00e9fi additionnel pour les services publics et les ressources du pays qui sont d\u00e9j\u00e0 fortement sollicit\u00e9s.<\/p>\n<p><i>\u00ab\u00a0Nous avons d&rsquo;ores et d\u00e9j\u00e0 re\u00e7u des informations faisant \u00e9tat de r\u00e9fugi\u00e9s pris au pi\u00e8ge des combats en cours au Soudan\u00a0\u00bb<\/i>, a indiqu\u00e9 Raouf Mazou, Haut Commissaire assistant du HCR en charge des op\u00e9rations.\u00a0<i>\u00ab\u00a0Il est urgent que le conflit cesse pour \u00e9viter de nouvelles pertes en vies humaines.\u00a0 Nous r\u00e9it\u00e9rons notre appel \u00e0 toutes les parties pour qu&rsquo;elles assurent la protection des civils, y compris des r\u00e9fugi\u00e9s et des personnes d\u00e9plac\u00e9es, et pour qu&rsquo;elles respectent la s\u00e9curit\u00e9 du personnel humanitaire afin qu&rsquo;une aide indispensable puisse \u00eatre achemin\u00e9e.\u00a0\u00bb<\/i><\/p>\n<p>Le HCR demeure pr\u00eat \u00e0 intervenir et \u00e0 apporter son soutien au Soudan et dans la r\u00e9gion.<\/p>\n<p><strong>Pour de plus amples informations, veuillez svp contacter\u00a0:<\/strong><\/p>\n<ul>\n<li>A Dakar (r\u00e9gional), Alpha Seydi Ba,\u00a0<a href=\"file:\/\/\/C:\/Users\/VANBRABA\/AppData\/Local\/Microsoft\/Windows\/INetCache\/Content.Outlook\/Y0IAJBV7\/baalp@unhcr.org\">baalp@unhcr.org<\/a>, +221 773 457 454<\/li>\n<li>A Nairobi (r\u00e9gional), Faith Kasina,\u00a0<a href=\"file:\/\/\/C:\/Users\/VANBRABA\/AppData\/Local\/Microsoft\/Windows\/INetCache\/Content.Outlook\/Y0IAJBV7\/kasina@unhcr.org\">kasina@unhcr.org<\/a>, +254 113 427 094<\/li>\n<li>A Gen\u00e8ve, Olga Sarrado,\u00a0<a href=\"file:\/\/\/C:\/Users\/VANBRABA\/AppData\/Local\/Microsoft\/Windows\/INetCache\/Content.Outlook\/Y0IAJBV7\/sarrado@unhcr.org\">sarrado@unhcr.org<\/a>, +41 797 402 307<\/li>\n<li>A Gen\u00e8ve, Eujin Byun,\u00a0<a href=\"file:\/\/\/C:\/Users\/VANBRABA\/AppData\/Local\/Microsoft\/Windows\/INetCache\/Content.Outlook\/Y0IAJBV7\/byun@unhcr.org\">byun@unhcr.org<\/a>, +41 79 747 87 19<\/li>\n<li>A New York, Kathryn Mahoney,\u00a0<a href=\"file:\/\/\/C:\/Users\/VANBRABA\/AppData\/Local\/Microsoft\/Windows\/INetCache\/Content.Outlook\/Y0IAJBV7\/mahoney@unhcr.org\">mahoney@unhcr.org<\/a>, +1 347 574 6552<\/li>\n<li>A Ottawa, Levon Sevunts, <a href=\"mailto:sevunts@unhcr.org\">sevunts@unhcr.org<\/a>, +1 613-286-6975<\/li>\n<\/ul>\n","protected":false},"excerpt":{"rendered":"<p>Le HCR, l&rsquo;Agence des Nations Unies pour les r\u00e9fugi\u00e9s, est tr\u00e8s pr\u00e9occup\u00e9 par l&rsquo;escalade de la violence au Soudan alors que les premiers r\u00e9fugi\u00e9s fuyant les combats ont trouv\u00e9 refuge au Tchad.<\/p>\n","protected":false},"author":67,"featured_media":74135,"comment_status":"closed","ping_status":"closed","sticky":false,"template":"","format":"standard","meta":{"_acf_changed":false,"_et_pb_use_builder":"","_et_pb_old_content":"","_et_gb_content_width":"","inline_featured_image":false,"footnotes":""},"categories":[495,49,81],"tags":[175,200,608,905,628],"class_list":["post-74136","post","type-post","status-publish","format-standard","has-post-thumbnail","hentry","category-feature-story-fr","category-communiques-de-presse","category-news-stories-fr","tag-deplacement","tag-refugies","tag-soudan","tag-tchad","tag-violence-fr"],"acf":[],"yoast_head":"<!-- This site is optimized with the Yoast SEO Premium plugin v28.3 (Yoast SEO v28.4) - https:\/\/yoast.com\/product\/yoast-seo-premium-wordpress\/ -->\n<title>Le HCR exprime sa vive inqui\u00e9tude alors que des r\u00e9fugi\u00e9s fuyant les combats au Soudan arrivent au Tchad<\/title>\n<meta name=\"description\" content=\"Le HCR, l&#039;Agence des Nations Unies pour les r\u00e9fugi\u00e9s, est tr\u00e8s pr\u00e9occup\u00e9 par l&#039;escalade de la violence au Soudan alors que les premiers r\u00e9fugi\u00e9s fuyant les combats ont trouv\u00e9 refuge au Tchad.\" \/>\n<meta name=\"robots\" content=\"index, follow, max-snippet:-1, max-image-preview:large, max-video-preview:-1\" \/>\n<link rel=\"canonical\" href=\"https:\/\/www.unhcr.org\/fr\/news\/unhcr-gravely-concerned-refugees-fleeing-fighting-sudan-arrive-chad\" \/>\n<meta property=\"og:locale\" content=\"fr_FR\" \/>\n<meta property=\"og:type\" content=\"article\" \/>\n<meta property=\"og:title\" content=\"Le HCR exprime sa vive inqui\u00e9tude alors que des r\u00e9fugi\u00e9s fuyant les combats au Soudan arrivent au Tchad\" \/>\n<meta property=\"og:description\" content=\"Le HCR, l&#039;Agence des Nations Unies pour les r\u00e9fugi\u00e9s, est tr\u00e8s pr\u00e9occup\u00e9 par l&#039;escalade de la violence au Soudan alors que les premiers r\u00e9fugi\u00e9s fuyant les combats ont trouv\u00e9 refuge au Tchad.\" \/>\n<meta property=\"og:url\" content=\"https:\/\/www.unhcr.org\/fr\/news\/unhcr-gravely-concerned-refugees-fleeing-fighting-sudan-arrive-chad\" \/>\n<meta property=\"og:site_name\" content=\"HCR Canada\" \/>\n<meta property=\"article:publisher\" content=\"https:\/\/www.facebook.com\/UNHCRCanada\" \/>\n<meta property=\"article:published_time\" content=\"2023-04-20T14:25:27+00:00\" \/>\n<meta property=\"article:modified_time\" content=\"2023-04-24T15:36:55+00:00\" \/>\n<meta property=\"og:image\" content=\"https:\/\/www.unhcr.ca\/wp-content\/uploads\/2023\/04\/RF1280502.png\" \/>\n\t<meta property=\"og:image:width\" content=\"1180\" \/>\n\t<meta property=\"og:image:height\" content=\"765\" \/>\n\t<meta property=\"og:image:type\" content=\"image\/png\" \/>\n<meta name=\"author\" content=\"Soo-Jung Kim\" \/>\n<meta name=\"twitter:card\" content=\"summary_large_image\" \/>\n<meta name=\"twitter:image\" content=\"https:\/\/www.unhcr.ca\/wp-content\/uploads\/2023\/04\/RF1280502.png\" \/>\n<meta name=\"twitter:creator\" content=\"@UNHCRCanada\" \/>\n<meta name=\"twitter:site\" content=\"@UNHCRCanada\" \/>\n<meta name=\"twitter:label1\" content=\"\u00c9crit par\" \/>\n\t<meta name=\"twitter:data1\" content=\"Soo-Jung Kim\" \/>\n\t<meta name=\"twitter:label2\" content=\"Dur\u00e9e de lecture estim\u00e9e\" \/>\n\t<meta name=\"twitter:data2\" content=\"3 minutes\" \/>\n<script type=\"application\/ld+json\" class=\"yoast-schema-graph\">{\"@context\":\"https:\\\/\\\/schema.org\",\"@graph\":[{\"@type\":\"Article\",\"@id\":\"https:\\\/\\\/www.unhcr.org\\\/fr\\\/news\\\/unhcr-gravely-concerned-refugees-fleeing-fighting-sudan-arrive-chad#article\",\"isPartOf\":{\"@id\":\"https:\\\/\\\/www.unhcr.ca\\\/fr\\\/news\\\/le-hcr-exprime-sa-vive-inquietude-alors-que-des-refugies-fuyant-les-combats-au-soudan-arrivent-au-tchad\\\/\"},\"author\":{\"name\":\"Soo-Jung Kim\",\"@id\":\"https:\\\/\\\/www.unhcr.ca\\\/#\\\/schema\\\/person\\\/4810788f82f3227a88e02ec56c18c30f\"},\"headline\":\"Le HCR exprime sa vive inqui\u00e9tude alors que des r\u00e9fugi\u00e9s fuyant les combats au Soudan arrivent au Tchad\",\"datePublished\":\"2023-04-20T14:25:27+00:00\",\"dateModified\":\"2023-04-24T15:36:55+00:00\",\"mainEntityOfPage\":{\"@id\":\"https:\\\/\\\/www.unhcr.ca\\\/fr\\\/news\\\/le-hcr-exprime-sa-vive-inquietude-alors-que-des-refugies-fuyant-les-combats-au-soudan-arrivent-au-tchad\\\/\"},\"wordCount\":489,\"image\":{\"@id\":\"https:\\\/\\\/www.unhcr.org\\\/fr\\\/news\\\/unhcr-gravely-concerned-refugees-fleeing-fighting-sudan-arrive-chad#primaryimage\"},\"thumbnailUrl\":\"https:\\\/\\\/www.unhcr.ca\\\/wp-content\\\/uploads\\\/2023\\\/04\\\/RF1280502.png\",\"keywords\":[\"deplacement\",\"r\u00e9fugi\u00e9s\",\"soudan\",\"tchad\",\"Violence\"],\"articleSection\":[\"\u00c0 la Une\",\"Communiqu\u00e9s de presse\",\"M\u00e9dias\"],\"inLanguage\":\"fr-FR\"},{\"@type\":\"WebPage\",\"@id\":\"https:\\\/\\\/www.unhcr.ca\\\/fr\\\/news\\\/le-hcr-exprime-sa-vive-inquietude-alors-que-des-refugies-fuyant-les-combats-au-soudan-arrivent-au-tchad\\\/\",\"url\":\"https:\\\/\\\/www.unhcr.org\\\/fr\\\/news\\\/unhcr-gravely-concerned-refugees-fleeing-fighting-sudan-arrive-chad\",\"name\":\"Le HCR exprime sa vive inqui\u00e9tude alors que des r\u00e9fugi\u00e9s fuyant les combats au Soudan arrivent au Tchad\",\"isPartOf\":{\"@id\":\"https:\\\/\\\/www.unhcr.ca\\\/#website\"},\"primaryImageOfPage\":{\"@id\":\"https:\\\/\\\/www.unhcr.org\\\/fr\\\/news\\\/unhcr-gravely-concerned-refugees-fleeing-fighting-sudan-arrive-chad#primaryimage\"},\"image\":{\"@id\":\"https:\\\/\\\/www.unhcr.org\\\/fr\\\/news\\\/unhcr-gravely-concerned-refugees-fleeing-fighting-sudan-arrive-chad#primaryimage\"},\"thumbnailUrl\":\"https:\\\/\\\/www.unhcr.ca\\\/wp-content\\\/uploads\\\/2023\\\/04\\\/RF1280502.png\",\"datePublished\":\"2023-04-20T14:25:27+00:00\",\"dateModified\":\"2023-04-24T15:36:55+00:00\",\"author\":{\"@id\":\"https:\\\/\\\/www.unhcr.ca\\\/#\\\/schema\\\/person\\\/4810788f82f3227a88e02ec56c18c30f\"},\"description\":\"Le HCR, l'Agence des Nations Unies pour les r\u00e9fugi\u00e9s, est tr\u00e8s pr\u00e9occup\u00e9 par l'escalade de la violence au Soudan alors que les premiers r\u00e9fugi\u00e9s fuyant les combats ont trouv\u00e9 refuge au Tchad.\",\"breadcrumb\":{\"@id\":\"https:\\\/\\\/www.unhcr.org\\\/fr\\\/news\\\/unhcr-gravely-concerned-refugees-fleeing-fighting-sudan-arrive-chad#breadcrumb\"},\"inLanguage\":\"fr-FR\",\"potentialAction\":[{\"@type\":\"ReadAction\",\"target\":[\"https:\\\/\\\/www.unhcr.org\\\/fr\\\/news\\\/unhcr-gravely-concerned-refugees-fleeing-fighting-sudan-arrive-chad\"]}]},{\"@type\":\"ImageObject\",\"inLanguage\":\"fr-FR\",\"@id\":\"https:\\\/\\\/www.unhcr.org\\\/fr\\\/news\\\/unhcr-gravely-concerned-refugees-fleeing-fighting-sudan-arrive-chad#primaryimage\",\"url\":\"https:\\\/\\\/www.unhcr.ca\\\/wp-content\\\/uploads\\\/2023\\\/04\\\/RF1280502.png\",\"contentUrl\":\"https:\\\/\\\/www.unhcr.ca\\\/wp-content\\\/uploads\\\/2023\\\/04\\\/RF1280502.png\",\"width\":1180,\"height\":765,\"caption\":\"Des r\u00e9fugi\u00e9s soudanais r\u00e9cemment arriv\u00e9s au Tchad. \u00a9 HCR\\\/Aristophane Ngargoune\"},{\"@type\":\"BreadcrumbList\",\"@id\":\"https:\\\/\\\/www.unhcr.org\\\/fr\\\/news\\\/unhcr-gravely-concerned-refugees-fleeing-fighting-sudan-arrive-chad#breadcrumb\",\"itemListElement\":[{\"@type\":\"ListItem\",\"position\":1,\"name\":\"Home\",\"item\":\"https:\\\/\\\/www.unhcr.ca\\\/fr\\\/\"},{\"@type\":\"ListItem\",\"position\":2,\"name\":\"Le HCR exprime sa vive inqui\u00e9tude alors que des r\u00e9fugi\u00e9s fuyant les combats au Soudan arrivent au Tchad\"}]},{\"@type\":\"WebSite\",\"@id\":\"https:\\\/\\\/www.unhcr.ca\\\/#website\",\"url\":\"https:\\\/\\\/www.unhcr.ca\\\/\",\"name\":\"HCR Canada\",\"description\":\"L\u2019Agence des Nations Unies pour les r\u00e9fugi\u00e9s\",\"potentialAction\":[{\"@type\":\"SearchAction\",\"target\":{\"@type\":\"EntryPoint\",\"urlTemplate\":\"https:\\\/\\\/www.unhcr.ca\\\/?s={search_term_string}\"},\"query-input\":{\"@type\":\"PropertyValueSpecification\",\"valueRequired\":true,\"valueName\":\"search_term_string\"}}],\"inLanguage\":\"fr-FR\"},{\"@type\":\"Person\",\"@id\":\"https:\\\/\\\/www.unhcr.ca\\\/#\\\/schema\\\/person\\\/4810788f82f3227a88e02ec56c18c30f\",\"name\":\"Soo-Jung Kim\",\"image\":{\"@type\":\"ImageObject\",\"inLanguage\":\"fr-FR\",\"@id\":\"https:\\\/\\\/secure.gravatar.com\\\/avatar\\\/042f81bdf02cdc112bd7d349462fa151e16b38b6d00f720d84dbb2319df8e7d4?s=96&d=mm&r=g\",\"url\":\"https:\\\/\\\/secure.gravatar.com\\\/avatar\\\/042f81bdf02cdc112bd7d349462fa151e16b38b6d00f720d84dbb2319df8e7d4?s=96&d=mm&r=g\",\"contentUrl\":\"https:\\\/\\\/secure.gravatar.com\\\/avatar\\\/042f81bdf02cdc112bd7d349462fa151e16b38b6d00f720d84dbb2319df8e7d4?s=96&d=mm&r=g\",\"caption\":\"Soo-Jung Kim\"},\"url\":\"https:\\\/\\\/www.unhcr.ca\\\/fr\\\/news\\\/author\\\/kimsunhcr-org\\\/\"}]}<\/script>\n<!-- \/ Yoast SEO Premium plugin. -->","yoast_head_json":{"title":"Le HCR exprime sa vive inqui\u00e9tude alors que des r\u00e9fugi\u00e9s fuyant les combats au Soudan arrivent au Tchad","description":"Le HCR, l'Agence des Nations Unies pour les r\u00e9fugi\u00e9s, est tr\u00e8s pr\u00e9occup\u00e9 par l'escalade de la violence au Soudan alors que les premiers r\u00e9fugi\u00e9s fuyant les combats ont trouv\u00e9 refuge au Tchad.","robots":{"index":"index","follow":"follow","max-snippet":"max-snippet:-1","max-image-preview":"max-image-preview:large","max-video-preview":"max-video-preview:-1"},"canonical":"https:\/\/www.unhcr.org\/fr\/news\/unhcr-gravely-concerned-refugees-fleeing-fighting-sudan-arrive-chad","og_locale":"fr_FR","og_type":"article","og_title":"Le HCR exprime sa vive inqui\u00e9tude alors que des r\u00e9fugi\u00e9s fuyant les combats au Soudan arrivent au Tchad","og_description":"Le HCR, l'Agence des Nations Unies pour les r\u00e9fugi\u00e9s, est tr\u00e8s pr\u00e9occup\u00e9 par l'escalade de la violence au Soudan alors que les premiers r\u00e9fugi\u00e9s fuyant les combats ont trouv\u00e9 refuge au Tchad.","og_url":"https:\/\/www.unhcr.org\/fr\/news\/unhcr-gravely-concerned-refugees-fleeing-fighting-sudan-arrive-chad","og_site_name":"HCR Canada","article_publisher":"https:\/\/www.facebook.com\/UNHCRCanada","article_published_time":"2023-04-20T14:25:27+00:00","article_modified_time":"2023-04-24T15:36:55+00:00","og_image":[{"width":1180,"height":765,"url":"https:\/\/www.unhcr.ca\/wp-content\/uploads\/2023\/04\/RF1280502.png","type":"image\/png"}],"author":"Soo-Jung Kim","twitter_card":"summary_large_image","twitter_image":"https:\/\/www.unhcr.ca\/wp-content\/uploads\/2023\/04\/RF1280502.png","twitter_creator":"@UNHCRCanada","twitter_site":"@UNHCRCanada","twitter_misc":{"\u00c9crit par":"Soo-Jung Kim","Dur\u00e9e de lecture estim\u00e9e":"3 minutes"},"schema":{"@context":"https:\/\/schema.org","@graph":[{"@type":"Article","@id":"https:\/\/www.unhcr.org\/fr\/news\/unhcr-gravely-concerned-refugees-fleeing-fighting-sudan-arrive-chad#article","isPartOf":{"@id":"https:\/\/www.unhcr.ca\/fr\/news\/le-hcr-exprime-sa-vive-inquietude-alors-que-des-refugies-fuyant-les-combats-au-soudan-arrivent-au-tchad\/"},"author":{"name":"Soo-Jung Kim","@id":"https:\/\/www.unhcr.ca\/#\/schema\/person\/4810788f82f3227a88e02ec56c18c30f"},"headline":"Le HCR exprime sa vive inqui\u00e9tude alors que des r\u00e9fugi\u00e9s fuyant les combats au Soudan arrivent au Tchad","datePublished":"2023-04-20T14:25:27+00:00","dateModified":"2023-04-24T15:36:55+00:00","mainEntityOfPage":{"@id":"https:\/\/www.unhcr.ca\/fr\/news\/le-hcr-exprime-sa-vive-inquietude-alors-que-des-refugies-fuyant-les-combats-au-soudan-arrivent-au-tchad\/"},"wordCount":489,"image":{"@id":"https:\/\/www.unhcr.org\/fr\/news\/unhcr-gravely-concerned-refugees-fleeing-fighting-sudan-arrive-chad#primaryimage"},"thumbnailUrl":"https:\/\/www.unhcr.ca\/wp-content\/uploads\/2023\/04\/RF1280502.png","keywords":["deplacement","r\u00e9fugi\u00e9s","soudan","tchad","Violence"],"articleSection":["\u00c0 la Une","Communiqu\u00e9s de presse","M\u00e9dias"],"inLanguage":"fr-FR"},{"@type":"WebPage","@id":"https:\/\/www.unhcr.ca\/fr\/news\/le-hcr-exprime-sa-vive-inquietude-alors-que-des-refugies-fuyant-les-combats-au-soudan-arrivent-au-tchad\/","url":"https:\/\/www.unhcr.org\/fr\/news\/unhcr-gravely-concerned-refugees-fleeing-fighting-sudan-arrive-chad","name":"Le HCR exprime sa vive inqui\u00e9tude alors que des r\u00e9fugi\u00e9s fuyant les combats au Soudan arrivent au Tchad","isPartOf":{"@id":"https:\/\/www.unhcr.ca\/#website"},"primaryImageOfPage":{"@id":"https:\/\/www.unhcr.org\/fr\/news\/unhcr-gravely-concerned-refugees-fleeing-fighting-sudan-arrive-chad#primaryimage"},"image":{"@id":"https:\/\/www.unhcr.org\/fr\/news\/unhcr-gravely-concerned-refugees-fleeing-fighting-sudan-arrive-chad#primaryimage"},"thumbnailUrl":"https:\/\/www.unhcr.ca\/wp-content\/uploads\/2023\/04\/RF1280502.png","datePublished":"2023-04-20T14:25:27+00:00","dateModified":"2023-04-24T15:36:55+00:00","author":{"@id":"https:\/\/www.unhcr.ca\/#\/schema\/person\/4810788f82f3227a88e02ec56c18c30f"},"description":"Le HCR, l'Agence des Nations Unies pour les r\u00e9fugi\u00e9s, est tr\u00e8s pr\u00e9occup\u00e9 par l'escalade de la violence au Soudan alors que les premiers r\u00e9fugi\u00e9s fuyant les combats ont trouv\u00e9 refuge au Tchad.","breadcrumb":{"@id":"https:\/\/www.unhcr.org\/fr\/news\/unhcr-gravely-concerned-refugees-fleeing-fighting-sudan-arrive-chad#breadcrumb"},"inLanguage":"fr-FR","potentialAction":[{"@type":"ReadAction","target":["https:\/\/www.unhcr.org\/fr\/news\/unhcr-gravely-concerned-refugees-fleeing-fighting-sudan-arrive-chad"]}]},{"@type":"ImageObject","inLanguage":"fr-FR","@id":"https:\/\/www.unhcr.org\/fr\/news\/unhcr-gravely-concerned-refugees-fleeing-fighting-sudan-arrive-chad#primaryimage","url":"https:\/\/www.unhcr.ca\/wp-content\/uploads\/2023\/04\/RF1280502.png","contentUrl":"https:\/\/www.unhcr.ca\/wp-content\/uploads\/2023\/04\/RF1280502.png","width":1180,"height":765,"caption":"Des r\u00e9fugi\u00e9s soudanais r\u00e9cemment arriv\u00e9s au Tchad. \u00a9 HCR\/Aristophane Ngargoune"},{"@type":"BreadcrumbList","@id":"https:\/\/www.unhcr.org\/fr\/news\/unhcr-gravely-concerned-refugees-fleeing-fighting-sudan-arrive-chad#breadcrumb","itemListElement":[{"@type":"ListItem","position":1,"name":"Home","item":"https:\/\/www.unhcr.ca\/fr\/"},{"@type":"ListItem","position":2,"name":"Le HCR exprime sa vive inqui\u00e9tude alors que des r\u00e9fugi\u00e9s fuyant les combats au Soudan arrivent au Tchad"}]},{"@type":"WebSite","@id":"https:\/\/www.unhcr.ca\/#website","url":"https:\/\/www.unhcr.ca\/","name":"HCR Canada","description":"L\u2019Agence des Nations Unies pour les r\u00e9fugi\u00e9s","potentialAction":[{"@type":"SearchAction","target":{"@type":"EntryPoint","urlTemplate":"https:\/\/www.unhcr.ca\/?s={search_term_string}"},"query-input":{"@type":"PropertyValueSpecification","valueRequired":true,"valueName":"search_term_string"}}],"inLanguage":"fr-FR"},{"@type":"Person","@id":"https:\/\/www.unhcr.ca\/#\/schema\/person\/4810788f82f3227a88e02ec56c18c30f","name":"Soo-Jung Kim","image":{"@type":"ImageObject","inLanguage":"fr-FR","@id":"https:\/\/secure.gravatar.com\/avatar\/042f81bdf02cdc112bd7d349462fa151e16b38b6d00f720d84dbb2319df8e7d4?s=96&d=mm&r=g","url":"https:\/\/secure.gravatar.com\/avatar\/042f81bdf02cdc112bd7d349462fa151e16b38b6d00f720d84dbb2319df8e7d4?s=96&d=mm&r=g","contentUrl":"https:\/\/secure.gravatar.com\/avatar\/042f81bdf02cdc112bd7d349462fa151e16b38b6d00f720d84dbb2319df8e7d4?s=96&d=mm&r=g","caption":"Soo-Jung Kim"},"url":"https:\/\/www.unhcr.ca\/fr\/news\/author\/kimsunhcr-org\/"}]}},"_links":{"self":[{"href":"https:\/\/www.unhcr.ca\/fr\/wp-json\/wp\/v2\/posts\/74136","targetHints":{"allow":["GET"]}}],"collection":[{"href":"https:\/\/www.unhcr.ca\/fr\/wp-json\/wp\/v2\/posts"}],"about":[{"href":"https:\/\/www.unhcr.ca\/fr\/wp-json\/wp\/v2\/types\/post"}],"author":[{"embeddable":true,"href":"https:\/\/www.unhcr.ca\/fr\/wp-json\/wp\/v2\/users\/67"}],"replies":[{"embeddable":true,"href":"https:\/\/www.unhcr.ca\/fr\/wp-json\/wp\/v2\/comments?post=74136"}],"version-history":[{"count":0,"href":"https:\/\/www.unhcr.ca\/fr\/wp-json\/wp\/v2\/posts\/74136\/revisions"}],"wp:featuredmedia":[{"embeddable":true,"href":"https:\/\/www.unhcr.ca\/fr\/wp-json\/wp\/v2\/media\/74135"}],"wp:attachment":[{"href":"https:\/\/www.unhcr.ca\/fr\/wp-json\/wp\/v2\/media?parent=74136"}],"wp:term":[{"taxonomy":"category","embeddable":true,"href":"https:\/\/www.unhcr.ca\/fr\/wp-json\/wp\/v2\/categories?post=74136"},{"taxonomy":"post_tag","embeddable":true,"href":"https:\/\/www.unhcr.ca\/fr\/wp-json\/wp\/v2\/tags?post=74136"}],"curies":[{"name":"wp","href":"https:\/\/api.w.org\/{rel}","templated":true}]}}