{"id":54975,"date":"2020-10-20T08:42:44","date_gmt":"2020-10-20T12:42:44","guid":{"rendered":"https:\/\/www.unhcr.ca\/?p=54975"},"modified":"2020-10-20T08:42:44","modified_gmt":"2020-10-20T12:42:44","slug":"hcr-appelle-solidarite-soutien-solutions-refugies-rohingyas-veille-importante-conference-donateurs","status":"publish","type":"post","link":"https:\/\/www.unhcr.ca\/fr\/news\/hcr-appelle-solidarite-soutien-solutions-refugies-rohingyas-veille-importante-conference-donateurs\/","title":{"rendered":"Le HCR appelle \u00e0 la solidarit\u00e9, au soutien et \u00e0 des solutions pour les r\u00e9fugi\u00e9s rohingyas \u00e0 la veille d\u2019une importante conf\u00e9rence de donateurs"},"content":{"rendered":"<div id=\"attachment_54974\" style=\"width: 790px\" class=\"wp-caption aligncenter\"><img decoding=\"async\" aria-describedby=\"caption-attachment-54974\" class=\"size-medium wp-image-54974\" src=\"https:\/\/www.unhcr.ca\/wp-content\/uploads\/2020\/10\/SolidaritySupportRohingya-780x520.jpg\" alt=\"Une m\u00e8re r\u00e9fugi\u00e9e rohingya et son enfant \" width=\"780\" height=\"520\" srcset=\"https:\/\/www.unhcr.ca\/wp-content\/uploads\/2020\/10\/SolidaritySupportRohingya-780x520.jpg 780w, https:\/\/www.unhcr.ca\/wp-content\/uploads\/2020\/10\/SolidaritySupportRohingya-480x320.jpg 480w\" sizes=\"(min-width: 0px) and (max-width: 480px) 480px, (min-width: 481px) 780px, 100vw\" \/><p id=\"caption-attachment-54974\" class=\"wp-caption-text\">Une m\u00e8re r\u00e9fugi\u00e9e rohingya et son enfant venant tout juste d\u2019arriver sont h\u00e9berg\u00e9s au centre de transit du HCR \u00e0 Kutupalong, Bangladesh, en novembre 2018. \u00a9 HCR\/Roger Arnold<\/p><\/div>\n<h3><em>Ceci est un r\u00e9sum\u00e9 des d\u00e9clarations du porte-parole du HCR Andrej Mahecic \u2013 \u00e0 qui toute citation peut \u00eatre attribu\u00e9e \u2013 lors de la conf\u00e9rence de presse du 20 octobre 2020 au Palais des Nations \u00e0 Gen\u00e8ve.<\/em><\/h3>\n<p>\u00c0 la veille d\u2019une conf\u00e9rence des donateurs en faveur des r\u00e9fugi\u00e9s rohingyas, le HCR, l\u2019Agence des Nations Unies pour les r\u00e9fugi\u00e9s, souligne aujourd\u2019hui la n\u00e9cessit\u00e9 d\u2019un soutien international plus affirm\u00e9 et d\u2019un renforcement des efforts pour trouver des solutions en faveur de cette population apatride et d\u00e9racin\u00e9e.<\/p>\n<p>Avec les Etats-Unis, le Royaume-Uni et l\u2019Union europ\u00e9enne, le HCR co-organise une conf\u00e9rence virtuelle des donateurs ce jeudi (22 octobre) pour r\u00e9pondre aux besoins humanitaires urgents des Rohingyas d\u00e9racin\u00e9s \u00e0 l\u2019int\u00e9rieur et \u00e0 l\u2019ext\u00e9rieur du Myanmar. L\u2019appui aux services essentiels au sein des communaut\u00e9s d\u2019accueil est \u00e9galement une priorit\u00e9.<\/p>\n<p>La r\u00e9ponse humanitaire en cours est confront\u00e9e cette ann\u00e9e \u00e0 un grave probl\u00e8me de financement puisque moins de la moiti\u00e9 des fonds n\u00e9cessaires ont \u00e9t\u00e9 re\u00e7us \u00e0 ce jour. En 2020, les Nations Unies ont lanc\u00e9 un appel de fonds de plus d\u2019un milliard de dollars pour r\u00e9pondre aux besoins humanitaires des r\u00e9fugi\u00e9s rohingyas au Bangladesh. La propagation de la pand\u00e9mie de Covid-19 a engendr\u00e9 de nouveaux d\u00e9fis et besoins qui viennent s\u2019ajouter \u00e0 une situation d\u2019urgence d\u00e9j\u00e0 vaste et complexe.<\/p>\n<p>Actuellement, 860 000 r\u00e9fugi\u00e9s rohingyas vivent dans les camps du district de Cox\u2019s Bazar au Bangladesh. La plupart d\u2019entre eux, environ 740 000, ont fui le Myanmar lors de la derni\u00e8re crise de d\u00e9placement en 2017. Les autres pays de la r\u00e9gion accueillent quelque 150 000 r\u00e9fugi\u00e9s rohingyas. On estime que 600 000 d\u2019entre eux vivent dans l\u2019\u00c9tat de Rakhine, au Myanmar.<\/p>\n<p>Dans toute la r\u00e9gion, la grande majorit\u00e9 des Rohingyas vivent en marge de la soci\u00e9t\u00e9 et doivent pouvoir b\u00e9n\u00e9ficier d\u2019un acc\u00e8s aux soins de sant\u00e9 de base, \u00e0 l\u2019eau potable, \u00e0 une alimentation suffisante et \u00e0 des perspectives d\u2019emploi et de formation. La pand\u00e9mie de Covid-19 a entra\u00een\u00e9 une d\u00e9t\u00e9rioration de leurs conditions de vie, a rendu leur acc\u00e8s aux services de base encore plus difficile, a accru le risque de violence sexuelle et sexiste et les rend encore plus vuln\u00e9rables aux maladies infectieuses, notamment les Rohingyas d\u00e9racin\u00e9s qui vivent dans des camps surpeupl\u00e9s, comme ceux de Cox\u2019s Bazar et de l\u2019\u00c9tat de Rakhine.<\/p>\n<p>Le HCR souligne le fait que la communaut\u00e9 internationale et les pays de la r\u00e9gion ne peuvent se contenter de simplement maintenir leur soutien aux r\u00e9fugi\u00e9s et \u00e0 leurs h\u00f4tes, mais doivent aller au-del\u00e0 et adapter leur action aux nouveaux besoins critiques et \u00e9tendre la recherche de solutions durables.<\/p>\n<p>La recherche de solutions \u00e0 cette crise doit \u00eatre ax\u00e9e sur le retour librement consenti, s\u00fbr, digne et durable des r\u00e9fugi\u00e9s rohingyas et des personnes d\u00e9plac\u00e9es dans leurs foyers ou dans un lieu de leur choix au Myanmar.<\/p>\n<p>La responsabilit\u00e9 de cr\u00e9er des conditions propices au retour s\u00fbr et durable des Rohingyas incombe aux autorit\u00e9s du Myanmar. Pour cela, il conviendra d\u2019impliquer l\u2019ensemble de la soci\u00e9t\u00e9, d\u2019ouvrir et de renforcer le dialogue entre les autorit\u00e9s du Myanmar et les r\u00e9fugi\u00e9s rohingyas et de prendre des mesures qui contribuent \u00e0 instaurer la confiance. Il s\u2019agit notamment de lever les restrictions \u00e0 la libert\u00e9 de mouvement, de permettre aux Rohingyas d\u00e9racin\u00e9s de retourner dans leurs propres villages et de proposer des solutions claires en mati\u00e8re de citoyennet\u00e9.<\/p>\n<p>La conf\u00e9rence virtuelle des donateurs, \u00e0 laquelle participeront \u00e9galement des r\u00e9fugi\u00e9s rohingyas, devrait se d\u00e9rouler de 14h \u00e0 16h30, heure de Gen\u00e8ve, le 22 octobre 2020. Elle sera diffus\u00e9e en direct \u00e0 l\u2019adresse\u00a0<a href=\"https:\/\/www.unhcr.org\/fr\/news\/briefing\/2020\/10\/5f8eb608a\/www.rohingyaconference.org\">www.rohingyaconference.org<\/a>\u00a0(en anglais).<\/p>\n<p>Les fonds recueillis lors de la conf\u00e9rence iront aux organisations internationales et aux organisations non gouvernementales qui travaillent sur le terrain, au Myanmar et dans toute la r\u00e9gion, ainsi qu\u2019au plan d\u2019intervention conjoint (JRP) des Nations Unies au Bangladesh.<\/p>\n<p>&nbsp;<\/p>\n<p><strong>Pour de plus amples informations \u00e0 ce sujet, veuillez svp contacter\u00a0:<\/strong><\/p>\n<ul>\n<li>\u00c0 Bangkok, Catherine Stubberfield,\u00a0<a href=\"https:\/\/www.unhcr.org\/fr\/news\/briefing\/2020\/10\/5f8eb608a\/stubberf@unhcr.org\">stubberf@unhcr.org<\/a>, +66 65 929 8062<\/li>\n<li>\u00c0 Bangkok, Kasita Rochanakorn,\u00a0<a href=\"https:\/\/www.unhcr.org\/fr\/news\/briefing\/2020\/10\/5f8eb608a\/rochanak@unhcr.org\">rochanak@unhcr.org<\/a>, +66 64 932 0803<\/li>\n<li>\u00c0 Cox&rsquo;s Bazar, Louise Donovan,\u00a0<a href=\"https:\/\/www.unhcr.org\/fr\/news\/briefing\/2020\/10\/5f8eb608a\/donovan@unhcr.org\">donovan@unhcr.org<\/a>, +880 18 4732 7279<\/li>\n<li>\u00c0 Yangon, Reuben Lim,\u00a0<a href=\"https:\/\/www.unhcr.org\/fr\/news\/briefing\/2020\/10\/5f8eb608a\/wende@unhcr.org%20\">wende@unhcr.org<\/a><\/li>\n<li>\u00c0 Gen\u00e8ve, Andrej Mahecic,\u00a0<a href=\"https:\/\/www.unhcr.org\/fr\/news\/briefing\/2020\/10\/5f8eb608a\/mahecic@unhcr.org\">mahecic@unhcr.org<\/a>, +41 79 642 97 09<\/li>\n<li>\u00c0 New York, Kathryn Mahoney,\u00a0<a href=\"https:\/\/www.unhcr.org\/fr\/news\/briefing\/2020\/10\/5f8eb608a\/mahoney@unhcr.org\">mahoney@unhcr.org<\/a>, +1 347 443 7646<\/li>\n<\/ul>\n<p>&nbsp;<\/p>\n<p><em>Publi\u00e9 par le <a href=\"https:\/\/www.unhcr.org\/fr\/news\/briefing\/2020\/10\/5f8eb608a\/hcr-appelle-solidarite-soutien-solutions-refugies-rohingyas-veille-dune.html\">HCR<\/a>, le 20 octobre 2020.<\/em><\/p>\n","protected":false},"excerpt":{"rendered":"<p>Le HCR souligne la n\u00e9cessit\u00e9 d\u2019un soutien international plus affirm\u00e9 pour trouver des solutions en faveur de cette population apatride et d\u00e9racin\u00e9e.<\/p>\n","protected":false},"author":26,"featured_media":54974,"comment_status":"closed","ping_status":"closed","sticky":false,"template":"","format":"standard","meta":{"_acf_changed":false,"_et_pb_use_builder":"","_et_pb_old_content":"","_et_gb_content_width":"","inline_featured_image":false,"footnotes":"","beyondwords_generate_audio":"","beyondwords_integration_method":"","beyondwords_project_id":"","beyondwords_content_id":"","beyondwords_preview_token":"","beyondwords_player_content":"","beyondwords_player_style":"","beyondwords_language_code":"","beyondwords_language_id":"","beyondwords_title_voice_id":"","beyondwords_body_voice_id":"","beyondwords_summary_voice_id":"","beyondwords_error_message":"","beyondwords_disabled":"","beyondwords_delete_content":"","beyondwords_podcast_id":"","beyondwords_hash":"","publish_post_to_speechkit":"","speechkit_hash":"","speechkit_generate_audio":"","speechkit_project_id":"","speechkit_podcast_id":"","speechkit_error_message":"","speechkit_disabled":"","speechkit_access_key":"","speechkit_error":"","speechkit_info":"","speechkit_response":"","speechkit_retries":"","speechkit_status":"","speechkit_updated_at":"","_speechkit_link":"","_speechkit_text":""},"categories":[49,45],"tags":[90,200,407],"class_list":["post-54975","post","type-post","status-publish","format-standard","has-post-thumbnail","hentry","category-communiques-de-presse","category-nouvelle","tag-hcr","tag-refugies","tag-rohingyas"],"acf":[],"yoast_head":"<!-- This site is optimized with the Yoast SEO Premium plugin v27.5 (Yoast SEO v27.5) - https:\/\/yoast.com\/product\/yoast-seo-premium-wordpress\/ -->\n<title>HCR appelle \u00e0 la solidarit\u00e9, au soutien et \u00e0 des solutions pour les r\u00e9fugi\u00e9s rohingyas<\/title>\n<meta name=\"description\" content=\"Le HCR souligne la n\u00e9cessit\u00e9 d\u2019un soutien international plus affirm\u00e9 pour trouver des solutions en faveur de cette population apatride et d\u00e9racin\u00e9e.\" \/>\n<meta name=\"robots\" content=\"index, follow, max-snippet:-1, max-image-preview:large, max-video-preview:-1\" \/>\n<link rel=\"canonical\" href=\"https:\/\/www.unhcr.org\/fr\/news\/briefing\/2020\/10\/5f8eb608a\/hcr-appelle-solidarite-soutien-solutions-refugies-rohingyas-veille-dune.html\" \/>\n<meta property=\"og:locale\" content=\"fr_FR\" \/>\n<meta property=\"og:type\" content=\"article\" \/>\n<meta property=\"og:title\" content=\"Le HCR appelle \u00e0 la solidarit\u00e9, au soutien et \u00e0 des solutions pour les r\u00e9fugi\u00e9s rohingyas \u00e0 la veille d\u2019une importante conf\u00e9rence de donateurs\" \/>\n<meta property=\"og:description\" content=\"Le HCR souligne la n\u00e9cessit\u00e9 d\u2019un soutien international plus affirm\u00e9 pour trouver des solutions en faveur de cette population apatride et d\u00e9racin\u00e9e.\" \/>\n<meta property=\"og:url\" content=\"https:\/\/www.unhcr.org\/fr\/news\/briefing\/2020\/10\/5f8eb608a\/hcr-appelle-solidarite-soutien-solutions-refugies-rohingyas-veille-dune.html\" \/>\n<meta property=\"og:site_name\" content=\"HCR Canada\" \/>\n<meta property=\"article:publisher\" content=\"https:\/\/www.facebook.com\/UNHCRCanada\" \/>\n<meta property=\"article:published_time\" content=\"2020-10-20T12:42:44+00:00\" \/>\n<meta property=\"og:image\" content=\"https:\/\/www.unhcr.ca\/wp-content\/uploads\/2020\/10\/SolidaritySupportRohingya.jpg\" \/>\n\t<meta property=\"og:image:width\" content=\"966\" \/>\n\t<meta property=\"og:image:height\" content=\"644\" \/>\n\t<meta property=\"og:image:type\" content=\"image\/jpeg\" \/>\n<meta name=\"author\" content=\"Lauren La Rose\" \/>\n<meta name=\"twitter:card\" content=\"summary_large_image\" \/>\n<meta name=\"twitter:creator\" content=\"@UNHCRCanada\" \/>\n<meta name=\"twitter:site\" content=\"@UNHCRCanada\" \/>\n<meta name=\"twitter:label1\" content=\"\u00c9crit par\" \/>\n\t<meta name=\"twitter:data1\" content=\"Lauren La Rose\" \/>\n\t<meta name=\"twitter:label2\" content=\"Dur\u00e9e de lecture estim\u00e9e\" \/>\n\t<meta name=\"twitter:data2\" content=\"4 minutes\" \/>\n<script type=\"application\/ld+json\" class=\"yoast-schema-graph\">{\"@context\":\"https:\\\/\\\/schema.org\",\"@graph\":[{\"@type\":\"Article\",\"@id\":\"https:\\\/\\\/www.unhcr.org\\\/fr\\\/news\\\/briefing\\\/2020\\\/10\\\/5f8eb608a\\\/hcr-appelle-solidarite-soutien-solutions-refugies-rohingyas-veille-dune.html#article\",\"isPartOf\":{\"@id\":\"https:\\\/\\\/www.unhcr.ca\\\/fr\\\/news\\\/hcr-appelle-solidarite-soutien-solutions-refugies-rohingyas-veille-importante-conference-donateurs\\\/\"},\"author\":{\"name\":\"Lauren La Rose\",\"@id\":\"https:\\\/\\\/www.unhcr.ca\\\/#\\\/schema\\\/person\\\/d22a4536f2681cfba88a0867ecaec837\"},\"headline\":\"Le HCR appelle \u00e0 la solidarit\u00e9, au soutien et \u00e0 des solutions pour les r\u00e9fugi\u00e9s rohingyas \u00e0 la veille d\u2019une importante conf\u00e9rence de donateurs\",\"datePublished\":\"2020-10-20T12:42:44+00:00\",\"mainEntityOfPage\":{\"@id\":\"https:\\\/\\\/www.unhcr.ca\\\/fr\\\/news\\\/hcr-appelle-solidarite-soutien-solutions-refugies-rohingyas-veille-importante-conference-donateurs\\\/\"},\"wordCount\":829,\"image\":{\"@id\":\"https:\\\/\\\/www.unhcr.org\\\/fr\\\/news\\\/briefing\\\/2020\\\/10\\\/5f8eb608a\\\/hcr-appelle-solidarite-soutien-solutions-refugies-rohingyas-veille-dune.html#primaryimage\"},\"thumbnailUrl\":\"https:\\\/\\\/www.unhcr.ca\\\/wp-content\\\/uploads\\\/2020\\\/10\\\/SolidaritySupportRohingya.jpg\",\"keywords\":[\"HCR\",\"r\u00e9fugi\u00e9s\",\"Rohingyas\"],\"articleSection\":[\"Communiqu\u00e9s de presse\",\"Nouvelle\"],\"inLanguage\":\"fr-FR\"},{\"@type\":\"WebPage\",\"@id\":\"https:\\\/\\\/www.unhcr.ca\\\/fr\\\/news\\\/hcr-appelle-solidarite-soutien-solutions-refugies-rohingyas-veille-importante-conference-donateurs\\\/\",\"url\":\"https:\\\/\\\/www.unhcr.org\\\/fr\\\/news\\\/briefing\\\/2020\\\/10\\\/5f8eb608a\\\/hcr-appelle-solidarite-soutien-solutions-refugies-rohingyas-veille-dune.html\",\"name\":\"HCR appelle \u00e0 la solidarit\u00e9, au soutien et \u00e0 des solutions pour les r\u00e9fugi\u00e9s rohingyas\",\"isPartOf\":{\"@id\":\"https:\\\/\\\/www.unhcr.ca\\\/#website\"},\"primaryImageOfPage\":{\"@id\":\"https:\\\/\\\/www.unhcr.org\\\/fr\\\/news\\\/briefing\\\/2020\\\/10\\\/5f8eb608a\\\/hcr-appelle-solidarite-soutien-solutions-refugies-rohingyas-veille-dune.html#primaryimage\"},\"image\":{\"@id\":\"https:\\\/\\\/www.unhcr.org\\\/fr\\\/news\\\/briefing\\\/2020\\\/10\\\/5f8eb608a\\\/hcr-appelle-solidarite-soutien-solutions-refugies-rohingyas-veille-dune.html#primaryimage\"},\"thumbnailUrl\":\"https:\\\/\\\/www.unhcr.ca\\\/wp-content\\\/uploads\\\/2020\\\/10\\\/SolidaritySupportRohingya.jpg\",\"datePublished\":\"2020-10-20T12:42:44+00:00\",\"author\":{\"@id\":\"https:\\\/\\\/www.unhcr.ca\\\/#\\\/schema\\\/person\\\/d22a4536f2681cfba88a0867ecaec837\"},\"description\":\"Le HCR souligne la n\u00e9cessit\u00e9 d\u2019un soutien international plus affirm\u00e9 pour trouver des solutions en faveur de cette population apatride et d\u00e9racin\u00e9e.\",\"breadcrumb\":{\"@id\":\"https:\\\/\\\/www.unhcr.org\\\/fr\\\/news\\\/briefing\\\/2020\\\/10\\\/5f8eb608a\\\/hcr-appelle-solidarite-soutien-solutions-refugies-rohingyas-veille-dune.html#breadcrumb\"},\"inLanguage\":\"fr-FR\",\"potentialAction\":[{\"@type\":\"ReadAction\",\"target\":[\"https:\\\/\\\/www.unhcr.org\\\/fr\\\/news\\\/briefing\\\/2020\\\/10\\\/5f8eb608a\\\/hcr-appelle-solidarite-soutien-solutions-refugies-rohingyas-veille-dune.html\"]}]},{\"@type\":\"ImageObject\",\"inLanguage\":\"fr-FR\",\"@id\":\"https:\\\/\\\/www.unhcr.org\\\/fr\\\/news\\\/briefing\\\/2020\\\/10\\\/5f8eb608a\\\/hcr-appelle-solidarite-soutien-solutions-refugies-rohingyas-veille-dune.html#primaryimage\",\"url\":\"https:\\\/\\\/www.unhcr.ca\\\/wp-content\\\/uploads\\\/2020\\\/10\\\/SolidaritySupportRohingya.jpg\",\"contentUrl\":\"https:\\\/\\\/www.unhcr.ca\\\/wp-content\\\/uploads\\\/2020\\\/10\\\/SolidaritySupportRohingya.jpg\",\"width\":966,\"height\":644,\"caption\":\"Une m\u00e8re r\u00e9fugi\u00e9e rohingya et son enfant venant tout juste d\u2019arriver sont h\u00e9berg\u00e9s au centre de transit du HCR \u00e0 Kutupalong, Bangladesh, en novembre 2018. \u00a9 HCR\\\/Roger Arnold\"},{\"@type\":\"BreadcrumbList\",\"@id\":\"https:\\\/\\\/www.unhcr.org\\\/fr\\\/news\\\/briefing\\\/2020\\\/10\\\/5f8eb608a\\\/hcr-appelle-solidarite-soutien-solutions-refugies-rohingyas-veille-dune.html#breadcrumb\",\"itemListElement\":[{\"@type\":\"ListItem\",\"position\":1,\"name\":\"Home\",\"item\":\"https:\\\/\\\/www.unhcr.ca\\\/fr\\\/homepage2020\\\/\"},{\"@type\":\"ListItem\",\"position\":2,\"name\":\"Le HCR appelle \u00e0 la solidarit\u00e9, au soutien et \u00e0 des solutions pour les r\u00e9fugi\u00e9s rohingyas \u00e0 la veille d\u2019une importante conf\u00e9rence de donateurs\"}]},{\"@type\":\"WebSite\",\"@id\":\"https:\\\/\\\/www.unhcr.ca\\\/#website\",\"url\":\"https:\\\/\\\/www.unhcr.ca\\\/\",\"name\":\"HCR Canada\",\"description\":\"L\u2019Agence des Nations Unies pour les r\u00e9fugi\u00e9s\",\"potentialAction\":[{\"@type\":\"SearchAction\",\"target\":{\"@type\":\"EntryPoint\",\"urlTemplate\":\"https:\\\/\\\/www.unhcr.ca\\\/?s={search_term_string}\"},\"query-input\":{\"@type\":\"PropertyValueSpecification\",\"valueRequired\":true,\"valueName\":\"search_term_string\"}}],\"inLanguage\":\"fr-FR\"},{\"@type\":\"Person\",\"@id\":\"https:\\\/\\\/www.unhcr.ca\\\/#\\\/schema\\\/person\\\/d22a4536f2681cfba88a0867ecaec837\",\"name\":\"Lauren La Rose\",\"image\":{\"@type\":\"ImageObject\",\"inLanguage\":\"fr-FR\",\"@id\":\"https:\\\/\\\/secure.gravatar.com\\\/avatar\\\/8921ed56bf2dfaee26d6b52ff5aa5aa4c8403f8460385fc83d28d7a9444d6aa3?s=96&d=mm&r=g\",\"url\":\"https:\\\/\\\/secure.gravatar.com\\\/avatar\\\/8921ed56bf2dfaee26d6b52ff5aa5aa4c8403f8460385fc83d28d7a9444d6aa3?s=96&d=mm&r=g\",\"contentUrl\":\"https:\\\/\\\/secure.gravatar.com\\\/avatar\\\/8921ed56bf2dfaee26d6b52ff5aa5aa4c8403f8460385fc83d28d7a9444d6aa3?s=96&d=mm&r=g\",\"caption\":\"Lauren La Rose\"},\"url\":\"https:\\\/\\\/www.unhcr.ca\\\/fr\\\/news\\\/author\\\/laurenlarose\\\/\"}]}<\/script>\n<!-- \/ Yoast SEO Premium plugin. -->","yoast_head_json":{"title":"HCR appelle \u00e0 la solidarit\u00e9, au soutien et \u00e0 des solutions pour les r\u00e9fugi\u00e9s rohingyas","description":"Le HCR souligne la n\u00e9cessit\u00e9 d\u2019un soutien international plus affirm\u00e9 pour trouver des solutions en faveur de cette population apatride et d\u00e9racin\u00e9e.","robots":{"index":"index","follow":"follow","max-snippet":"max-snippet:-1","max-image-preview":"max-image-preview:large","max-video-preview":"max-video-preview:-1"},"canonical":"https:\/\/www.unhcr.org\/fr\/news\/briefing\/2020\/10\/5f8eb608a\/hcr-appelle-solidarite-soutien-solutions-refugies-rohingyas-veille-dune.html","og_locale":"fr_FR","og_type":"article","og_title":"Le HCR appelle \u00e0 la solidarit\u00e9, au soutien et \u00e0 des solutions pour les r\u00e9fugi\u00e9s rohingyas \u00e0 la veille d\u2019une importante conf\u00e9rence de donateurs","og_description":"Le HCR souligne la n\u00e9cessit\u00e9 d\u2019un soutien international plus affirm\u00e9 pour trouver des solutions en faveur de cette population apatride et d\u00e9racin\u00e9e.","og_url":"https:\/\/www.unhcr.org\/fr\/news\/briefing\/2020\/10\/5f8eb608a\/hcr-appelle-solidarite-soutien-solutions-refugies-rohingyas-veille-dune.html","og_site_name":"HCR Canada","article_publisher":"https:\/\/www.facebook.com\/UNHCRCanada","article_published_time":"2020-10-20T12:42:44+00:00","og_image":[{"width":966,"height":644,"url":"https:\/\/www.unhcr.ca\/wp-content\/uploads\/2020\/10\/SolidaritySupportRohingya.jpg","type":"image\/jpeg"}],"author":"Lauren La Rose","twitter_card":"summary_large_image","twitter_creator":"@UNHCRCanada","twitter_site":"@UNHCRCanada","twitter_misc":{"\u00c9crit par":"Lauren La Rose","Dur\u00e9e de lecture estim\u00e9e":"4 minutes"},"schema":{"@context":"https:\/\/schema.org","@graph":[{"@type":"Article","@id":"https:\/\/www.unhcr.org\/fr\/news\/briefing\/2020\/10\/5f8eb608a\/hcr-appelle-solidarite-soutien-solutions-refugies-rohingyas-veille-dune.html#article","isPartOf":{"@id":"https:\/\/www.unhcr.ca\/fr\/news\/hcr-appelle-solidarite-soutien-solutions-refugies-rohingyas-veille-importante-conference-donateurs\/"},"author":{"name":"Lauren La Rose","@id":"https:\/\/www.unhcr.ca\/#\/schema\/person\/d22a4536f2681cfba88a0867ecaec837"},"headline":"Le HCR appelle \u00e0 la solidarit\u00e9, au soutien et \u00e0 des solutions pour les r\u00e9fugi\u00e9s rohingyas \u00e0 la veille d\u2019une importante conf\u00e9rence de donateurs","datePublished":"2020-10-20T12:42:44+00:00","mainEntityOfPage":{"@id":"https:\/\/www.unhcr.ca\/fr\/news\/hcr-appelle-solidarite-soutien-solutions-refugies-rohingyas-veille-importante-conference-donateurs\/"},"wordCount":829,"image":{"@id":"https:\/\/www.unhcr.org\/fr\/news\/briefing\/2020\/10\/5f8eb608a\/hcr-appelle-solidarite-soutien-solutions-refugies-rohingyas-veille-dune.html#primaryimage"},"thumbnailUrl":"https:\/\/www.unhcr.ca\/wp-content\/uploads\/2020\/10\/SolidaritySupportRohingya.jpg","keywords":["HCR","r\u00e9fugi\u00e9s","Rohingyas"],"articleSection":["Communiqu\u00e9s de presse","Nouvelle"],"inLanguage":"fr-FR"},{"@type":"WebPage","@id":"https:\/\/www.unhcr.ca\/fr\/news\/hcr-appelle-solidarite-soutien-solutions-refugies-rohingyas-veille-importante-conference-donateurs\/","url":"https:\/\/www.unhcr.org\/fr\/news\/briefing\/2020\/10\/5f8eb608a\/hcr-appelle-solidarite-soutien-solutions-refugies-rohingyas-veille-dune.html","name":"HCR appelle \u00e0 la solidarit\u00e9, au soutien et \u00e0 des solutions pour les r\u00e9fugi\u00e9s rohingyas","isPartOf":{"@id":"https:\/\/www.unhcr.ca\/#website"},"primaryImageOfPage":{"@id":"https:\/\/www.unhcr.org\/fr\/news\/briefing\/2020\/10\/5f8eb608a\/hcr-appelle-solidarite-soutien-solutions-refugies-rohingyas-veille-dune.html#primaryimage"},"image":{"@id":"https:\/\/www.unhcr.org\/fr\/news\/briefing\/2020\/10\/5f8eb608a\/hcr-appelle-solidarite-soutien-solutions-refugies-rohingyas-veille-dune.html#primaryimage"},"thumbnailUrl":"https:\/\/www.unhcr.ca\/wp-content\/uploads\/2020\/10\/SolidaritySupportRohingya.jpg","datePublished":"2020-10-20T12:42:44+00:00","author":{"@id":"https:\/\/www.unhcr.ca\/#\/schema\/person\/d22a4536f2681cfba88a0867ecaec837"},"description":"Le HCR souligne la n\u00e9cessit\u00e9 d\u2019un soutien international plus affirm\u00e9 pour trouver des solutions en faveur de cette population apatride et d\u00e9racin\u00e9e.","breadcrumb":{"@id":"https:\/\/www.unhcr.org\/fr\/news\/briefing\/2020\/10\/5f8eb608a\/hcr-appelle-solidarite-soutien-solutions-refugies-rohingyas-veille-dune.html#breadcrumb"},"inLanguage":"fr-FR","potentialAction":[{"@type":"ReadAction","target":["https:\/\/www.unhcr.org\/fr\/news\/briefing\/2020\/10\/5f8eb608a\/hcr-appelle-solidarite-soutien-solutions-refugies-rohingyas-veille-dune.html"]}]},{"@type":"ImageObject","inLanguage":"fr-FR","@id":"https:\/\/www.unhcr.org\/fr\/news\/briefing\/2020\/10\/5f8eb608a\/hcr-appelle-solidarite-soutien-solutions-refugies-rohingyas-veille-dune.html#primaryimage","url":"https:\/\/www.unhcr.ca\/wp-content\/uploads\/2020\/10\/SolidaritySupportRohingya.jpg","contentUrl":"https:\/\/www.unhcr.ca\/wp-content\/uploads\/2020\/10\/SolidaritySupportRohingya.jpg","width":966,"height":644,"caption":"Une m\u00e8re r\u00e9fugi\u00e9e rohingya et son enfant venant tout juste d\u2019arriver sont h\u00e9berg\u00e9s au centre de transit du HCR \u00e0 Kutupalong, Bangladesh, en novembre 2018. \u00a9 HCR\/Roger Arnold"},{"@type":"BreadcrumbList","@id":"https:\/\/www.unhcr.org\/fr\/news\/briefing\/2020\/10\/5f8eb608a\/hcr-appelle-solidarite-soutien-solutions-refugies-rohingyas-veille-dune.html#breadcrumb","itemListElement":[{"@type":"ListItem","position":1,"name":"Home","item":"https:\/\/www.unhcr.ca\/fr\/homepage2020\/"},{"@type":"ListItem","position":2,"name":"Le HCR appelle \u00e0 la solidarit\u00e9, au soutien et \u00e0 des solutions pour les r\u00e9fugi\u00e9s rohingyas \u00e0 la veille d\u2019une importante conf\u00e9rence de donateurs"}]},{"@type":"WebSite","@id":"https:\/\/www.unhcr.ca\/#website","url":"https:\/\/www.unhcr.ca\/","name":"HCR Canada","description":"L\u2019Agence des Nations Unies pour les r\u00e9fugi\u00e9s","potentialAction":[{"@type":"SearchAction","target":{"@type":"EntryPoint","urlTemplate":"https:\/\/www.unhcr.ca\/?s={search_term_string}"},"query-input":{"@type":"PropertyValueSpecification","valueRequired":true,"valueName":"search_term_string"}}],"inLanguage":"fr-FR"},{"@type":"Person","@id":"https:\/\/www.unhcr.ca\/#\/schema\/person\/d22a4536f2681cfba88a0867ecaec837","name":"Lauren La Rose","image":{"@type":"ImageObject","inLanguage":"fr-FR","@id":"https:\/\/secure.gravatar.com\/avatar\/8921ed56bf2dfaee26d6b52ff5aa5aa4c8403f8460385fc83d28d7a9444d6aa3?s=96&d=mm&r=g","url":"https:\/\/secure.gravatar.com\/avatar\/8921ed56bf2dfaee26d6b52ff5aa5aa4c8403f8460385fc83d28d7a9444d6aa3?s=96&d=mm&r=g","contentUrl":"https:\/\/secure.gravatar.com\/avatar\/8921ed56bf2dfaee26d6b52ff5aa5aa4c8403f8460385fc83d28d7a9444d6aa3?s=96&d=mm&r=g","caption":"Lauren La Rose"},"url":"https:\/\/www.unhcr.ca\/fr\/news\/author\/laurenlarose\/"}]}},"_links":{"self":[{"href":"https:\/\/www.unhcr.ca\/fr\/wp-json\/wp\/v2\/posts\/54975","targetHints":{"allow":["GET"]}}],"collection":[{"href":"https:\/\/www.unhcr.ca\/fr\/wp-json\/wp\/v2\/posts"}],"about":[{"href":"https:\/\/www.unhcr.ca\/fr\/wp-json\/wp\/v2\/types\/post"}],"author":[{"embeddable":true,"href":"https:\/\/www.unhcr.ca\/fr\/wp-json\/wp\/v2\/users\/26"}],"replies":[{"embeddable":true,"href":"https:\/\/www.unhcr.ca\/fr\/wp-json\/wp\/v2\/comments?post=54975"}],"version-history":[{"count":0,"href":"https:\/\/www.unhcr.ca\/fr\/wp-json\/wp\/v2\/posts\/54975\/revisions"}],"wp:featuredmedia":[{"embeddable":true,"href":"https:\/\/www.unhcr.ca\/fr\/wp-json\/wp\/v2\/media\/54974"}],"wp:attachment":[{"href":"https:\/\/www.unhcr.ca\/fr\/wp-json\/wp\/v2\/media?parent=54975"}],"wp:term":[{"taxonomy":"category","embeddable":true,"href":"https:\/\/www.unhcr.ca\/fr\/wp-json\/wp\/v2\/categories?post=54975"},{"taxonomy":"post_tag","embeddable":true,"href":"https:\/\/www.unhcr.ca\/fr\/wp-json\/wp\/v2\/tags?post=54975"}],"curies":[{"name":"wp","href":"https:\/\/api.w.org\/{rel}","templated":true}]}}