{"id":52556,"date":"2020-08-14T20:48:33","date_gmt":"2020-08-15T00:48:33","guid":{"rendered":"https:\/\/www.unhcr.ca\/?p=52556"},"modified":"2020-08-17T20:50:25","modified_gmt":"2020-08-18T00:50:25","slug":"le-hcr-se-felicite-de-lengagement-du-canada-a-accorder-la-residence-permanente-aux-demandeurs-dasile-travaillant-en-premiere-ligne-contre-le-covid-19","status":"publish","type":"post","link":"https:\/\/www.unhcr.ca\/fr\/news\/le-hcr-se-felicite-de-lengagement-du-canada-a-accorder-la-residence-permanente-aux-demandeurs-dasile-travaillant-en-premiere-ligne-contre-le-covid-19\/","title":{"rendered":"Le HCR se f\u00e9licite de l\u2019engagement du Canada \u00e0 accorder la r\u00e9sidence permanente aux demandeurs d\u2019asile travaillant en premi\u00e8re ligne contre le Covid-19"},"content":{"rendered":"<div id=\"attachment_51900\" style=\"width: 976px\" class=\"wp-caption alignnone\"><img decoding=\"async\" aria-describedby=\"caption-attachment-51900\" class=\"size-full wp-image-51900\" src=\"https:\/\/www.unhcr.ca\/wp-content\/uploads\/2020\/08\/canadafr.jpg\" alt=\"Une machine contr\u00f4le les donn\u00e9es vitales du patient\" width=\"966\" height=\"644\" \/><p id=\"caption-attachment-51900\" class=\"wp-caption-text\">Une machine contr\u00f4le les donn\u00e9es vitales du patient. \u00a9 HCR\/Roger Arnold<\/p><\/div>\n<p>Le HCR, l\u2019Agence des Nations Unies pour les r\u00e9fugi\u00e9s, se f\u00e9licite de l\u2019annonce du Canada d\u2019ouvrir une nouvelle voie vers la r\u00e9sidence permanente pour les demandeurs d\u2019asile qui travaillent dans le secteur des soins de sant\u00e9 et qui \u0153uvrent en premi\u00e8re ligne dans le cadre des efforts canadiens de pr\u00e9vention et de lutte contre le Covid-19.<\/p>\n<p>\u00ab\u00a0C\u2019est un acte de solidarit\u00e9 exemplaire en hommage aux efforts et au d\u00e9vouement de certains des membres les plus marginalis\u00e9s et les plus vuln\u00e9rables de la soci\u00e9t\u00e9. C\u2019est un rappel des contributions exceptionnelles que les r\u00e9fugi\u00e9s et les demandeurs d\u2019asile apportent en retour aux communaut\u00e9s qui les accueillent\u00a0\u00bb, a d\u00e9clar\u00e9 Rema Jamous Imseis, la repr\u00e9sentante du HCR au Canada.<\/p>\n<p>Le HCR comprend que la d\u00e9cision b\u00e9n\u00e9ficiera aux demandeurs d\u2019asile \u00e0 travers le pays qui remplissent les conditions d\u2019\u00e9ligibilit\u00e9 et qui jouent un r\u00f4le crucial dans les institutions de sant\u00e9 durant la pand\u00e9mie.<\/p>\n<p>\u00ab\u00a0Nous avons constat\u00e9, \u00e0 travers le monde, que des r\u00e9fugi\u00e9s, des demandeurs d\u2019asile et des d\u00e9plac\u00e9s internes ont des comp\u00e9tences et des ressources qui peuvent compl\u00e9ter les efforts de lutte et de pr\u00e9vention\u00a0\u00bb, a indiqu\u00e9 Rema Jamous Imseis.<\/p>\n<p>\u00ab\u00a0Ils risquent leur propre vie pour aider et soigner les autres dans la lutte contre le Covid-19. De la Colombie au Bangladesh, de l\u2019Ouganda au Canada, des histoires incroyables ont vu le jour alors que des gens se rassemblent pour lutter contre une maladie qui ne conna\u00eet pas de fronti\u00e8res.\u00a0\u00bb<\/p>\n<p><strong>Pour de plus amples informations \u00e0 ce sujet, veuillez svp contacter :<\/strong><\/p>\n<ul>\n<li>A Gen\u00e8ve, Shabia Mantoo,\u00a0<a href=\"tel:+41%2079%20337%C2%A07650\">+41 79 337\u00a07650<\/a><a href=\"mailto:mantoo@unhcr.org?subject=Canada%20Press%20Release\">mantoo@unhcr.org<\/a><\/li>\n<li>A New York, Kathryn Mahoney,\u00a0<a href=\"tel:+1%20347%20443%207646\">+1 347 443 7646<\/a>,\u00a0<a href=\"mailto:mahoney@unhcr.org?subject=Canada%20Press%20Release\">mahoney@unhcr.org\u00a0<\/a><\/li>\n<li>A Ottawa, Melanie Gallant,\u00a0<a href=\"tel:+1%20613%20850%201268\">+1 613 850 1268<\/a><a title=\"mailto:gallant@unhcr.org\" href=\"mailto:gallant@unhcr.org\">gallant@unhcr.org<\/a><\/li>\n<\/ul>\n<p><em>Publie par le <a href=\"https:\/\/www.unhcr.org\/fr\/news\/press\/2020\/8\/5f3a2810a\/hcr-felicite-lengagement-canada-accorder-residence-permanente-demandeurs.html\">HCR<\/a>, le 14 ao\u00fbt 2020<\/em><\/p>\n","protected":false},"excerpt":{"rendered":"<p>Le HCR se f\u00e9licite de l\u2019annonce du Canada d\u2019ouvrir une nouvelle voie vers la r\u00e9sidence permanente pour les demandeurs d\u2019asile.<\/p>\n","protected":false},"author":26,"featured_media":52557,"comment_status":"open","ping_status":"open","sticky":false,"template":"","format":"standard","meta":{"_acf_changed":false,"_et_pb_use_builder":"","_et_pb_old_content":"","_et_gb_content_width":"","inline_featured_image":false,"footnotes":""},"categories":[495,48,49],"tags":[359,496,497,346,200],"class_list":["post-52556","post","type-post","status-publish","format-standard","has-post-thumbnail","hentry","category-feature-story-fr","category-bulletin","category-communiques-de-presse","tag-aveclesrefugies","tag-withrefugees-fr","tag-asylum-seekers-fr","tag-le-hcr","tag-refugies"],"acf":[],"yoast_head":"<!-- This site is optimized with the Yoast SEO Premium plugin v28.3 (Yoast SEO v28.4) - https:\/\/yoast.com\/product\/yoast-seo-premium-wordpress\/ -->\n<title>Canada: le HCR salue son engagement envers les demandeurs d&#039;asile<\/title>\n<meta name=\"description\" content=\"Le HCR se f\u00e9licite de l\u2019annonce du Canada d\u2019ouvrir une nouvelle voie vers la r\u00e9sidence permanente pour les demandeurs d\u2019asile.\" \/>\n<meta name=\"robots\" content=\"index, follow, max-snippet:-1, max-image-preview:large, max-video-preview:-1\" \/>\n<link rel=\"canonical\" href=\"https:\/\/www.unhcr.ca\/fr\/news\/le-hcr-se-felicite-de-lengagement-du-canada-a-accorder-la-residence-permanente-aux-demandeurs-dasile-travaillant-en-premiere-ligne-contre-le-covid-19\/\" \/>\n<meta property=\"og:locale\" content=\"fr_FR\" \/>\n<meta property=\"og:type\" content=\"article\" \/>\n<meta property=\"og:title\" content=\"Le HCR se f\u00e9licite de l\u2019engagement du Canada \u00e0 accorder la r\u00e9sidence permanente aux demandeurs d\u2019asile travaillant en premi\u00e8re ligne contre le Covid-19\" \/>\n<meta property=\"og:description\" content=\"Le HCR se f\u00e9licite de l\u2019annonce du Canada d\u2019ouvrir une nouvelle voie vers la r\u00e9sidence permanente pour les demandeurs d\u2019asile.\" \/>\n<meta property=\"og:url\" content=\"https:\/\/www.unhcr.ca\/fr\/news\/le-hcr-se-felicite-de-lengagement-du-canada-a-accorder-la-residence-permanente-aux-demandeurs-dasile-travaillant-en-premiere-ligne-contre-le-covid-19\/\" \/>\n<meta property=\"og:site_name\" content=\"HCR Canada\" \/>\n<meta property=\"article:publisher\" content=\"https:\/\/www.facebook.com\/UNHCRCanada\" \/>\n<meta property=\"article:published_time\" content=\"2020-08-15T00:48:33+00:00\" \/>\n<meta property=\"article:modified_time\" content=\"2020-08-18T00:50:25+00:00\" \/>\n<meta property=\"og:image\" content=\"https:\/\/www.unhcr.ca\/wp-content\/uploads\/2020\/08\/canadafr.jpg\" \/>\n\t<meta property=\"og:image:width\" content=\"966\" \/>\n\t<meta property=\"og:image:height\" content=\"644\" \/>\n\t<meta property=\"og:image:type\" content=\"image\/jpeg\" \/>\n<meta name=\"author\" content=\"Lauren La Rose\" \/>\n<meta name=\"twitter:card\" content=\"summary_large_image\" \/>\n<meta name=\"twitter:creator\" content=\"@UNHCRCanada\" \/>\n<meta name=\"twitter:site\" content=\"@UNHCRCanada\" \/>\n<meta name=\"twitter:label1\" content=\"\u00c9crit par\" \/>\n\t<meta name=\"twitter:data1\" content=\"Lauren La Rose\" \/>\n\t<meta name=\"twitter:label2\" content=\"Dur\u00e9e de lecture estim\u00e9e\" \/>\n\t<meta name=\"twitter:data2\" content=\"2 minutes\" \/>\n<script type=\"application\/ld+json\" class=\"yoast-schema-graph\">{\"@context\":\"https:\\\/\\\/schema.org\",\"@graph\":[{\"@type\":\"Article\",\"@id\":\"https:\\\/\\\/www.unhcr.ca\\\/fr\\\/news\\\/le-hcr-se-felicite-de-lengagement-du-canada-a-accorder-la-residence-permanente-aux-demandeurs-dasile-travaillant-en-premiere-ligne-contre-le-covid-19\\\/#article\",\"isPartOf\":{\"@id\":\"https:\\\/\\\/www.unhcr.ca\\\/fr\\\/news\\\/le-hcr-se-felicite-de-lengagement-du-canada-a-accorder-la-residence-permanente-aux-demandeurs-dasile-travaillant-en-premiere-ligne-contre-le-covid-19\\\/\"},\"author\":{\"name\":\"Lauren La Rose\",\"@id\":\"https:\\\/\\\/www.unhcr.ca\\\/#\\\/schema\\\/person\\\/d22a4536f2681cfba88a0867ecaec837\"},\"headline\":\"Le HCR se f\u00e9licite de l\u2019engagement du Canada \u00e0 accorder la r\u00e9sidence permanente aux demandeurs d\u2019asile travaillant en premi\u00e8re ligne contre le Covid-19\",\"datePublished\":\"2020-08-15T00:48:33+00:00\",\"dateModified\":\"2020-08-18T00:50:25+00:00\",\"mainEntityOfPage\":{\"@id\":\"https:\\\/\\\/www.unhcr.ca\\\/fr\\\/news\\\/le-hcr-se-felicite-de-lengagement-du-canada-a-accorder-la-residence-permanente-aux-demandeurs-dasile-travaillant-en-premiere-ligne-contre-le-covid-19\\\/\"},\"wordCount\":361,\"commentCount\":0,\"image\":{\"@id\":\"https:\\\/\\\/www.unhcr.ca\\\/fr\\\/news\\\/le-hcr-se-felicite-de-lengagement-du-canada-a-accorder-la-residence-permanente-aux-demandeurs-dasile-travaillant-en-premiere-ligne-contre-le-covid-19\\\/#primaryimage\"},\"thumbnailUrl\":\"https:\\\/\\\/www.unhcr.ca\\\/wp-content\\\/uploads\\\/2020\\\/08\\\/canadafr.jpg\",\"keywords\":[\"#aveclesr\u00e9fugi\u00e9s\",\"#WithRefugees\",\"Asylum Seekers\",\"le HCR\",\"r\u00e9fugi\u00e9s\"],\"articleSection\":[\"\u00c0 la Une\",\"Bulletin\",\"Communiqu\u00e9s de presse\"],\"inLanguage\":\"fr-FR\",\"potentialAction\":[{\"@type\":\"CommentAction\",\"name\":\"Comment\",\"target\":[\"https:\\\/\\\/www.unhcr.ca\\\/fr\\\/news\\\/le-hcr-se-felicite-de-lengagement-du-canada-a-accorder-la-residence-permanente-aux-demandeurs-dasile-travaillant-en-premiere-ligne-contre-le-covid-19\\\/#respond\"]}]},{\"@type\":\"WebPage\",\"@id\":\"https:\\\/\\\/www.unhcr.ca\\\/fr\\\/news\\\/le-hcr-se-felicite-de-lengagement-du-canada-a-accorder-la-residence-permanente-aux-demandeurs-dasile-travaillant-en-premiere-ligne-contre-le-covid-19\\\/\",\"url\":\"https:\\\/\\\/www.unhcr.ca\\\/fr\\\/news\\\/le-hcr-se-felicite-de-lengagement-du-canada-a-accorder-la-residence-permanente-aux-demandeurs-dasile-travaillant-en-premiere-ligne-contre-le-covid-19\\\/\",\"name\":\"Canada: le HCR salue son engagement envers les demandeurs d'asile\",\"isPartOf\":{\"@id\":\"https:\\\/\\\/www.unhcr.ca\\\/#website\"},\"primaryImageOfPage\":{\"@id\":\"https:\\\/\\\/www.unhcr.ca\\\/fr\\\/news\\\/le-hcr-se-felicite-de-lengagement-du-canada-a-accorder-la-residence-permanente-aux-demandeurs-dasile-travaillant-en-premiere-ligne-contre-le-covid-19\\\/#primaryimage\"},\"image\":{\"@id\":\"https:\\\/\\\/www.unhcr.ca\\\/fr\\\/news\\\/le-hcr-se-felicite-de-lengagement-du-canada-a-accorder-la-residence-permanente-aux-demandeurs-dasile-travaillant-en-premiere-ligne-contre-le-covid-19\\\/#primaryimage\"},\"thumbnailUrl\":\"https:\\\/\\\/www.unhcr.ca\\\/wp-content\\\/uploads\\\/2020\\\/08\\\/canadafr.jpg\",\"datePublished\":\"2020-08-15T00:48:33+00:00\",\"dateModified\":\"2020-08-18T00:50:25+00:00\",\"author\":{\"@id\":\"https:\\\/\\\/www.unhcr.ca\\\/#\\\/schema\\\/person\\\/d22a4536f2681cfba88a0867ecaec837\"},\"description\":\"Le HCR se f\u00e9licite de l\u2019annonce du Canada d\u2019ouvrir une nouvelle voie vers la r\u00e9sidence permanente pour les demandeurs d\u2019asile.\",\"breadcrumb\":{\"@id\":\"https:\\\/\\\/www.unhcr.ca\\\/fr\\\/news\\\/le-hcr-se-felicite-de-lengagement-du-canada-a-accorder-la-residence-permanente-aux-demandeurs-dasile-travaillant-en-premiere-ligne-contre-le-covid-19\\\/#breadcrumb\"},\"inLanguage\":\"fr-FR\",\"potentialAction\":[{\"@type\":\"ReadAction\",\"target\":[\"https:\\\/\\\/www.unhcr.ca\\\/fr\\\/news\\\/le-hcr-se-felicite-de-lengagement-du-canada-a-accorder-la-residence-permanente-aux-demandeurs-dasile-travaillant-en-premiere-ligne-contre-le-covid-19\\\/\"]}]},{\"@type\":\"ImageObject\",\"inLanguage\":\"fr-FR\",\"@id\":\"https:\\\/\\\/www.unhcr.ca\\\/fr\\\/news\\\/le-hcr-se-felicite-de-lengagement-du-canada-a-accorder-la-residence-permanente-aux-demandeurs-dasile-travaillant-en-premiere-ligne-contre-le-covid-19\\\/#primaryimage\",\"url\":\"https:\\\/\\\/www.unhcr.ca\\\/wp-content\\\/uploads\\\/2020\\\/08\\\/canadafr.jpg\",\"contentUrl\":\"https:\\\/\\\/www.unhcr.ca\\\/wp-content\\\/uploads\\\/2020\\\/08\\\/canadafr.jpg\",\"width\":966,\"height\":644},{\"@type\":\"BreadcrumbList\",\"@id\":\"https:\\\/\\\/www.unhcr.ca\\\/fr\\\/news\\\/le-hcr-se-felicite-de-lengagement-du-canada-a-accorder-la-residence-permanente-aux-demandeurs-dasile-travaillant-en-premiere-ligne-contre-le-covid-19\\\/#breadcrumb\",\"itemListElement\":[{\"@type\":\"ListItem\",\"position\":1,\"name\":\"Home\",\"item\":\"https:\\\/\\\/www.unhcr.ca\\\/fr\\\/\"},{\"@type\":\"ListItem\",\"position\":2,\"name\":\"Le HCR se f\u00e9licite de l\u2019engagement du Canada \u00e0 accorder la r\u00e9sidence permanente aux demandeurs d\u2019asile travaillant en premi\u00e8re ligne contre le Covid-19\"}]},{\"@type\":\"WebSite\",\"@id\":\"https:\\\/\\\/www.unhcr.ca\\\/#website\",\"url\":\"https:\\\/\\\/www.unhcr.ca\\\/\",\"name\":\"HCR Canada\",\"description\":\"L\u2019Agence des Nations Unies pour les r\u00e9fugi\u00e9s\",\"potentialAction\":[{\"@type\":\"SearchAction\",\"target\":{\"@type\":\"EntryPoint\",\"urlTemplate\":\"https:\\\/\\\/www.unhcr.ca\\\/?s={search_term_string}\"},\"query-input\":{\"@type\":\"PropertyValueSpecification\",\"valueRequired\":true,\"valueName\":\"search_term_string\"}}],\"inLanguage\":\"fr-FR\"},{\"@type\":\"Person\",\"@id\":\"https:\\\/\\\/www.unhcr.ca\\\/#\\\/schema\\\/person\\\/d22a4536f2681cfba88a0867ecaec837\",\"name\":\"Lauren La Rose\",\"image\":{\"@type\":\"ImageObject\",\"inLanguage\":\"fr-FR\",\"@id\":\"https:\\\/\\\/secure.gravatar.com\\\/avatar\\\/8921ed56bf2dfaee26d6b52ff5aa5aa4c8403f8460385fc83d28d7a9444d6aa3?s=96&d=mm&r=g\",\"url\":\"https:\\\/\\\/secure.gravatar.com\\\/avatar\\\/8921ed56bf2dfaee26d6b52ff5aa5aa4c8403f8460385fc83d28d7a9444d6aa3?s=96&d=mm&r=g\",\"contentUrl\":\"https:\\\/\\\/secure.gravatar.com\\\/avatar\\\/8921ed56bf2dfaee26d6b52ff5aa5aa4c8403f8460385fc83d28d7a9444d6aa3?s=96&d=mm&r=g\",\"caption\":\"Lauren La Rose\"},\"url\":\"https:\\\/\\\/www.unhcr.ca\\\/fr\\\/news\\\/author\\\/laurenlarose\\\/\"}]}<\/script>\n<!-- \/ Yoast SEO Premium plugin. -->","yoast_head_json":{"title":"Canada: le HCR salue son engagement envers les demandeurs d'asile","description":"Le HCR se f\u00e9licite de l\u2019annonce du Canada d\u2019ouvrir une nouvelle voie vers la r\u00e9sidence permanente pour les demandeurs d\u2019asile.","robots":{"index":"index","follow":"follow","max-snippet":"max-snippet:-1","max-image-preview":"max-image-preview:large","max-video-preview":"max-video-preview:-1"},"canonical":"https:\/\/www.unhcr.ca\/fr\/news\/le-hcr-se-felicite-de-lengagement-du-canada-a-accorder-la-residence-permanente-aux-demandeurs-dasile-travaillant-en-premiere-ligne-contre-le-covid-19\/","og_locale":"fr_FR","og_type":"article","og_title":"Le HCR se f\u00e9licite de l\u2019engagement du Canada \u00e0 accorder la r\u00e9sidence permanente aux demandeurs d\u2019asile travaillant en premi\u00e8re ligne contre le Covid-19","og_description":"Le HCR se f\u00e9licite de l\u2019annonce du Canada d\u2019ouvrir une nouvelle voie vers la r\u00e9sidence permanente pour les demandeurs d\u2019asile.","og_url":"https:\/\/www.unhcr.ca\/fr\/news\/le-hcr-se-felicite-de-lengagement-du-canada-a-accorder-la-residence-permanente-aux-demandeurs-dasile-travaillant-en-premiere-ligne-contre-le-covid-19\/","og_site_name":"HCR Canada","article_publisher":"https:\/\/www.facebook.com\/UNHCRCanada","article_published_time":"2020-08-15T00:48:33+00:00","article_modified_time":"2020-08-18T00:50:25+00:00","og_image":[{"width":966,"height":644,"url":"https:\/\/www.unhcr.ca\/wp-content\/uploads\/2020\/08\/canadafr.jpg","type":"image\/jpeg"}],"author":"Lauren La Rose","twitter_card":"summary_large_image","twitter_creator":"@UNHCRCanada","twitter_site":"@UNHCRCanada","twitter_misc":{"\u00c9crit par":"Lauren La Rose","Dur\u00e9e de lecture estim\u00e9e":"2 minutes"},"schema":{"@context":"https:\/\/schema.org","@graph":[{"@type":"Article","@id":"https:\/\/www.unhcr.ca\/fr\/news\/le-hcr-se-felicite-de-lengagement-du-canada-a-accorder-la-residence-permanente-aux-demandeurs-dasile-travaillant-en-premiere-ligne-contre-le-covid-19\/#article","isPartOf":{"@id":"https:\/\/www.unhcr.ca\/fr\/news\/le-hcr-se-felicite-de-lengagement-du-canada-a-accorder-la-residence-permanente-aux-demandeurs-dasile-travaillant-en-premiere-ligne-contre-le-covid-19\/"},"author":{"name":"Lauren La Rose","@id":"https:\/\/www.unhcr.ca\/#\/schema\/person\/d22a4536f2681cfba88a0867ecaec837"},"headline":"Le HCR se f\u00e9licite de l\u2019engagement du Canada \u00e0 accorder la r\u00e9sidence permanente aux demandeurs d\u2019asile travaillant en premi\u00e8re ligne contre le Covid-19","datePublished":"2020-08-15T00:48:33+00:00","dateModified":"2020-08-18T00:50:25+00:00","mainEntityOfPage":{"@id":"https:\/\/www.unhcr.ca\/fr\/news\/le-hcr-se-felicite-de-lengagement-du-canada-a-accorder-la-residence-permanente-aux-demandeurs-dasile-travaillant-en-premiere-ligne-contre-le-covid-19\/"},"wordCount":361,"commentCount":0,"image":{"@id":"https:\/\/www.unhcr.ca\/fr\/news\/le-hcr-se-felicite-de-lengagement-du-canada-a-accorder-la-residence-permanente-aux-demandeurs-dasile-travaillant-en-premiere-ligne-contre-le-covid-19\/#primaryimage"},"thumbnailUrl":"https:\/\/www.unhcr.ca\/wp-content\/uploads\/2020\/08\/canadafr.jpg","keywords":["#aveclesr\u00e9fugi\u00e9s","#WithRefugees","Asylum Seekers","le HCR","r\u00e9fugi\u00e9s"],"articleSection":["\u00c0 la Une","Bulletin","Communiqu\u00e9s de presse"],"inLanguage":"fr-FR","potentialAction":[{"@type":"CommentAction","name":"Comment","target":["https:\/\/www.unhcr.ca\/fr\/news\/le-hcr-se-felicite-de-lengagement-du-canada-a-accorder-la-residence-permanente-aux-demandeurs-dasile-travaillant-en-premiere-ligne-contre-le-covid-19\/#respond"]}]},{"@type":"WebPage","@id":"https:\/\/www.unhcr.ca\/fr\/news\/le-hcr-se-felicite-de-lengagement-du-canada-a-accorder-la-residence-permanente-aux-demandeurs-dasile-travaillant-en-premiere-ligne-contre-le-covid-19\/","url":"https:\/\/www.unhcr.ca\/fr\/news\/le-hcr-se-felicite-de-lengagement-du-canada-a-accorder-la-residence-permanente-aux-demandeurs-dasile-travaillant-en-premiere-ligne-contre-le-covid-19\/","name":"Canada: le HCR salue son engagement envers les demandeurs d'asile","isPartOf":{"@id":"https:\/\/www.unhcr.ca\/#website"},"primaryImageOfPage":{"@id":"https:\/\/www.unhcr.ca\/fr\/news\/le-hcr-se-felicite-de-lengagement-du-canada-a-accorder-la-residence-permanente-aux-demandeurs-dasile-travaillant-en-premiere-ligne-contre-le-covid-19\/#primaryimage"},"image":{"@id":"https:\/\/www.unhcr.ca\/fr\/news\/le-hcr-se-felicite-de-lengagement-du-canada-a-accorder-la-residence-permanente-aux-demandeurs-dasile-travaillant-en-premiere-ligne-contre-le-covid-19\/#primaryimage"},"thumbnailUrl":"https:\/\/www.unhcr.ca\/wp-content\/uploads\/2020\/08\/canadafr.jpg","datePublished":"2020-08-15T00:48:33+00:00","dateModified":"2020-08-18T00:50:25+00:00","author":{"@id":"https:\/\/www.unhcr.ca\/#\/schema\/person\/d22a4536f2681cfba88a0867ecaec837"},"description":"Le HCR se f\u00e9licite de l\u2019annonce du Canada d\u2019ouvrir une nouvelle voie vers la r\u00e9sidence permanente pour les demandeurs d\u2019asile.","breadcrumb":{"@id":"https:\/\/www.unhcr.ca\/fr\/news\/le-hcr-se-felicite-de-lengagement-du-canada-a-accorder-la-residence-permanente-aux-demandeurs-dasile-travaillant-en-premiere-ligne-contre-le-covid-19\/#breadcrumb"},"inLanguage":"fr-FR","potentialAction":[{"@type":"ReadAction","target":["https:\/\/www.unhcr.ca\/fr\/news\/le-hcr-se-felicite-de-lengagement-du-canada-a-accorder-la-residence-permanente-aux-demandeurs-dasile-travaillant-en-premiere-ligne-contre-le-covid-19\/"]}]},{"@type":"ImageObject","inLanguage":"fr-FR","@id":"https:\/\/www.unhcr.ca\/fr\/news\/le-hcr-se-felicite-de-lengagement-du-canada-a-accorder-la-residence-permanente-aux-demandeurs-dasile-travaillant-en-premiere-ligne-contre-le-covid-19\/#primaryimage","url":"https:\/\/www.unhcr.ca\/wp-content\/uploads\/2020\/08\/canadafr.jpg","contentUrl":"https:\/\/www.unhcr.ca\/wp-content\/uploads\/2020\/08\/canadafr.jpg","width":966,"height":644},{"@type":"BreadcrumbList","@id":"https:\/\/www.unhcr.ca\/fr\/news\/le-hcr-se-felicite-de-lengagement-du-canada-a-accorder-la-residence-permanente-aux-demandeurs-dasile-travaillant-en-premiere-ligne-contre-le-covid-19\/#breadcrumb","itemListElement":[{"@type":"ListItem","position":1,"name":"Home","item":"https:\/\/www.unhcr.ca\/fr\/"},{"@type":"ListItem","position":2,"name":"Le HCR se f\u00e9licite de l\u2019engagement du Canada \u00e0 accorder la r\u00e9sidence permanente aux demandeurs d\u2019asile travaillant en premi\u00e8re ligne contre le Covid-19"}]},{"@type":"WebSite","@id":"https:\/\/www.unhcr.ca\/#website","url":"https:\/\/www.unhcr.ca\/","name":"HCR Canada","description":"L\u2019Agence des Nations Unies pour les r\u00e9fugi\u00e9s","potentialAction":[{"@type":"SearchAction","target":{"@type":"EntryPoint","urlTemplate":"https:\/\/www.unhcr.ca\/?s={search_term_string}"},"query-input":{"@type":"PropertyValueSpecification","valueRequired":true,"valueName":"search_term_string"}}],"inLanguage":"fr-FR"},{"@type":"Person","@id":"https:\/\/www.unhcr.ca\/#\/schema\/person\/d22a4536f2681cfba88a0867ecaec837","name":"Lauren La Rose","image":{"@type":"ImageObject","inLanguage":"fr-FR","@id":"https:\/\/secure.gravatar.com\/avatar\/8921ed56bf2dfaee26d6b52ff5aa5aa4c8403f8460385fc83d28d7a9444d6aa3?s=96&d=mm&r=g","url":"https:\/\/secure.gravatar.com\/avatar\/8921ed56bf2dfaee26d6b52ff5aa5aa4c8403f8460385fc83d28d7a9444d6aa3?s=96&d=mm&r=g","contentUrl":"https:\/\/secure.gravatar.com\/avatar\/8921ed56bf2dfaee26d6b52ff5aa5aa4c8403f8460385fc83d28d7a9444d6aa3?s=96&d=mm&r=g","caption":"Lauren La Rose"},"url":"https:\/\/www.unhcr.ca\/fr\/news\/author\/laurenlarose\/"}]}},"_links":{"self":[{"href":"https:\/\/www.unhcr.ca\/fr\/wp-json\/wp\/v2\/posts\/52556","targetHints":{"allow":["GET"]}}],"collection":[{"href":"https:\/\/www.unhcr.ca\/fr\/wp-json\/wp\/v2\/posts"}],"about":[{"href":"https:\/\/www.unhcr.ca\/fr\/wp-json\/wp\/v2\/types\/post"}],"author":[{"embeddable":true,"href":"https:\/\/www.unhcr.ca\/fr\/wp-json\/wp\/v2\/users\/26"}],"replies":[{"embeddable":true,"href":"https:\/\/www.unhcr.ca\/fr\/wp-json\/wp\/v2\/comments?post=52556"}],"version-history":[{"count":0,"href":"https:\/\/www.unhcr.ca\/fr\/wp-json\/wp\/v2\/posts\/52556\/revisions"}],"wp:featuredmedia":[{"embeddable":true,"href":"https:\/\/www.unhcr.ca\/fr\/wp-json\/wp\/v2\/media\/52557"}],"wp:attachment":[{"href":"https:\/\/www.unhcr.ca\/fr\/wp-json\/wp\/v2\/media?parent=52556"}],"wp:term":[{"taxonomy":"category","embeddable":true,"href":"https:\/\/www.unhcr.ca\/fr\/wp-json\/wp\/v2\/categories?post=52556"},{"taxonomy":"post_tag","embeddable":true,"href":"https:\/\/www.unhcr.ca\/fr\/wp-json\/wp\/v2\/tags?post=52556"}],"curies":[{"name":"wp","href":"https:\/\/api.w.org\/{rel}","templated":true}]}}