{"id":52244,"date":"2020-07-24T12:32:26","date_gmt":"2020-07-24T16:32:26","guid":{"rendered":"https:\/\/www.unhcr.ca\/news\/bresil-hcr-renforce-appui-refugies-communautes-daccueil-covid-19-fait-ravages\/"},"modified":"2020-07-24T12:32:26","modified_gmt":"2020-07-24T16:32:26","slug":"bresil-hcr-renforce-appui-refugies-communautes-daccueil-covid-19-fait-ravages","status":"publish","type":"post","link":"https:\/\/www.unhcr.ca\/fr\/news\/bresil-hcr-renforce-appui-refugies-communautes-daccueil-covid-19-fait-ravages\/","title":{"rendered":"Au Br\u00e9sil, le HCR renforce son appui aux r\u00e9fugi\u00e9s et aux communaut\u00e9s d\u2019accueil alors que le Covid-19 y fait des ravages"},"content":{"rendered":"<div id=\"attachment_51399\" style=\"width: 976px\" class=\"wp-caption alignnone\"><img decoding=\"async\" aria-describedby=\"caption-attachment-51399\" class=\"size-full wp-image-51399\" src=\"https:\/\/www.unhcr.ca\/wp-content\/uploads\/2020\/08\/BrazilCOVIDfr.jpg\" alt=\"La famille Mata, des indig\u00e8nes Warao du Venezuela, est photographi\u00e9e au refuge Pintolandia \u00e0 Boa Vista, au Br\u00e9sil. Dialisa, m\u00e8re de trois enfants, a r\u00e9cemment r\u00e9cup\u00e9r\u00e9 du Covid-19\" width=\"966\" height=\"725\" \/><p id=\"caption-attachment-51399\" class=\"wp-caption-text\">La famille Mata, des indig\u00e8nes Warao du Venezuela, est photographi\u00e9e au refuge Pintolandia \u00e0 Boa Vista, au Br\u00e9sil. Dialisa, m\u00e8re de trois enfants, a r\u00e9cemment r\u00e9cup\u00e9r\u00e9 du Covid-19. \u00a9 HCR\/Allana Ferreira<\/p><\/div>\n<section class=\"content--wysiwyg heading\">\n<div class=\"section__wrapper\">\n<h2><em>Ceci est un r\u00e9sum\u00e9 des d\u00e9clarations du porte-parole du HCR Babar Baloch \u2013 \u00e0 qui toute citation peut \u00eatre attribu\u00e9e \u2013 lors de la conf\u00e9rence de presse du 24 juillet 2020 au Palais des Nations \u00e0 Gen\u00e8ve.<\/em><\/h2>\n<p>Le HCR, l\u2019Agence des Nations Unies pour les r\u00e9fugi\u00e9s, intensifie ses efforts au Br\u00e9sil pour prot\u00e9ger des dizaines de milliers de r\u00e9fugi\u00e9s et de migrants du Venezuela ainsi que leurs communaut\u00e9s d\u2019accueil, alors que ce pays d\u2019Am\u00e9rique latine lutte contre la pand\u00e9mie de Covid-19.<\/p>\n<p>Le Br\u00e9sil est devenu le deuxi\u00e8me pays le plus touch\u00e9 au monde, avec pr\u00e8s de 83 000 d\u00e9c\u00e8s et une augmentation continue des cas confirm\u00e9s.<\/p>\n<p>Consid\u00e9r\u00e9 comme l\u2019un des \u00e9picentres de la pand\u00e9mie en Am\u00e9rique latine, la situation au Br\u00e9sil fait payer un lourd tribut aux populations les plus vuln\u00e9rables, notamment les plus pauvres, les communaut\u00e9s autochtones et les r\u00e9fugi\u00e9s. Tous ont \u00e9t\u00e9 touch\u00e9s de mani\u00e8re disproportionn\u00e9e.<\/p>\n<p>Le pays accueille plus de 345 000 r\u00e9fugi\u00e9s et demandeurs d\u2019asile, pour lesquels les cons\u00e9quences de la pand\u00e9mie sont particuli\u00e8rement s\u00e9v\u00e8res.<\/p>\n<p>Bien que le nombre total de r\u00e9fugi\u00e9s qui ont contract\u00e9 le virus au Br\u00e9sil soit inconnu en raison de l\u2019absence de statistiques d\u00e9taill\u00e9es selon le statut et de l\u2019absence de tests g\u00e9n\u00e9ralis\u00e9s, le HCR a connaissance d\u2019au moins 19 d\u00e9c\u00e8s li\u00e9s au Covid-19 parmi les r\u00e9fugi\u00e9s, dont neuf \u00e9taient des r\u00e9fugi\u00e9s autochtones v\u00e9n\u00e9zu\u00e9liens.<\/p>\n<p>Depuis le d\u00e9but de la pand\u00e9mie, le HCR a soutenu les autorit\u00e9s locales et nationales dans leurs efforts de pr\u00e9vention et de lutte contre la maladie. L\u2019agence a intensifi\u00e9 son soutien pour contribuer \u00e0 att\u00e9nuer la menace que repr\u00e9sente le virus pour les r\u00e9fugi\u00e9s, les migrants et les communaut\u00e9s locales qui les accueillent, en mettant \u00e0 disposition des infrastructures pour renforcer le syst\u00e8me national de sant\u00e9, en fournissant une assistance financi\u00e8re, des articles d\u2019hygi\u00e8ne et en diffusant des informations essentielles par le biais de s\u00e9ances d\u2019information concernant les mesures de pr\u00e9vention.<\/p>\n<p>Depuis le mois de mars, le HCR apporte son soutien \u00e0 un h\u00f4pital d\u2019urgence \u00e0 Boa Vista, la capitale de l\u2019Etat frontalier de Roraima, au nord du pays, qui a la capacit\u00e9 de traiter et d\u2019isoler jusqu\u2019\u00e0 1782 patients confirm\u00e9s ou suspect\u00e9s d\u2019\u00eatre atteints par le Covid-19.<\/p>\n<p>A ce jour, 625 V\u00e9n\u00e9zu\u00e9liens et de nombreux Br\u00e9siliens &#8211; y compris des autochtones &#8211; ont \u00e9t\u00e9 soign\u00e9s \u00e0 l\u2019h\u00f4pital. Plus de 570 personnes ont \u00e9t\u00e9 gu\u00e9ries, et de nombreuses autres personnes en isolement ont maintenant termin\u00e9 leur p\u00e9riode de quarantaine. Vingt personnes &#8211; dont des r\u00e9fugi\u00e9s, des migrants et des Br\u00e9siliens &#8211; ont cependant malheureusement perdu la vie.<\/p>\n<p>Le personnel de cet h\u00f4pital est \u00e9galement compos\u00e9 de professionnels de la sant\u00e9 v\u00e9n\u00e9zu\u00e9liens qui ont contribu\u00e9 \u00e0 sauver des vies gr\u00e2ce \u00e0 leur exp\u00e9rience et \u00e0 leurs comp\u00e9tences, en se joignant \u00e0 leurs homologues br\u00e9siliens.<\/p>\n<p>Le HCR r\u00e9pond \u00e9galement aux besoins humanitaires et sanitaires croissants des r\u00e9fugi\u00e9s vivant dans les rues, dans des abris surpeupl\u00e9s et dans des conditions insalubres dans les r\u00e9gions du nord du Br\u00e9sil, y compris dans les Etats d\u2019Amazonas, de Roraima et de Para.<\/p>\n<p>Dans l\u2019Etat d\u2019Amazonas, l\u2019une des r\u00e9gions les plus touch\u00e9es du pays, avec plus de 92 000 cas confirm\u00e9s et plus de 3000 d\u00e9c\u00e8s li\u00e9s au Covid, le HCR et ses partenaires ont aid\u00e9 les autorit\u00e9s locales \u00e0 reloger plus de 170 r\u00e9fugi\u00e9s v\u00e9n\u00e9zu\u00e9liens autochtones. Leurs nouvelles habitations leur offrent des conditions d\u2019h\u00e9bergement et des installations sanitaires plus ad\u00e9quates, les prot\u00e9geant ainsi mieux contre le virus.<\/p>\n<p>Afin de limiter la propagation et les effets du virus, le HCR renforce ses efforts de sensibilisation des communaut\u00e9s, notamment par le biais de campagnes et de s\u00e9ances d\u2019information \u00e0 caract\u00e8re pr\u00e9ventif dans les diff\u00e9rentes langues autochtones. La promotion de l\u2019hygi\u00e8ne a \u00e9galement \u00e9t\u00e9 renforc\u00e9e dans les abris temporaires : des postes de lavage des mains ont \u00e9t\u00e9 install\u00e9s et la distribution de savon se poursuit depuis le d\u00e9but du mois de mars.<\/p>\n<p>En raison de la d\u00e9t\u00e9rioration de la situation socio-\u00e9conomique des communaut\u00e9s de r\u00e9fugi\u00e9s et de demandeurs d\u2019asile, le HCR fournit une aide en esp\u00e8ces aux personnes les plus vuln\u00e9rables, notamment les m\u00e8res c\u00e9libataires, les personnes menac\u00e9es d\u2019expulsion, les personnes souffrant de graves probl\u00e8mes de sant\u00e9 et les victimes de violences.<\/p>\n<p>Au cours du premier semestre, le HCR a distribu\u00e9 325 000 dollars \u00e0 plus de 3100 r\u00e9fugi\u00e9s et demandeurs d\u2019asile. Parall\u00e8lement, le HCR met en relation les r\u00e9fugi\u00e9s et les migrants vuln\u00e9rables avec le programme d\u2019aide financi\u00e8re d\u2019urgence mis en place par le gouvernement f\u00e9d\u00e9ral.<\/p>\n<p>En raison de la limitation des ressources disponibles et de l\u2019augmentation exponentielle des besoins, le HCR ne peut fournir une aide en esp\u00e8ces qu\u2019\u00e0 24% des personnes consid\u00e9r\u00e9es comme \u00e9tant dans le besoin.<\/p>\n<p>Compte tenu de l\u2019arriv\u00e9e de l\u2019hiver, qui accro\u00eet consid\u00e9rablement la vuln\u00e9rabilit\u00e9 des populations d\u00e9plac\u00e9es, le HCR fournit une assistance en mati\u00e8re d\u2019h\u00e9bergement et de pr\u00e9paration des m\u00e9nages \u00e0 l\u2019hiver. Quelque 15 000 r\u00e9fugi\u00e9s ont re\u00e7u des matelas, des hamacs, des kits de nettoyage et d\u2019hygi\u00e8ne, des moustiquaires, des seaux, des jerrycans, des lampes solaires ou ont b\u00e9n\u00e9fici\u00e9 d\u2019autres formes d\u2019assistance. Parmi les b\u00e9n\u00e9ficiaires figurent quelque 2300 indig\u00e8nes v\u00e9n\u00e9zu\u00e9liens, repr\u00e9sentant pr\u00e8s de la moiti\u00e9 de la population autochtone v\u00e9n\u00e9zu\u00e9lienne actuelle du pays. Plus d\u2019une tonne de v\u00eatements d\u2019hiver donn\u00e9s au HCR ont \u00e9t\u00e9 distribu\u00e9s avec l\u2019aide de partenaires aux personnes d\u00e9racin\u00e9es et affect\u00e9es dans les Etats du centre et du sud du pays.<\/p>\n<p><strong>Pour de plus amples informations \u00e0 ce sujet, veuillez svp contacter :<\/strong><\/p>\n<ul>\n<li>Au Panama, William Spindler,\u00a0<a href=\"https:\/\/www.unhcr.org\/fr\/news\/briefing\/2020\/7\/5f1ac0daa\/spindler@unhcr.org\">spindler@unhcr.org<\/a>, +507 6382 7815<\/li>\n<li>Au Panama, Olga Sarrado,\u00a0<a href=\"https:\/\/www.unhcr.org\/fr\/news\/briefing\/2020\/7\/5f1ac0daa\/sarrado@unhcr.org\">sarrado@unhcr.org<\/a>, +507 6640 0185<\/li>\n<li>Au Br\u00e9sil, Luiz Fernando Godinho Santos,\u00a0<a href=\"https:\/\/www.unhcr.org\/fr\/news\/briefing\/2020\/7\/5f1ac0daa\/godinho@unhcr.org\">godinho@unhcr.org<\/a>, +55 61 8187 0978<\/li>\n<li>\u00c0 Gen\u00e8ve, Babar Baloch,\u00a0<a href=\"https:\/\/www.unhcr.org\/fr\/news\/briefing\/2020\/7\/5f1ac0daa\/baloch@unhcr.org\">baloch@unhcr.org<\/a>, +41 79 513 9549<\/li>\n<li>\u00c0 New York, Kathryn Mahoney,\u00a0<a href=\"https:\/\/www.unhcr.org\/fr\/news\/briefing\/2020\/7\/5f1ac0daa\/mahoney@unhcr.org\">mahoney@unhcr.org<\/a>, +1 347 443 7646<\/li>\n<\/ul>\n<p><em>Publie par le <a href=\"https:\/\/www.unhcr.org\/fr\/news\/briefing\/2020\/7\/5f1ac0daa\/bresil-hcr-renforce-appui-refugies-communautes-daccueil-covid-19-fait-ravages.html\">HCR<\/a>, le 24 juillet 2020<\/em><\/p>\n<\/div>\n<\/section>\n","protected":false},"excerpt":{"rendered":"<p>Le HCR intensifie ses efforts au Br\u00e9sil pour prot\u00e9ger des dizaines que ce pays d\u2019Am\u00e9rique latine lutte contre la pand\u00e9mie de Covid-19.<\/p>\n","protected":false},"author":26,"featured_media":52245,"comment_status":"open","ping_status":"open","sticky":false,"template":"","format":"standard","meta":{"_acf_changed":false,"_et_pb_use_builder":"","_et_pb_old_content":"","_et_gb_content_width":"","inline_featured_image":false,"footnotes":"","beyondwords_generate_audio":"","beyondwords_integration_method":"","beyondwords_project_id":"","beyondwords_content_id":"","beyondwords_preview_token":"","beyondwords_player_content":"","beyondwords_player_style":"","beyondwords_language_code":"","beyondwords_language_id":"","beyondwords_title_voice_id":"","beyondwords_body_voice_id":"","beyondwords_summary_voice_id":"","beyondwords_error_message":"","beyondwords_disabled":"","beyondwords_delete_content":"","beyondwords_podcast_id":"","beyondwords_hash":"","publish_post_to_speechkit":"","speechkit_hash":"","speechkit_generate_audio":"","speechkit_project_id":"","speechkit_podcast_id":"","speechkit_error_message":"","speechkit_disabled":"","speechkit_access_key":"","speechkit_error":"","speechkit_info":"","speechkit_response":"","speechkit_retries":"","speechkit_status":"","speechkit_updated_at":"","_speechkit_link":"","_speechkit_text":""},"categories":[48,45],"tags":[796,826,346,200,259],"class_list":["post-52244","post","type-post","status-publish","format-standard","has-post-thumbnail","hentry","category-bulletin","category-nouvelle","tag-coronavirus","tag-covid","tag-le-hcr","tag-refugies","tag-unhcr-fr"],"acf":[],"yoast_head":"<!-- This site is optimized with the Yoast SEO Premium plugin v27.5 (Yoast SEO v27.5) - https:\/\/yoast.com\/product\/yoast-seo-premium-wordpress\/ -->\n<title>Covid : Au Br\u00e9sil, le HCR renforce son appui aux r\u00e9fugi\u00e9s<\/title>\n<meta name=\"description\" content=\"Le HCR intensifie ses efforts au Br\u00e9sil pour prot\u00e9ger des dizaines que ce pays d\u2019Am\u00e9rique latine lutte contre la pand\u00e9mie de Covid-19.\" \/>\n<meta name=\"robots\" content=\"index, follow, max-snippet:-1, max-image-preview:large, max-video-preview:-1\" \/>\n<link rel=\"canonical\" href=\"https:\/\/www.unhcr.ca\/fr\/news\/bresil-hcr-renforce-appui-refugies-communautes-daccueil-covid-19-fait-ravages\/\" \/>\n<meta property=\"og:locale\" content=\"fr_FR\" \/>\n<meta property=\"og:type\" content=\"article\" \/>\n<meta property=\"og:title\" content=\"Au Br\u00e9sil, le HCR renforce son appui aux r\u00e9fugi\u00e9s et aux communaut\u00e9s d\u2019accueil alors que le Covid-19 y fait des ravages\" \/>\n<meta property=\"og:description\" content=\"Le HCR intensifie ses efforts au Br\u00e9sil pour prot\u00e9ger des dizaines que ce pays d\u2019Am\u00e9rique latine lutte contre la pand\u00e9mie de Covid-19.\" \/>\n<meta property=\"og:url\" content=\"https:\/\/www.unhcr.ca\/fr\/news\/bresil-hcr-renforce-appui-refugies-communautes-daccueil-covid-19-fait-ravages\/\" \/>\n<meta property=\"og:site_name\" content=\"HCR Canada\" \/>\n<meta property=\"article:publisher\" content=\"https:\/\/www.facebook.com\/UNHCRCanada\" \/>\n<meta property=\"article:published_time\" content=\"2020-07-24T16:32:26+00:00\" \/>\n<meta property=\"og:image\" content=\"https:\/\/www.unhcr.ca\/wp-content\/uploads\/2020\/08\/BrazilCOVIDfr.jpg\" \/>\n\t<meta property=\"og:image:width\" content=\"966\" \/>\n\t<meta property=\"og:image:height\" content=\"725\" \/>\n\t<meta property=\"og:image:type\" content=\"image\/jpeg\" \/>\n<meta name=\"author\" content=\"Lauren La Rose\" \/>\n<meta name=\"twitter:card\" content=\"summary_large_image\" \/>\n<meta name=\"twitter:creator\" content=\"@UNHCRCanada\" \/>\n<meta name=\"twitter:site\" content=\"@UNHCRCanada\" \/>\n<meta name=\"twitter:label1\" content=\"\u00c9crit par\" \/>\n\t<meta name=\"twitter:data1\" content=\"Lauren La Rose\" \/>\n\t<meta name=\"twitter:label2\" content=\"Dur\u00e9e de lecture estim\u00e9e\" \/>\n\t<meta name=\"twitter:data2\" content=\"6 minutes\" \/>\n<script type=\"application\/ld+json\" class=\"yoast-schema-graph\">{\"@context\":\"https:\\\/\\\/schema.org\",\"@graph\":[{\"@type\":\"Article\",\"@id\":\"https:\\\/\\\/www.unhcr.ca\\\/fr\\\/news\\\/bresil-hcr-renforce-appui-refugies-communautes-daccueil-covid-19-fait-ravages\\\/#article\",\"isPartOf\":{\"@id\":\"https:\\\/\\\/www.unhcr.ca\\\/fr\\\/news\\\/bresil-hcr-renforce-appui-refugies-communautes-daccueil-covid-19-fait-ravages\\\/\"},\"author\":{\"name\":\"Lauren La Rose\",\"@id\":\"https:\\\/\\\/www.unhcr.ca\\\/#\\\/schema\\\/person\\\/d22a4536f2681cfba88a0867ecaec837\"},\"headline\":\"Au Br\u00e9sil, le HCR renforce son appui aux r\u00e9fugi\u00e9s et aux communaut\u00e9s d\u2019accueil alors que le Covid-19 y fait des ravages\",\"datePublished\":\"2020-07-24T16:32:26+00:00\",\"mainEntityOfPage\":{\"@id\":\"https:\\\/\\\/www.unhcr.ca\\\/fr\\\/news\\\/bresil-hcr-renforce-appui-refugies-communautes-daccueil-covid-19-fait-ravages\\\/\"},\"wordCount\":1179,\"commentCount\":0,\"image\":{\"@id\":\"https:\\\/\\\/www.unhcr.ca\\\/fr\\\/news\\\/bresil-hcr-renforce-appui-refugies-communautes-daccueil-covid-19-fait-ravages\\\/#primaryimage\"},\"thumbnailUrl\":\"https:\\\/\\\/www.unhcr.ca\\\/wp-content\\\/uploads\\\/2020\\\/08\\\/BrazilCOVIDfr.jpg\",\"keywords\":[\"Coronavirus\",\"COVID\",\"le HCR\",\"r\u00e9fugi\u00e9s\",\"unhcr\"],\"articleSection\":[\"Bulletin\",\"Nouvelle\"],\"inLanguage\":\"fr-FR\",\"potentialAction\":[{\"@type\":\"CommentAction\",\"name\":\"Comment\",\"target\":[\"https:\\\/\\\/www.unhcr.ca\\\/fr\\\/news\\\/bresil-hcr-renforce-appui-refugies-communautes-daccueil-covid-19-fait-ravages\\\/#respond\"]}]},{\"@type\":\"WebPage\",\"@id\":\"https:\\\/\\\/www.unhcr.ca\\\/fr\\\/news\\\/bresil-hcr-renforce-appui-refugies-communautes-daccueil-covid-19-fait-ravages\\\/\",\"url\":\"https:\\\/\\\/www.unhcr.ca\\\/fr\\\/news\\\/bresil-hcr-renforce-appui-refugies-communautes-daccueil-covid-19-fait-ravages\\\/\",\"name\":\"Covid : Au Br\u00e9sil, le HCR renforce son appui aux r\u00e9fugi\u00e9s\",\"isPartOf\":{\"@id\":\"https:\\\/\\\/www.unhcr.ca\\\/#website\"},\"primaryImageOfPage\":{\"@id\":\"https:\\\/\\\/www.unhcr.ca\\\/fr\\\/news\\\/bresil-hcr-renforce-appui-refugies-communautes-daccueil-covid-19-fait-ravages\\\/#primaryimage\"},\"image\":{\"@id\":\"https:\\\/\\\/www.unhcr.ca\\\/fr\\\/news\\\/bresil-hcr-renforce-appui-refugies-communautes-daccueil-covid-19-fait-ravages\\\/#primaryimage\"},\"thumbnailUrl\":\"https:\\\/\\\/www.unhcr.ca\\\/wp-content\\\/uploads\\\/2020\\\/08\\\/BrazilCOVIDfr.jpg\",\"datePublished\":\"2020-07-24T16:32:26+00:00\",\"author\":{\"@id\":\"https:\\\/\\\/www.unhcr.ca\\\/#\\\/schema\\\/person\\\/d22a4536f2681cfba88a0867ecaec837\"},\"description\":\"Le HCR intensifie ses efforts au Br\u00e9sil pour prot\u00e9ger des dizaines que ce pays d\u2019Am\u00e9rique latine lutte contre la pand\u00e9mie de Covid-19.\",\"breadcrumb\":{\"@id\":\"https:\\\/\\\/www.unhcr.ca\\\/fr\\\/news\\\/bresil-hcr-renforce-appui-refugies-communautes-daccueil-covid-19-fait-ravages\\\/#breadcrumb\"},\"inLanguage\":\"fr-FR\",\"potentialAction\":[{\"@type\":\"ReadAction\",\"target\":[\"https:\\\/\\\/www.unhcr.ca\\\/fr\\\/news\\\/bresil-hcr-renforce-appui-refugies-communautes-daccueil-covid-19-fait-ravages\\\/\"]}]},{\"@type\":\"ImageObject\",\"inLanguage\":\"fr-FR\",\"@id\":\"https:\\\/\\\/www.unhcr.ca\\\/fr\\\/news\\\/bresil-hcr-renforce-appui-refugies-communautes-daccueil-covid-19-fait-ravages\\\/#primaryimage\",\"url\":\"https:\\\/\\\/www.unhcr.ca\\\/wp-content\\\/uploads\\\/2020\\\/08\\\/BrazilCOVIDfr.jpg\",\"contentUrl\":\"https:\\\/\\\/www.unhcr.ca\\\/wp-content\\\/uploads\\\/2020\\\/08\\\/BrazilCOVIDfr.jpg\",\"width\":966,\"height\":725,\"caption\":\"La famille Mata, des indig\u00e8nes Warao du Venezuela, est photographi\u00e9e au refuge Pintolandia \u00e0 Boa Vista, au Br\u00e9sil. Dialisa, m\u00e8re de trois enfants, a r\u00e9cemment r\u00e9cup\u00e9r\u00e9 du Covid-19. \u00a9 HCR\\\/Allana Ferreira\"},{\"@type\":\"BreadcrumbList\",\"@id\":\"https:\\\/\\\/www.unhcr.ca\\\/fr\\\/news\\\/bresil-hcr-renforce-appui-refugies-communautes-daccueil-covid-19-fait-ravages\\\/#breadcrumb\",\"itemListElement\":[{\"@type\":\"ListItem\",\"position\":1,\"name\":\"Home\",\"item\":\"https:\\\/\\\/www.unhcr.ca\\\/fr\\\/homepage2020\\\/\"},{\"@type\":\"ListItem\",\"position\":2,\"name\":\"Au Br\u00e9sil, le HCR renforce son appui aux r\u00e9fugi\u00e9s et aux communaut\u00e9s d\u2019accueil alors que le Covid-19 y fait des ravages\"}]},{\"@type\":\"WebSite\",\"@id\":\"https:\\\/\\\/www.unhcr.ca\\\/#website\",\"url\":\"https:\\\/\\\/www.unhcr.ca\\\/\",\"name\":\"HCR Canada\",\"description\":\"L\u2019Agence des Nations Unies pour les r\u00e9fugi\u00e9s\",\"potentialAction\":[{\"@type\":\"SearchAction\",\"target\":{\"@type\":\"EntryPoint\",\"urlTemplate\":\"https:\\\/\\\/www.unhcr.ca\\\/?s={search_term_string}\"},\"query-input\":{\"@type\":\"PropertyValueSpecification\",\"valueRequired\":true,\"valueName\":\"search_term_string\"}}],\"inLanguage\":\"fr-FR\"},{\"@type\":\"Person\",\"@id\":\"https:\\\/\\\/www.unhcr.ca\\\/#\\\/schema\\\/person\\\/d22a4536f2681cfba88a0867ecaec837\",\"name\":\"Lauren La Rose\",\"image\":{\"@type\":\"ImageObject\",\"inLanguage\":\"fr-FR\",\"@id\":\"https:\\\/\\\/secure.gravatar.com\\\/avatar\\\/8921ed56bf2dfaee26d6b52ff5aa5aa4c8403f8460385fc83d28d7a9444d6aa3?s=96&d=mm&r=g\",\"url\":\"https:\\\/\\\/secure.gravatar.com\\\/avatar\\\/8921ed56bf2dfaee26d6b52ff5aa5aa4c8403f8460385fc83d28d7a9444d6aa3?s=96&d=mm&r=g\",\"contentUrl\":\"https:\\\/\\\/secure.gravatar.com\\\/avatar\\\/8921ed56bf2dfaee26d6b52ff5aa5aa4c8403f8460385fc83d28d7a9444d6aa3?s=96&d=mm&r=g\",\"caption\":\"Lauren La Rose\"},\"url\":\"https:\\\/\\\/www.unhcr.ca\\\/fr\\\/news\\\/author\\\/laurenlarose\\\/\"}]}<\/script>\n<!-- \/ Yoast SEO Premium plugin. -->","yoast_head_json":{"title":"Covid : Au Br\u00e9sil, le HCR renforce son appui aux r\u00e9fugi\u00e9s","description":"Le HCR intensifie ses efforts au Br\u00e9sil pour prot\u00e9ger des dizaines que ce pays d\u2019Am\u00e9rique latine lutte contre la pand\u00e9mie de Covid-19.","robots":{"index":"index","follow":"follow","max-snippet":"max-snippet:-1","max-image-preview":"max-image-preview:large","max-video-preview":"max-video-preview:-1"},"canonical":"https:\/\/www.unhcr.ca\/fr\/news\/bresil-hcr-renforce-appui-refugies-communautes-daccueil-covid-19-fait-ravages\/","og_locale":"fr_FR","og_type":"article","og_title":"Au Br\u00e9sil, le HCR renforce son appui aux r\u00e9fugi\u00e9s et aux communaut\u00e9s d\u2019accueil alors que le Covid-19 y fait des ravages","og_description":"Le HCR intensifie ses efforts au Br\u00e9sil pour prot\u00e9ger des dizaines que ce pays d\u2019Am\u00e9rique latine lutte contre la pand\u00e9mie de Covid-19.","og_url":"https:\/\/www.unhcr.ca\/fr\/news\/bresil-hcr-renforce-appui-refugies-communautes-daccueil-covid-19-fait-ravages\/","og_site_name":"HCR Canada","article_publisher":"https:\/\/www.facebook.com\/UNHCRCanada","article_published_time":"2020-07-24T16:32:26+00:00","og_image":[{"width":966,"height":725,"url":"https:\/\/www.unhcr.ca\/wp-content\/uploads\/2020\/08\/BrazilCOVIDfr.jpg","type":"image\/jpeg"}],"author":"Lauren La Rose","twitter_card":"summary_large_image","twitter_creator":"@UNHCRCanada","twitter_site":"@UNHCRCanada","twitter_misc":{"\u00c9crit par":"Lauren La Rose","Dur\u00e9e de lecture estim\u00e9e":"6 minutes"},"schema":{"@context":"https:\/\/schema.org","@graph":[{"@type":"Article","@id":"https:\/\/www.unhcr.ca\/fr\/news\/bresil-hcr-renforce-appui-refugies-communautes-daccueil-covid-19-fait-ravages\/#article","isPartOf":{"@id":"https:\/\/www.unhcr.ca\/fr\/news\/bresil-hcr-renforce-appui-refugies-communautes-daccueil-covid-19-fait-ravages\/"},"author":{"name":"Lauren La Rose","@id":"https:\/\/www.unhcr.ca\/#\/schema\/person\/d22a4536f2681cfba88a0867ecaec837"},"headline":"Au Br\u00e9sil, le HCR renforce son appui aux r\u00e9fugi\u00e9s et aux communaut\u00e9s d\u2019accueil alors que le Covid-19 y fait des ravages","datePublished":"2020-07-24T16:32:26+00:00","mainEntityOfPage":{"@id":"https:\/\/www.unhcr.ca\/fr\/news\/bresil-hcr-renforce-appui-refugies-communautes-daccueil-covid-19-fait-ravages\/"},"wordCount":1179,"commentCount":0,"image":{"@id":"https:\/\/www.unhcr.ca\/fr\/news\/bresil-hcr-renforce-appui-refugies-communautes-daccueil-covid-19-fait-ravages\/#primaryimage"},"thumbnailUrl":"https:\/\/www.unhcr.ca\/wp-content\/uploads\/2020\/08\/BrazilCOVIDfr.jpg","keywords":["Coronavirus","COVID","le HCR","r\u00e9fugi\u00e9s","unhcr"],"articleSection":["Bulletin","Nouvelle"],"inLanguage":"fr-FR","potentialAction":[{"@type":"CommentAction","name":"Comment","target":["https:\/\/www.unhcr.ca\/fr\/news\/bresil-hcr-renforce-appui-refugies-communautes-daccueil-covid-19-fait-ravages\/#respond"]}]},{"@type":"WebPage","@id":"https:\/\/www.unhcr.ca\/fr\/news\/bresil-hcr-renforce-appui-refugies-communautes-daccueil-covid-19-fait-ravages\/","url":"https:\/\/www.unhcr.ca\/fr\/news\/bresil-hcr-renforce-appui-refugies-communautes-daccueil-covid-19-fait-ravages\/","name":"Covid : Au Br\u00e9sil, le HCR renforce son appui aux r\u00e9fugi\u00e9s","isPartOf":{"@id":"https:\/\/www.unhcr.ca\/#website"},"primaryImageOfPage":{"@id":"https:\/\/www.unhcr.ca\/fr\/news\/bresil-hcr-renforce-appui-refugies-communautes-daccueil-covid-19-fait-ravages\/#primaryimage"},"image":{"@id":"https:\/\/www.unhcr.ca\/fr\/news\/bresil-hcr-renforce-appui-refugies-communautes-daccueil-covid-19-fait-ravages\/#primaryimage"},"thumbnailUrl":"https:\/\/www.unhcr.ca\/wp-content\/uploads\/2020\/08\/BrazilCOVIDfr.jpg","datePublished":"2020-07-24T16:32:26+00:00","author":{"@id":"https:\/\/www.unhcr.ca\/#\/schema\/person\/d22a4536f2681cfba88a0867ecaec837"},"description":"Le HCR intensifie ses efforts au Br\u00e9sil pour prot\u00e9ger des dizaines que ce pays d\u2019Am\u00e9rique latine lutte contre la pand\u00e9mie de Covid-19.","breadcrumb":{"@id":"https:\/\/www.unhcr.ca\/fr\/news\/bresil-hcr-renforce-appui-refugies-communautes-daccueil-covid-19-fait-ravages\/#breadcrumb"},"inLanguage":"fr-FR","potentialAction":[{"@type":"ReadAction","target":["https:\/\/www.unhcr.ca\/fr\/news\/bresil-hcr-renforce-appui-refugies-communautes-daccueil-covid-19-fait-ravages\/"]}]},{"@type":"ImageObject","inLanguage":"fr-FR","@id":"https:\/\/www.unhcr.ca\/fr\/news\/bresil-hcr-renforce-appui-refugies-communautes-daccueil-covid-19-fait-ravages\/#primaryimage","url":"https:\/\/www.unhcr.ca\/wp-content\/uploads\/2020\/08\/BrazilCOVIDfr.jpg","contentUrl":"https:\/\/www.unhcr.ca\/wp-content\/uploads\/2020\/08\/BrazilCOVIDfr.jpg","width":966,"height":725,"caption":"La famille Mata, des indig\u00e8nes Warao du Venezuela, est photographi\u00e9e au refuge Pintolandia \u00e0 Boa Vista, au Br\u00e9sil. Dialisa, m\u00e8re de trois enfants, a r\u00e9cemment r\u00e9cup\u00e9r\u00e9 du Covid-19. \u00a9 HCR\/Allana Ferreira"},{"@type":"BreadcrumbList","@id":"https:\/\/www.unhcr.ca\/fr\/news\/bresil-hcr-renforce-appui-refugies-communautes-daccueil-covid-19-fait-ravages\/#breadcrumb","itemListElement":[{"@type":"ListItem","position":1,"name":"Home","item":"https:\/\/www.unhcr.ca\/fr\/homepage2020\/"},{"@type":"ListItem","position":2,"name":"Au Br\u00e9sil, le HCR renforce son appui aux r\u00e9fugi\u00e9s et aux communaut\u00e9s d\u2019accueil alors que le Covid-19 y fait des ravages"}]},{"@type":"WebSite","@id":"https:\/\/www.unhcr.ca\/#website","url":"https:\/\/www.unhcr.ca\/","name":"HCR Canada","description":"L\u2019Agence des Nations Unies pour les r\u00e9fugi\u00e9s","potentialAction":[{"@type":"SearchAction","target":{"@type":"EntryPoint","urlTemplate":"https:\/\/www.unhcr.ca\/?s={search_term_string}"},"query-input":{"@type":"PropertyValueSpecification","valueRequired":true,"valueName":"search_term_string"}}],"inLanguage":"fr-FR"},{"@type":"Person","@id":"https:\/\/www.unhcr.ca\/#\/schema\/person\/d22a4536f2681cfba88a0867ecaec837","name":"Lauren La Rose","image":{"@type":"ImageObject","inLanguage":"fr-FR","@id":"https:\/\/secure.gravatar.com\/avatar\/8921ed56bf2dfaee26d6b52ff5aa5aa4c8403f8460385fc83d28d7a9444d6aa3?s=96&d=mm&r=g","url":"https:\/\/secure.gravatar.com\/avatar\/8921ed56bf2dfaee26d6b52ff5aa5aa4c8403f8460385fc83d28d7a9444d6aa3?s=96&d=mm&r=g","contentUrl":"https:\/\/secure.gravatar.com\/avatar\/8921ed56bf2dfaee26d6b52ff5aa5aa4c8403f8460385fc83d28d7a9444d6aa3?s=96&d=mm&r=g","caption":"Lauren La Rose"},"url":"https:\/\/www.unhcr.ca\/fr\/news\/author\/laurenlarose\/"}]}},"_links":{"self":[{"href":"https:\/\/www.unhcr.ca\/fr\/wp-json\/wp\/v2\/posts\/52244","targetHints":{"allow":["GET"]}}],"collection":[{"href":"https:\/\/www.unhcr.ca\/fr\/wp-json\/wp\/v2\/posts"}],"about":[{"href":"https:\/\/www.unhcr.ca\/fr\/wp-json\/wp\/v2\/types\/post"}],"author":[{"embeddable":true,"href":"https:\/\/www.unhcr.ca\/fr\/wp-json\/wp\/v2\/users\/26"}],"replies":[{"embeddable":true,"href":"https:\/\/www.unhcr.ca\/fr\/wp-json\/wp\/v2\/comments?post=52244"}],"version-history":[{"count":0,"href":"https:\/\/www.unhcr.ca\/fr\/wp-json\/wp\/v2\/posts\/52244\/revisions"}],"wp:featuredmedia":[{"embeddable":true,"href":"https:\/\/www.unhcr.ca\/fr\/wp-json\/wp\/v2\/media\/52245"}],"wp:attachment":[{"href":"https:\/\/www.unhcr.ca\/fr\/wp-json\/wp\/v2\/media?parent=52244"}],"wp:term":[{"taxonomy":"category","embeddable":true,"href":"https:\/\/www.unhcr.ca\/fr\/wp-json\/wp\/v2\/categories?post=52244"},{"taxonomy":"post_tag","embeddable":true,"href":"https:\/\/www.unhcr.ca\/fr\/wp-json\/wp\/v2\/tags?post=52244"}],"curies":[{"name":"wp","href":"https:\/\/api.w.org\/{rel}","templated":true}]}}