{"id":52126,"date":"2020-05-15T15:59:34","date_gmt":"2020-05-15T19:59:34","guid":{"rendered":"https:\/\/www.unhcr.ca\/news\/united-music-concert-charite-virtuel-soutenir-reponse-hcr-coronavirus\/"},"modified":"2021-01-25T20:22:27","modified_gmt":"2021-01-26T01:22:27","slug":"united-music-concert-charite-virtuel-soutenir-reponse-hcr-coronavirus","status":"publish","type":"post","link":"https:\/\/www.unhcr.ca\/fr\/news\/united-music-concert-charite-virtuel-soutenir-reponse-hcr-coronavirus\/","title":{"rendered":"United in Music : Un concert de charit\u00e9 virtuel pour soutenir la r\u00e9ponse du HCR au coronavirus"},"content":{"rendered":"<section class=\"content--wysiwyg heading\">\n<div class=\"section__wrapper\">\n<div id=\"attachment_49443\" style=\"width: 976px\" class=\"wp-caption alignnone\"><img decoding=\"async\" aria-describedby=\"caption-attachment-49443\" class=\"size-full wp-image-49443\" src=\"https:\/\/www.unhcr.ca\/wp-content\/uploads\/2020\/08\/UiM1.jpg\" alt=\"Le maestro Shlomo Mintz est le principal organisateur de United in Music. La photo a \u00e9t\u00e9 prise le 1er janvier 2015\" width=\"966\" height=\"644\" \/><p id=\"caption-attachment-49443\" class=\"wp-caption-text\">Le maestro Shlomo Mintz est le principal organisateur de United in Music. La photo a \u00e9t\u00e9 prise le 1er janvier 2015. \u00a9 Chab Lathion<\/p><\/div>\n<h2>Des musiciens originaires de 30 pays, dirig\u00e9s par le maestro Shlomo Mintz, se retrouvent pour un concert plan\u00e9taire en soutien \u00e0 l\u2019appel de fonds du HCR pour lutter contre le Covid-19.<\/h2>\n<\/div>\n<\/section>\n<section class=\"content--wysiwyg\">\n<div class=\"section__wrapper\">\n<div class=\"content--author\">\n<p>Plus de 50 musiciens du monde entier mettront leurs talents et leur temps au service d\u2019un concert virtuel organis\u00e9 pour collecter des fonds au profit du HCR, l\u2019agence des Nations Unies pour les r\u00e9fugi\u00e9s, dans le cadre de sa r\u00e9ponse au Covid-19.<\/p>\n<p>La premi\u00e8re de\u00a0<em>United in Music<\/em>\u00a0est pr\u00e9vue pour le jeudi 28 mai \u00e0 18h00 GMT (12h00 EST) et sera diffus\u00e9e sur les cha\u00eenes mondiales du HCR sur YouTube. Cette collecte de fonds musicale a \u00e9t\u00e9 initi\u00e9e par Shlomo Mintz, violoniste et chef d&rsquo;orchestre de renomm\u00e9e mondiale, en r\u00e9ponse \u00e0 l&rsquo;invitation de Christine Mori et d&rsquo;Alexis Spieldenner de la compagnie canadienne Bravo Niagara ! Festival des arts. Le duo a invit\u00e9 le maestro Shlomo Mintz \u00e0 prendre part \u00e0 un concert virtuel du c\u00e9l\u00e8bre Concerto pour quatre violons de Vivaldi, avec le concours de musiciens de diff\u00e9rents orchestres bas\u00e9s au Canada, en Nouvelle-Z\u00e9lande, au Royaume-Uni et aux \u00c9tats-Unis.\u00a0<em>United in Music<\/em>\u00a0sera enregistr\u00e9 \u00e0 distance par les divers artistes dans leurs foyers respectifs. Les artistes interpr\u00e9teront des \u0153uvres de Vivaldi, Kreisler et Rachmaninoff.<\/p>\n<p>Tous les dons issus du concert seront vers\u00e9s au HCR pour aider \u00e0 prot\u00e9ger les r\u00e9fugi\u00e9s et les communaut\u00e9s qui les accueillent dans le cadre de la lutte mondiale contre le Covid-19.<\/p>\n<p>\u00ab\u00a0L\u2019id\u00e9e premi\u00e8re de ce concert \u00e9tait de partager un message d\u2019espoir en apportant de la musique et de la joie dans les foyers des gens en cette p\u00e9riode difficile\u00a0\u00bb, a expliqu\u00e9 Shlomo Mintz. \u00ab\u00a0Nous savons que des millions de personnes dans le monde ont \u00e9t\u00e9 forc\u00e9es de fuir leur foyer et qu\u2019elles ont un besoin de soutien &#8211; surtout maintenant. C\u2019est ce qui m\u2019a donn\u00e9 l\u2019id\u00e9e de transformer ce spectacle musical en une collecte de fonds pour une bonne cause. Notre objectif est de collecter des fonds et de soutenir les efforts du HCR pour aider les familles de r\u00e9fugi\u00e9s aujourd\u2019hui menac\u00e9es par le Covid-19.\u00a0\u00bb<\/p>\n<p>Le concert sera pr\u00e9c\u00e9d\u00e9 de quelques mots de Filippo Grandi, Haut Commissaire des Nations Unies pour les r\u00e9fugi\u00e9s, et est parrain\u00e9 par Barbara Hendricks, la c\u00e9l\u00e8bre cantatrice am\u00e9ricaine et ambassadrice honoraire de bonne volont\u00e9 du HCR.<\/p>\n<p>\u00ab\u00a0La musique a vraiment le pouvoir d\u2019\u00e9lever et d\u2019unir les individus, en particulier dans les moments difficiles\u00a0\u00bb, a d\u00e9clar\u00e9 Barbara Hendricks. \u00ab\u00a0Comme nous demeurons tous physiquement s\u00e9par\u00e9s, les communications virtuelles sont un lien qui nous unit. Je suis reconnaissante envers le maestro Shlomo Mintz et tous les artistes qui nous aident \u00e0 soutenir le travail essentiel du HCR en faveur des r\u00e9fugi\u00e9s. Chaque dollar r\u00e9colt\u00e9 aura un r\u00e9el impact sur la vie de millions d\u2019enfants, de femmes et d\u2019hommes qui ont \u00e9t\u00e9 d\u00e9racin\u00e9s de leurs foyers.\u00a0\u00bb<\/p>\n<p>Filippo Grandi, le Haut Commissaire des Nations Unies pour les r\u00e9fugi\u00e9s, a d\u00e9clar\u00e9 : \u00ab\u00a0C\u2019est un excellent exemple d\u2019organisations qui s\u2019unissent de mani\u00e8re cr\u00e9ative pour soutenir les r\u00e9fugi\u00e9s, et nous sommes extr\u00eamement reconnaissants envers le maestro Shlomo Mintz, Bravo Niagara ! Festival of the Arts, ainsi qu\u2019envers tous les brillants musiciens qui s\u2019uniront afin de collecter des fonds pour la r\u00e9ponse du HCR au Covid-19.\u00a0\u00bb<\/p>\n<p><strong>BRAVO NIAGARA ! Festival des arts<\/strong><\/p>\n<p>Ce projet t\u00e9moigne de notre foi dans le pouvoir transformateur de la musique en mati\u00e8re de changement social.<\/p>\n<p>Nous sommes honor\u00e9s de collaborer avec le maestro Shlomo Mintz et le HCR en r\u00e9unissant des musiciens du monde entier pour soutenir les r\u00e9fugi\u00e9s en cette p\u00e9riode de crise mondiale.<\/p>\n<p><strong>A propos du HCR<\/strong><\/p>\n<p>Le HCR, l\u2019Agence des Nations Unies pour les r\u00e9fugi\u00e9s, dirige les efforts internationaux visant \u00e0 prot\u00e9ger les personnes contraintes de fuir leur foyer en raison des conflits et des pers\u00e9cutions. Nous leur fournissons une assistance vitale, comme des abris, de la nourriture et de l\u2019eau, nous contribuons \u00e0 la sauvegarde de leurs droits fondamentaux et nous d\u00e9veloppons des solutions pour garantir \u00e0 ces personnes un lieu s\u00fbr o\u00f9 elles peuvent se sentir chez elles et se construire un avenir meilleur. Nous \u0153uvrons \u00e9galement pour que les apatrides obtiennent une nationalit\u00e9.<\/p>\n<p>Le HCR prend des mesures pour aider \u00e0 r\u00e9pondre \u00e0 l\u2019urgence de sant\u00e9 publique caus\u00e9e par la pand\u00e9mie de Covid-19 et pour en emp\u00eacher la propagation. En collaboration avec les gouvernements, le HCR veille \u00e0 ce que les r\u00e9fugi\u00e9s soient inclus dans les plans nationaux de r\u00e9ponse \u00e0 la crise sanitaire et qu\u2019ils soient bien inform\u00e9s sur la mani\u00e8re d\u2019emp\u00eacher la propagation du virus, qu\u2019ils aient acc\u00e8s \u00e0 du savon et \u00e0 de l\u2019eau propre et qu\u2019ils continuent \u00e0 recevoir l\u2019aide et l\u2019assistance vitales dont ils ont besoin.<\/p>\n<p>M\u00eame un petit don au HCR peut contribuer grandement \u00e0 la protection des r\u00e9fugi\u00e9s et de leurs communaut\u00e9s d\u2019accueil contre le Covid-19. Un don de 20 dollars (18 euros) peut permettre \u00e0 10 familles de recevoir des savons pour pr\u00e9venir la propagation du virus.<\/p>\n<p>Pour faire un don \u00e0 la collecte de fonds de\u00a0<em>United in Music<\/em>, <a href=\"http:\/\/unh.cr\/5eb9342511\">veuillez visiter le site\u00a0(en anglais)<\/a>.<\/p>\n<p><strong>Notes aux m\u00e9dias<\/strong><\/p>\n<p>Vous trouverez dans\u00a0<a href=\"https:\/\/www.dropbox.com\/sh\/8nf1ui42vog3gd0\/AAB5B85BfhwoG0Qyh-IKyLcya?dl=0\">ce dossier<\/a>\u00a0des informations sur les artistes et le concert.<\/p>\n<p>Vous trouverez\u00a0<a href=\"https:\/\/media.unhcr.org\/C.aspx?VP3=SearchResult&amp;LBID=2CZ739TRRFF#_ga=2.160676926.2053257189.1589223592-1982147040.1588631538\">ici<\/a>\u00a0des images du HCR sur la pr\u00e9paration des r\u00e9fugi\u00e9s \u00e0 la crise de Covid-19.<\/p>\n<p><a href=\"https:\/\/www.facebook.com\/events\/295729448091151\/\">L&rsquo;\u00e9v\u00e9nement sera \u00e9galement diffus\u00e9 \u00e0 l&rsquo;adresse suivante.<\/a><\/p>\n<p><strong>Contacts m\u00e9dias\u00a0:<\/strong><\/p>\n<ul>\n<li>A Londres, Mark Macdonald,\u00a0<a href=\"mailto:mmacdonald@unrefugees.org.uk\">mmacdonald@unrefugees.org.uk<\/a><\/li>\n<li>A Washington, D.C., Junia Geisler,\u00a0<a href=\"mailto:jgeisler@usaforunhcr.org\">jgeisler@usaforunhcr.org<\/a><\/li>\n<li>A Gen\u00e8ve, Carlotta Wolf,\u00a0<a href=\"mailto:wolf@unhcr.org\">wolf@unhcr.org<\/a><\/li>\n<li>A Toronto, Lauren La Rose,\u00a0<a href=\"mailto:larose@unhcr.org\">larose@unhcr.org<\/a><\/li>\n<\/ul>\n<p><strong>Pour les interviews avec l\u2019ambassadrice du HCR Barbara Hendricks:<\/strong><\/p>\n<ul>\n<li>A Londres, Claire Lewis,\u00a0<a href=\"mailto:lewis@unhcr.org\">lewis@unhcr.org<\/a><\/li>\n<\/ul>\n<p><strong>Pour les questions concernant les artistes :<\/strong><\/p>\n<ul>\n<li>Bel\u00e9n Alonso,\u00a0<a href=\"mailto:b.alonsomonedero@gmail.com\">b.alonsomonedero@gmail.com<\/a><\/li>\n<\/ul>\n<p><strong>Pour les questions concernant Bravo Niagara :<\/strong><\/p>\n<ul>\n<li>Alexis Spieldenner,\u00a0<a href=\"mailto:alexis@bravoniagara.org\">alexis@bravoniagara.org<\/a><\/li>\n<\/ul>\n<p><strong>PROGRAMME<\/strong><\/p>\n<p>A. Vivaldi<\/p>\n<p>Concerto pour 4 violons en si mineur, RV 580 (1er et 3e mouvement)<\/p>\n<p><strong>Solistes :\u00a0\u00a0\u00a0\u00a0\u00a0\u00a0\u00a0\u00a0<\/strong><\/p>\n<p>Shlomo Mintz<\/p>\n<p>Carmine Lauri. Orchestre symphonique de Londres et Oxford Philomusica<\/p>\n<p>Jonathan Crow, Orchestre symphonique de Toronto<\/p>\n<p>Nikki Chooi, Orchestre symphonique de Buffalo<\/p>\n<p><strong>Violons :<\/strong><\/p>\n<p>Qianqian Li, Philharmonique de New York<\/p>\n<p>Chen Zhao, Orchestre symphonique de San Francisco<\/p>\n<p>Andrew Beer, Orchestre philharmonique d\u2019Auckland<\/p>\n<p>Barbora Kol\u00e1\u0159ov\u00e1, Festival de musique de Lake George<\/p>\n<p><strong>Altos :<\/strong><\/p>\n<p>Bryony Gibson-Cornish, Quatuor Marmen<\/p>\n<p>Ren Martin-Do\u00efk\u00e9, Orchestre du Centre national des Arts<\/p>\n<p><strong>Violoncelles :<\/strong><\/p>\n<p>Guy Johnston, Facult\u00e9, Eastman School of Music<\/p>\n<p>Julian Schwarz, Facult\u00e9, Universit\u00e9 de New York<\/p>\n<p><strong>Contrebasse\u00a0<\/strong>:<\/p>\n<p><strong>F. Kreisler<\/strong><\/p>\n<p>Recitativo et Scherzo, op. 6<\/p>\n<p>Shlomo Mintz<\/p>\n<p><strong>S. Rachmaninoff<\/strong><\/p>\n<p>Jeunes violonistes, laur\u00e9ats de concours et quelques professeurs d\u2019Albanie, d\u2019Autriche, d\u2019Australie, d\u2019Argentine, du Br\u00e9sil, du Canada, de Chine, du Royaume-Uni, de Belgique, de France, de Finlande, d\u2019Allemagne, d\u2019Indon\u00e9sie, d\u2019Isra\u00ebl, du Japon, de Malaisie, de Hollande, de Nouvelle-Z\u00e9lande, de Pologne, du Portugal, de Russie, de Slov\u00e9nie, de Taiwan, de Singapour, d\u2019Espagne, d\u2019Ukraine, d\u2019Ouzb\u00e9kistan, des \u00c9tats-Unis et de Cor\u00e9e du Sud.<\/p>\n<p><strong>Le projet United in Music a \u00e9t\u00e9 rendu possible gr\u00e2ce \u00e0 la collaboration de :<\/strong><\/p>\n<p><strong>L\u2019AGENCE DES NATIONS UNIES POUR LES R\u00c9FUGI\u00c9S (HCR)<\/strong><\/p>\n<p>Claire Lewis (Programme mondial des ambassadeurs de bonne volont\u00e9)<\/p>\n<p>Lauren La Rose (Responsable de la collecte de fonds et des communications au HCR Canada)<\/p>\n<p>Carlotta Wolf (\u00e9quipe Marketing global et urgences)<\/p>\n<p><strong>BRAVO NIAGARA !<\/strong><\/p>\n<p>Christine Mori, directrice artistique et co-fondatrice<\/p>\n<p>Alexis Spieldenner, directeur ex\u00e9cutif et co-fondateur<\/p>\n<p><strong>MAESTRO SHLOMO MINTZ &amp; SON \u00c9QUIPE<\/strong><\/p>\n<p>Bel\u00e9n Alonso, directeur g\u00e9n\u00e9ral<\/p>\n<p>Ana Curcin, assistante<\/p>\n<p><strong>ING\u00c9NIEUR DU SON<\/strong><\/p>\n<p>Ben Ewing, Ben Ewing Recordings<\/p>\n<p><strong>PRODUCTION DU FILM<\/strong><\/p>\n<p>Guillermo Subauste, Pacha Sound<\/p>\n<p><strong>COORDINATION CONCERTO VIVALDI\u00a0\u00a0\u00a0\u00a0\u00a0\u00a0\u00a0\u00a0\u00a0\u00a0\u00a0\u00a0<\/strong><\/p>\n<p>Bravo Niagara !<\/p>\n<p>Nikki Chooi (ensemble)<\/p>\n<p><strong>COORDINATION RACHMANINOFF<\/strong><\/p>\n<p>Qian Zhou<\/p>\n<p><strong>COORDINATION G\u00c9N\u00c9RALE<\/strong><\/p>\n<p>Bel\u00e9n Alonso<\/p>\n<p><em>Publie par le HCR, le 15 mai 2020<\/em><\/p>\n<\/div>\n<\/div>\n<\/section>\n","protected":false},"excerpt":{"rendered":"<p>Des musiciens originaires de 30 pays, dirig\u00e9s par le maestro Shlomo Mintz, se retrouvent pour un concert plan\u00e9taire en soutien \u00e0 l\u2019appel de fonds du HCR pour lutter contre le Covid-19.<\/p>\n","protected":false},"author":26,"featured_media":50922,"comment_status":"open","ping_status":"open","sticky":false,"template":"","format":"standard","meta":{"_acf_changed":false,"_et_pb_use_builder":"","_et_pb_old_content":"","_et_gb_content_width":"","inline_featured_image":false,"footnotes":"","beyondwords_generate_audio":"","beyondwords_integration_method":"","beyondwords_project_id":"","beyondwords_content_id":"","beyondwords_preview_token":"","beyondwords_player_content":"","beyondwords_player_style":"","beyondwords_language_code":"","beyondwords_language_id":"","beyondwords_title_voice_id":"","beyondwords_body_voice_id":"","beyondwords_summary_voice_id":"","beyondwords_error_message":"","beyondwords_disabled":"","beyondwords_delete_content":"","beyondwords_podcast_id":"","beyondwords_hash":"","publish_post_to_speechkit":"","speechkit_hash":"","speechkit_generate_audio":"","speechkit_project_id":"","speechkit_podcast_id":"","speechkit_error_message":"","speechkit_disabled":"","speechkit_access_key":"","speechkit_error":"","speechkit_info":"","speechkit_response":"","speechkit_retries":"","speechkit_status":"","speechkit_updated_at":"","_speechkit_link":"","_speechkit_text":""},"categories":[495,48,49],"tags":[359,928,929,90,346,259],"class_list":["post-52126","post","type-post","status-publish","format-standard","has-post-thumbnail","hentry","category-feature-story-fr","category-bulletin","category-communiques-de-presse","tag-aveclesrefugies","tag-coronavirus-fr","tag-covid-19-fr","tag-hcr","tag-le-hcr","tag-unhcr-fr"],"acf":[],"yoast_head":"<!-- This site is optimized with the Yoast SEO Premium plugin v27.5 (Yoast SEO v27.5) - https:\/\/yoast.com\/product\/yoast-seo-premium-wordpress\/ -->\n<title>Un concert de charit\u00e9 virtuel pour soutenir la r\u00e9ponse du HCR au Covid<\/title>\n<meta name=\"description\" content=\"Des musiciens originaires de 30 pays, dirig\u00e9s par le maestro Shlomo Mintz, se retrouvent pour un concert plan\u00e9taire en soutien \u00e0 l\u2019appel de fonds du HCR pour lutter contre le Covid-19.\" \/>\n<meta name=\"robots\" content=\"index, follow, max-snippet:-1, max-image-preview:large, max-video-preview:-1\" \/>\n<link rel=\"canonical\" href=\"https:\/\/www.unhcr.ca\/fr\/news\/united-music-concert-charite-virtuel-soutenir-reponse-hcr-coronavirus\/\" \/>\n<meta property=\"og:locale\" content=\"fr_FR\" \/>\n<meta property=\"og:type\" content=\"article\" \/>\n<meta property=\"og:title\" content=\"United in Music : Un concert de charit\u00e9 virtuel pour soutenir la r\u00e9ponse du HCR au coronavirus\" \/>\n<meta property=\"og:description\" content=\"Des musiciens originaires de 30 pays, dirig\u00e9s par le maestro Shlomo Mintz, se retrouvent pour un concert plan\u00e9taire en soutien \u00e0 l\u2019appel de fonds du HCR pour lutter contre le Covid-19.\" \/>\n<meta property=\"og:url\" content=\"https:\/\/www.unhcr.ca\/fr\/news\/united-music-concert-charite-virtuel-soutenir-reponse-hcr-coronavirus\/\" \/>\n<meta property=\"og:site_name\" content=\"HCR Canada\" \/>\n<meta property=\"article:publisher\" content=\"https:\/\/www.facebook.com\/UNHCRCanada\" \/>\n<meta property=\"article:published_time\" content=\"2020-05-15T19:59:34+00:00\" \/>\n<meta property=\"article:modified_time\" content=\"2021-01-26T01:22:27+00:00\" \/>\n<meta property=\"og:image\" content=\"https:\/\/www.unhcr.ca\/wp-content\/uploads\/2020\/08\/UiM1.jpg\" \/>\n\t<meta property=\"og:image:width\" content=\"966\" \/>\n\t<meta property=\"og:image:height\" content=\"644\" \/>\n\t<meta property=\"og:image:type\" content=\"image\/jpeg\" \/>\n<meta name=\"author\" content=\"Lauren La Rose\" \/>\n<meta name=\"twitter:card\" content=\"summary_large_image\" \/>\n<meta name=\"twitter:creator\" content=\"@UNHCRCanada\" \/>\n<meta name=\"twitter:site\" content=\"@UNHCRCanada\" \/>\n<meta name=\"twitter:label1\" content=\"\u00c9crit par\" \/>\n\t<meta name=\"twitter:data1\" content=\"Lauren La Rose\" \/>\n\t<meta name=\"twitter:label2\" content=\"Dur\u00e9e de lecture estim\u00e9e\" \/>\n\t<meta name=\"twitter:data2\" content=\"6 minutes\" \/>\n<script type=\"application\/ld+json\" class=\"yoast-schema-graph\">{\"@context\":\"https:\\\/\\\/schema.org\",\"@graph\":[{\"@type\":\"Article\",\"@id\":\"https:\\\/\\\/www.unhcr.ca\\\/fr\\\/news\\\/united-music-concert-charite-virtuel-soutenir-reponse-hcr-coronavirus\\\/#article\",\"isPartOf\":{\"@id\":\"https:\\\/\\\/www.unhcr.ca\\\/fr\\\/news\\\/united-music-concert-charite-virtuel-soutenir-reponse-hcr-coronavirus\\\/\"},\"author\":{\"name\":\"Lauren La Rose\",\"@id\":\"https:\\\/\\\/www.unhcr.ca\\\/#\\\/schema\\\/person\\\/d22a4536f2681cfba88a0867ecaec837\"},\"headline\":\"United in Music : Un concert de charit\u00e9 virtuel pour soutenir la r\u00e9ponse du HCR au coronavirus\",\"datePublished\":\"2020-05-15T19:59:34+00:00\",\"dateModified\":\"2021-01-26T01:22:27+00:00\",\"mainEntityOfPage\":{\"@id\":\"https:\\\/\\\/www.unhcr.ca\\\/fr\\\/news\\\/united-music-concert-charite-virtuel-soutenir-reponse-hcr-coronavirus\\\/\"},\"wordCount\":1396,\"commentCount\":0,\"image\":{\"@id\":\"https:\\\/\\\/www.unhcr.ca\\\/fr\\\/news\\\/united-music-concert-charite-virtuel-soutenir-reponse-hcr-coronavirus\\\/#primaryimage\"},\"thumbnailUrl\":\"https:\\\/\\\/www.unhcr.ca\\\/wp-content\\\/uploads\\\/2020\\\/08\\\/UiM1.jpg\",\"keywords\":[\"#aveclesr\u00e9fugi\u00e9s\",\"Coronavirus\",\"COVID-19\",\"HCR\",\"le HCR\",\"unhcr\"],\"articleSection\":[\"\u00c0 la Une\",\"Bulletin\",\"Communiqu\u00e9s de presse\"],\"inLanguage\":\"fr-FR\",\"potentialAction\":[{\"@type\":\"CommentAction\",\"name\":\"Comment\",\"target\":[\"https:\\\/\\\/www.unhcr.ca\\\/fr\\\/news\\\/united-music-concert-charite-virtuel-soutenir-reponse-hcr-coronavirus\\\/#respond\"]}]},{\"@type\":\"WebPage\",\"@id\":\"https:\\\/\\\/www.unhcr.ca\\\/fr\\\/news\\\/united-music-concert-charite-virtuel-soutenir-reponse-hcr-coronavirus\\\/\",\"url\":\"https:\\\/\\\/www.unhcr.ca\\\/fr\\\/news\\\/united-music-concert-charite-virtuel-soutenir-reponse-hcr-coronavirus\\\/\",\"name\":\"Un concert de charit\u00e9 virtuel pour soutenir la r\u00e9ponse du HCR au Covid\",\"isPartOf\":{\"@id\":\"https:\\\/\\\/www.unhcr.ca\\\/#website\"},\"primaryImageOfPage\":{\"@id\":\"https:\\\/\\\/www.unhcr.ca\\\/fr\\\/news\\\/united-music-concert-charite-virtuel-soutenir-reponse-hcr-coronavirus\\\/#primaryimage\"},\"image\":{\"@id\":\"https:\\\/\\\/www.unhcr.ca\\\/fr\\\/news\\\/united-music-concert-charite-virtuel-soutenir-reponse-hcr-coronavirus\\\/#primaryimage\"},\"thumbnailUrl\":\"https:\\\/\\\/www.unhcr.ca\\\/wp-content\\\/uploads\\\/2020\\\/08\\\/UiM1.jpg\",\"datePublished\":\"2020-05-15T19:59:34+00:00\",\"dateModified\":\"2021-01-26T01:22:27+00:00\",\"author\":{\"@id\":\"https:\\\/\\\/www.unhcr.ca\\\/#\\\/schema\\\/person\\\/d22a4536f2681cfba88a0867ecaec837\"},\"description\":\"Des musiciens originaires de 30 pays, dirig\u00e9s par le maestro Shlomo Mintz, se retrouvent pour un concert plan\u00e9taire en soutien \u00e0 l\u2019appel de fonds du HCR pour lutter contre le Covid-19.\",\"breadcrumb\":{\"@id\":\"https:\\\/\\\/www.unhcr.ca\\\/fr\\\/news\\\/united-music-concert-charite-virtuel-soutenir-reponse-hcr-coronavirus\\\/#breadcrumb\"},\"inLanguage\":\"fr-FR\",\"potentialAction\":[{\"@type\":\"ReadAction\",\"target\":[\"https:\\\/\\\/www.unhcr.ca\\\/fr\\\/news\\\/united-music-concert-charite-virtuel-soutenir-reponse-hcr-coronavirus\\\/\"]}]},{\"@type\":\"ImageObject\",\"inLanguage\":\"fr-FR\",\"@id\":\"https:\\\/\\\/www.unhcr.ca\\\/fr\\\/news\\\/united-music-concert-charite-virtuel-soutenir-reponse-hcr-coronavirus\\\/#primaryimage\",\"url\":\"https:\\\/\\\/www.unhcr.ca\\\/wp-content\\\/uploads\\\/2020\\\/08\\\/UiM1.jpg\",\"contentUrl\":\"https:\\\/\\\/www.unhcr.ca\\\/wp-content\\\/uploads\\\/2020\\\/08\\\/UiM1.jpg\",\"width\":966,\"height\":644,\"caption\":\"Le maestro Shlomo Mintz est le principal organisateur de United in Music. La photo a \u00e9t\u00e9 prise le 1er janvier 2015\"},{\"@type\":\"BreadcrumbList\",\"@id\":\"https:\\\/\\\/www.unhcr.ca\\\/fr\\\/news\\\/united-music-concert-charite-virtuel-soutenir-reponse-hcr-coronavirus\\\/#breadcrumb\",\"itemListElement\":[{\"@type\":\"ListItem\",\"position\":1,\"name\":\"Home\",\"item\":\"https:\\\/\\\/www.unhcr.ca\\\/fr\\\/homepage2020\\\/\"},{\"@type\":\"ListItem\",\"position\":2,\"name\":\"United in Music : Un concert de charit\u00e9 virtuel pour soutenir la r\u00e9ponse du HCR au coronavirus\"}]},{\"@type\":\"WebSite\",\"@id\":\"https:\\\/\\\/www.unhcr.ca\\\/#website\",\"url\":\"https:\\\/\\\/www.unhcr.ca\\\/\",\"name\":\"HCR Canada\",\"description\":\"L\u2019Agence des Nations Unies pour les r\u00e9fugi\u00e9s\",\"potentialAction\":[{\"@type\":\"SearchAction\",\"target\":{\"@type\":\"EntryPoint\",\"urlTemplate\":\"https:\\\/\\\/www.unhcr.ca\\\/?s={search_term_string}\"},\"query-input\":{\"@type\":\"PropertyValueSpecification\",\"valueRequired\":true,\"valueName\":\"search_term_string\"}}],\"inLanguage\":\"fr-FR\"},{\"@type\":\"Person\",\"@id\":\"https:\\\/\\\/www.unhcr.ca\\\/#\\\/schema\\\/person\\\/d22a4536f2681cfba88a0867ecaec837\",\"name\":\"Lauren La Rose\",\"image\":{\"@type\":\"ImageObject\",\"inLanguage\":\"fr-FR\",\"@id\":\"https:\\\/\\\/secure.gravatar.com\\\/avatar\\\/8921ed56bf2dfaee26d6b52ff5aa5aa4c8403f8460385fc83d28d7a9444d6aa3?s=96&d=mm&r=g\",\"url\":\"https:\\\/\\\/secure.gravatar.com\\\/avatar\\\/8921ed56bf2dfaee26d6b52ff5aa5aa4c8403f8460385fc83d28d7a9444d6aa3?s=96&d=mm&r=g\",\"contentUrl\":\"https:\\\/\\\/secure.gravatar.com\\\/avatar\\\/8921ed56bf2dfaee26d6b52ff5aa5aa4c8403f8460385fc83d28d7a9444d6aa3?s=96&d=mm&r=g\",\"caption\":\"Lauren La Rose\"},\"url\":\"https:\\\/\\\/www.unhcr.ca\\\/fr\\\/news\\\/author\\\/laurenlarose\\\/\"}]}<\/script>\n<!-- \/ Yoast SEO Premium plugin. -->","yoast_head_json":{"title":"Un concert de charit\u00e9 virtuel pour soutenir la r\u00e9ponse du HCR au Covid","description":"Des musiciens originaires de 30 pays, dirig\u00e9s par le maestro Shlomo Mintz, se retrouvent pour un concert plan\u00e9taire en soutien \u00e0 l\u2019appel de fonds du HCR pour lutter contre le Covid-19.","robots":{"index":"index","follow":"follow","max-snippet":"max-snippet:-1","max-image-preview":"max-image-preview:large","max-video-preview":"max-video-preview:-1"},"canonical":"https:\/\/www.unhcr.ca\/fr\/news\/united-music-concert-charite-virtuel-soutenir-reponse-hcr-coronavirus\/","og_locale":"fr_FR","og_type":"article","og_title":"United in Music : Un concert de charit\u00e9 virtuel pour soutenir la r\u00e9ponse du HCR au coronavirus","og_description":"Des musiciens originaires de 30 pays, dirig\u00e9s par le maestro Shlomo Mintz, se retrouvent pour un concert plan\u00e9taire en soutien \u00e0 l\u2019appel de fonds du HCR pour lutter contre le Covid-19.","og_url":"https:\/\/www.unhcr.ca\/fr\/news\/united-music-concert-charite-virtuel-soutenir-reponse-hcr-coronavirus\/","og_site_name":"HCR Canada","article_publisher":"https:\/\/www.facebook.com\/UNHCRCanada","article_published_time":"2020-05-15T19:59:34+00:00","article_modified_time":"2021-01-26T01:22:27+00:00","og_image":[{"width":966,"height":644,"url":"https:\/\/www.unhcr.ca\/wp-content\/uploads\/2020\/08\/UiM1.jpg","type":"image\/jpeg"}],"author":"Lauren La Rose","twitter_card":"summary_large_image","twitter_creator":"@UNHCRCanada","twitter_site":"@UNHCRCanada","twitter_misc":{"\u00c9crit par":"Lauren La Rose","Dur\u00e9e de lecture estim\u00e9e":"6 minutes"},"schema":{"@context":"https:\/\/schema.org","@graph":[{"@type":"Article","@id":"https:\/\/www.unhcr.ca\/fr\/news\/united-music-concert-charite-virtuel-soutenir-reponse-hcr-coronavirus\/#article","isPartOf":{"@id":"https:\/\/www.unhcr.ca\/fr\/news\/united-music-concert-charite-virtuel-soutenir-reponse-hcr-coronavirus\/"},"author":{"name":"Lauren La Rose","@id":"https:\/\/www.unhcr.ca\/#\/schema\/person\/d22a4536f2681cfba88a0867ecaec837"},"headline":"United in Music : Un concert de charit\u00e9 virtuel pour soutenir la r\u00e9ponse du HCR au coronavirus","datePublished":"2020-05-15T19:59:34+00:00","dateModified":"2021-01-26T01:22:27+00:00","mainEntityOfPage":{"@id":"https:\/\/www.unhcr.ca\/fr\/news\/united-music-concert-charite-virtuel-soutenir-reponse-hcr-coronavirus\/"},"wordCount":1396,"commentCount":0,"image":{"@id":"https:\/\/www.unhcr.ca\/fr\/news\/united-music-concert-charite-virtuel-soutenir-reponse-hcr-coronavirus\/#primaryimage"},"thumbnailUrl":"https:\/\/www.unhcr.ca\/wp-content\/uploads\/2020\/08\/UiM1.jpg","keywords":["#aveclesr\u00e9fugi\u00e9s","Coronavirus","COVID-19","HCR","le HCR","unhcr"],"articleSection":["\u00c0 la Une","Bulletin","Communiqu\u00e9s de presse"],"inLanguage":"fr-FR","potentialAction":[{"@type":"CommentAction","name":"Comment","target":["https:\/\/www.unhcr.ca\/fr\/news\/united-music-concert-charite-virtuel-soutenir-reponse-hcr-coronavirus\/#respond"]}]},{"@type":"WebPage","@id":"https:\/\/www.unhcr.ca\/fr\/news\/united-music-concert-charite-virtuel-soutenir-reponse-hcr-coronavirus\/","url":"https:\/\/www.unhcr.ca\/fr\/news\/united-music-concert-charite-virtuel-soutenir-reponse-hcr-coronavirus\/","name":"Un concert de charit\u00e9 virtuel pour soutenir la r\u00e9ponse du HCR au Covid","isPartOf":{"@id":"https:\/\/www.unhcr.ca\/#website"},"primaryImageOfPage":{"@id":"https:\/\/www.unhcr.ca\/fr\/news\/united-music-concert-charite-virtuel-soutenir-reponse-hcr-coronavirus\/#primaryimage"},"image":{"@id":"https:\/\/www.unhcr.ca\/fr\/news\/united-music-concert-charite-virtuel-soutenir-reponse-hcr-coronavirus\/#primaryimage"},"thumbnailUrl":"https:\/\/www.unhcr.ca\/wp-content\/uploads\/2020\/08\/UiM1.jpg","datePublished":"2020-05-15T19:59:34+00:00","dateModified":"2021-01-26T01:22:27+00:00","author":{"@id":"https:\/\/www.unhcr.ca\/#\/schema\/person\/d22a4536f2681cfba88a0867ecaec837"},"description":"Des musiciens originaires de 30 pays, dirig\u00e9s par le maestro Shlomo Mintz, se retrouvent pour un concert plan\u00e9taire en soutien \u00e0 l\u2019appel de fonds du HCR pour lutter contre le Covid-19.","breadcrumb":{"@id":"https:\/\/www.unhcr.ca\/fr\/news\/united-music-concert-charite-virtuel-soutenir-reponse-hcr-coronavirus\/#breadcrumb"},"inLanguage":"fr-FR","potentialAction":[{"@type":"ReadAction","target":["https:\/\/www.unhcr.ca\/fr\/news\/united-music-concert-charite-virtuel-soutenir-reponse-hcr-coronavirus\/"]}]},{"@type":"ImageObject","inLanguage":"fr-FR","@id":"https:\/\/www.unhcr.ca\/fr\/news\/united-music-concert-charite-virtuel-soutenir-reponse-hcr-coronavirus\/#primaryimage","url":"https:\/\/www.unhcr.ca\/wp-content\/uploads\/2020\/08\/UiM1.jpg","contentUrl":"https:\/\/www.unhcr.ca\/wp-content\/uploads\/2020\/08\/UiM1.jpg","width":966,"height":644,"caption":"Le maestro Shlomo Mintz est le principal organisateur de United in Music. La photo a \u00e9t\u00e9 prise le 1er janvier 2015"},{"@type":"BreadcrumbList","@id":"https:\/\/www.unhcr.ca\/fr\/news\/united-music-concert-charite-virtuel-soutenir-reponse-hcr-coronavirus\/#breadcrumb","itemListElement":[{"@type":"ListItem","position":1,"name":"Home","item":"https:\/\/www.unhcr.ca\/fr\/homepage2020\/"},{"@type":"ListItem","position":2,"name":"United in Music : Un concert de charit\u00e9 virtuel pour soutenir la r\u00e9ponse du HCR au coronavirus"}]},{"@type":"WebSite","@id":"https:\/\/www.unhcr.ca\/#website","url":"https:\/\/www.unhcr.ca\/","name":"HCR Canada","description":"L\u2019Agence des Nations Unies pour les r\u00e9fugi\u00e9s","potentialAction":[{"@type":"SearchAction","target":{"@type":"EntryPoint","urlTemplate":"https:\/\/www.unhcr.ca\/?s={search_term_string}"},"query-input":{"@type":"PropertyValueSpecification","valueRequired":true,"valueName":"search_term_string"}}],"inLanguage":"fr-FR"},{"@type":"Person","@id":"https:\/\/www.unhcr.ca\/#\/schema\/person\/d22a4536f2681cfba88a0867ecaec837","name":"Lauren La Rose","image":{"@type":"ImageObject","inLanguage":"fr-FR","@id":"https:\/\/secure.gravatar.com\/avatar\/8921ed56bf2dfaee26d6b52ff5aa5aa4c8403f8460385fc83d28d7a9444d6aa3?s=96&d=mm&r=g","url":"https:\/\/secure.gravatar.com\/avatar\/8921ed56bf2dfaee26d6b52ff5aa5aa4c8403f8460385fc83d28d7a9444d6aa3?s=96&d=mm&r=g","contentUrl":"https:\/\/secure.gravatar.com\/avatar\/8921ed56bf2dfaee26d6b52ff5aa5aa4c8403f8460385fc83d28d7a9444d6aa3?s=96&d=mm&r=g","caption":"Lauren La Rose"},"url":"https:\/\/www.unhcr.ca\/fr\/news\/author\/laurenlarose\/"}]}},"_links":{"self":[{"href":"https:\/\/www.unhcr.ca\/fr\/wp-json\/wp\/v2\/posts\/52126","targetHints":{"allow":["GET"]}}],"collection":[{"href":"https:\/\/www.unhcr.ca\/fr\/wp-json\/wp\/v2\/posts"}],"about":[{"href":"https:\/\/www.unhcr.ca\/fr\/wp-json\/wp\/v2\/types\/post"}],"author":[{"embeddable":true,"href":"https:\/\/www.unhcr.ca\/fr\/wp-json\/wp\/v2\/users\/26"}],"replies":[{"embeddable":true,"href":"https:\/\/www.unhcr.ca\/fr\/wp-json\/wp\/v2\/comments?post=52126"}],"version-history":[{"count":0,"href":"https:\/\/www.unhcr.ca\/fr\/wp-json\/wp\/v2\/posts\/52126\/revisions"}],"wp:featuredmedia":[{"embeddable":true,"href":"https:\/\/www.unhcr.ca\/fr\/wp-json\/wp\/v2\/media\/50922"}],"wp:attachment":[{"href":"https:\/\/www.unhcr.ca\/fr\/wp-json\/wp\/v2\/media?parent=52126"}],"wp:term":[{"taxonomy":"category","embeddable":true,"href":"https:\/\/www.unhcr.ca\/fr\/wp-json\/wp\/v2\/categories?post=52126"},{"taxonomy":"post_tag","embeddable":true,"href":"https:\/\/www.unhcr.ca\/fr\/wp-json\/wp\/v2\/tags?post=52126"}],"curies":[{"name":"wp","href":"https:\/\/api.w.org\/{rel}","templated":true}]}}