{"id":4679,"date":"2015-11-04T11:33:52","date_gmt":"2015-11-04T16:33:52","guid":{"rendered":"http:\/\/unhcrca.wpengine.com\/?p=4679"},"modified":"2021-01-07T20:06:22","modified_gmt":"2021-01-08T01:06:22","slug":"les-premiers-demandeurs-dasile-sont-reinstalles-au-luxembourg-depuis-la-grece","status":"publish","type":"post","link":"https:\/\/www.unhcr.ca\/fr\/news\/les-premiers-demandeurs-dasile-sont-reinstalles-au-luxembourg-depuis-la-grece\/","title":{"rendered":"Les premiers demandeurs d&rsquo;asile sont r\u00e9install\u00e9s au Luxembourg depuis la Gr\u00e8ce"},"content":{"rendered":"<div id=\"attachment_4669\" style=\"width: 810px\" class=\"wp-caption alignnone\"><img decoding=\"async\" aria-describedby=\"caption-attachment-4669\" class=\"size-full wp-image-4669\" src=\"https:\/\/www.unhcr.ca\/wp-content\/uploads\/2015\/11\/11022015_Lux.jpg\" alt=\"Les demandeurs d'asile \u00e0 bord d'un vol Ath\u00e8nes-Luxembourg.\" width=\"800\" height=\"533\" \/><p id=\"caption-attachment-4669\" class=\"wp-caption-text\">Les demandeurs d&rsquo;asile \u00e0 bord d&rsquo;un vol Ath\u00e8nes-Luxembourg. \u00a9 HCR \/ Y.Kyvernitis<\/p><\/div>\n<p><strong>ATH\u00c8NES, Gr\u00e8ce, 4 novembre (HCR)\u2014Mercredi \u00e0 l&rsquo;aube, 30 demandeurs d&rsquo;asile originaires de Syrie et d&rsquo;Iraq se trouvaient pr\u00e8s de la porte d&#8217;embarquement \u00e0 l&rsquo;a\u00e9roport international d&rsquo;Ath\u00e8nes, en route pour une nouvelle vie dans un nouveau pays.<\/strong><\/p>\n<p>L&rsquo;atmosph\u00e8re \u00e9tait pleine d&rsquo;espoir. Certains pourraient \u00e0 peine contenir leur joie, d&rsquo;autres \u00e9taient plus r\u00e9serv\u00e9s. Les enfants \u00e9taient encore un peu endormis, mais calmes et souriants. Au milieu des embrassades et des adieux, les derni\u00e8res photos ont \u00e9t\u00e9 prises puis les r\u00e9fugi\u00e9s ont franchi la porte, en laissant derri\u00e8re eux des ann\u00e9es de guerre et de difficult\u00e9s.<\/p>\n<p>\u00ab\u00a0Ma famille et moi avons eu la chance de survivre \u00e0 la travers\u00e9e p\u00e9rilleuse \u00e0 bord d&rsquo;un bateau depuis la Turquie vers Lesbos\u00a0\u00bb, dit un p\u00e8re syrien, en tenant bien en main les cartes d&#8217;embarquement de sa famille. Il faisait allusion au voyage dangereux \u00e0 bord de bateaux de passeurs depuis la Turquie vers les \u00eeles grecques que plus de 600\u00a0000 personnes ont d\u00e9j\u00e0 effectu\u00e9 en 2015, et qui a caus\u00e9 la mort de plus de 200 personnes. \u00ab\u00a0Nous nous pr\u00e9parons aujourd&rsquo;hui pour un voyage vers l&rsquo;espoir.\u00a0\u00bb<\/p>\n<blockquote><p>Le groupe comprenait six familles, dont un total de 19 enfants. C&rsquo;\u00e9tait le premier groupe \u00e0 \u00eatre transf\u00e9r\u00e9 depuis la Gr\u00e8ce vers le Luxembourg dans le cadre d&rsquo;un programme de l&rsquo;Union europ\u00e9enne qui devrait voir le transfert d&rsquo;au moins 160\u00a0000 personnes depuis la Gr\u00e8ce et de l&rsquo;Italie vers plusieurs pays de l&rsquo;UE participants.<\/p><\/blockquote>\n<p>Ce premier d\u00e9part depuis la Gr\u00e8ce s&rsquo;est effectu\u00e9 dans le cadre d&rsquo;une coop\u00e9ration entre les autorit\u00e9s nationales en Gr\u00e8ce et au Luxembourg, avec l&rsquo;appui d&rsquo;agences europ\u00e9ennes, d&rsquo;organisations internationales\u2014y compris le HCR\u2014et d&rsquo;autres partenaires.<\/p>\n<p>\u00ab\u00a0Ce programme de r\u00e9installation\u2014m\u00eame s&rsquo;il reste modeste par rapport aux besoins\u2014est une premi\u00e8re \u00e9tape importante vers une approche globale pour la gestion des flux de r\u00e9fugi\u00e9s en Europe fond\u00e9e sur des principes de solidarit\u00e9 et de partage de la responsabilit\u00e9\u00a0\u00bb, a d\u00e9clar\u00e9 Vincent Cochetel, Directeur du HCR pour le bureau de l&rsquo;Europe.<\/p>\n<blockquote><p>\u00ab\u00a0Nous esp\u00e9rons que cette premi\u00e8re r\u00e9installation depuis la Gr\u00e8ce verra davantage de transferts de r\u00e9fugi\u00e9s au sein de l&rsquo;UE de fa\u00e7on organis\u00e9e, s\u00fbre et ordonn\u00e9e\u00a0\u00bb, a-t-il ajout\u00e9.<\/p><\/blockquote>\n<p>La veille de leur d\u00e9part, toutes les familles participant \u00e0 cette premi\u00e8re r\u00e9installation avaient exprim\u00e9 leur soulagement de rejoindre enfin la s\u00e9curit\u00e9 et de pouvoir esp\u00e9rer \u00e0 nouveau pour l&rsquo;avenir. Elles se sont entretenues avec le HCR dans le site d&rsquo;h\u00e9bergement temporaire d&rsquo;Elaionas \u00e0 Ath\u00e8nes.<\/p>\n<p>\u00ab\u00a0Apr\u00e8s tout ce que ma famille et moi avons subi, c&rsquo;est la premi\u00e8re fois que je me sens calme et plein d&rsquo;espoir pour l&rsquo;avenir\u00a0\u00bb, a d\u00e9clar\u00e9 ce p\u00e8re syrien de trois enfants. \u00ab\u00a0Je veux que mes enfants re\u00e7oivent une bonne \u00e9ducation. Ils sont tous tr\u00e8s intelligents. Ma femme et moi \u00e9tions tr\u00e8s tristes qu&rsquo;ils ne puissent plus aller \u00e0 l&rsquo;\u00e9cole depuis quatre ans. J&rsquo;ai \u00e9galement eu de la chance que nous n&rsquo;ayons pas \u00e0 effectuer le voyage dangereux via les Balkans.\u00a0\u00bb<\/p>\n<p>Le HCR a exhort\u00e9 \u00e0 plusieurs reprises les pays europ\u00e9ens \u00e0 ouvrir davantage d&rsquo;alternatives l\u00e9gales pour les r\u00e9fugi\u00e9s afin qu&rsquo;ils n&rsquo;aient pas \u00e0 recourir \u00e0 des passeurs et des trafiquants. Ces voies l\u00e9gales comprennent davantage d&rsquo;opportunit\u00e9s pour le regroupement familial et la r\u00e9installation, y compris en provenance des pays de premier asile\u00a0; des syst\u00e8mes d&rsquo;acc\u00e8s pour motif humanitaire ainsi que des visas \u00e0 dur\u00e9e prolong\u00e9e pour les \u00e9tudiants et les travailleurs.<\/p>\n<p>Il faudra du temps pour les familles de r\u00e9fugi\u00e9s se rendant au Luxembourg pour se remettre du cauchemar qu&rsquo;elles ont subi.<\/p>\n<p>\u00ab\u00a0En fait, ce n&rsquo;\u00e9tait plus une vie\u00a0\u00bb, a expliqu\u00e9 une m\u00e8re syrienne de cinq enfants. \u00ab\u00a0Soit vous deviez tuer, soit vous \u00e9tiez tu\u00e9s. La vie humaine ne vaut rien l\u00e0-bas. Mes enfants ne peuvent toujours pas oublier le bruit des bombes. Ils se r\u00e9veillent la nuit, ils ont seulement des images de guerre en t\u00eate.\u00a0\u00bb<\/p>\n<blockquote><p>En r\u00e9ponse \u00e0 la question de ce qu&rsquo;elle voulait pour l&rsquo;avenir de ses enfants, elle a expliqu\u00e9\u00a0: \u00ab\u00a0La m\u00eame chose que toutes les m\u00e8res\u00a0: Je veux les voir grandir dans la paix et l&rsquo;amour.\u00a0\u00bb<\/p><\/blockquote>\n<p>Le groupe a quitt\u00e9 Ath\u00e8nes \u00e0 8h30 sur un vol \u00e0 destination de Bruxelles, puis ils seront transport\u00e9s par bus vers Luxembourg. Ils seront log\u00e9s temporairement dans un centre d&rsquo;accueil pour \u00e9valuer leurs besoins et recevoir les services essentiels n\u00e9cessaires. Apr\u00e8s quelques jours, ils seront transf\u00e9r\u00e9s dans une r\u00e9sidence pour demandeurs d&rsquo;asile jusqu&rsquo;\u00e0 ce qu&rsquo;une d\u00e9cision soit prise concernant leur demande.<\/p>\n<p>\u00ab\u00a0Nous souhaitons bonne chance \u00e0 ces r\u00e9fugi\u00e9s pour leur nouvelle vie et nous esp\u00e9rons que d&rsquo;autres demandeurs d&rsquo;asile pourront trouver un endroit qu&rsquo;ils pourront appeler \u00ab\u00a0leur maison\u00a0\u00bb sans le danger de devoir fuir \u00e0 nouveau\u00a0\u00bb, a d\u00e9clar\u00e9 Vincent Cochetel du HCR. \u00ab\u00a0Parall\u00e8lement, nous devons nous rappeler que, pour la bonne marche de ce programme de r\u00e9installation, une capacit\u00e9 de r\u00e9ception suffisante et l&rsquo;enregistrement de toutes les arriv\u00e9es devront \u00eatre mis en \u0153uvre.\u00a0\u00bb<\/p>\n<p>Des personnalit\u00e9s \u00e9taient pr\u00e9sentes \u00e0 l&rsquo;a\u00e9roport pour dire adieu aux r\u00e9fugi\u00e9s avec, parmi elles, le Premier ministre grec Alexis Tsipras\u00a0; le Pr\u00e9sident du Parlement europ\u00e9en Martin Schulz\u00a0; le Ministre luxembourgeois des Affaires \u00e9trang\u00e8res Jan Asselborn\u00a0; le commissaire Dimitrios Avramopoulos et le Ministre adjoint des Politiques de migration Yiannis Mouzalas. \u00c9taient \u00e9galement pr\u00e9sents des repr\u00e9sentants du Service grec pour la gestion des demandes d&rsquo;asile, du HCR, de l&rsquo;OIM et d&rsquo;autres partenaires.<\/p>\n<p>&nbsp;<\/p>\n<p><em>Par Stella Nanou \u00e0 Ath\u00e8nes<\/em><\/p>\n","protected":false},"excerpt":{"rendered":"<p>ATH\u00c8NES, Gr\u00e8ce, 4 novembre (HCR)\u2014Mercredi \u00e0 l&rsquo;aube, 30 demandeurs d&rsquo;asile originaires de Syrie et d&rsquo;Iraq se trouvaient pr\u00e8s de la porte d&#8217;embarquement \u00e0 l&rsquo;a\u00e9roport international d&rsquo;Ath\u00e8nes, en route pour une nouvelle vie dans un nouveau pays. L&rsquo;atmosph\u00e8re \u00e9tait pleine d&rsquo;espoir. Certains pourraient \u00e0 peine contenir leur joie, d&rsquo;autres \u00e9taient plus r\u00e9serv\u00e9s. Les enfants \u00e9taient encore [&hellip;]<\/p>\n","protected":false},"author":16,"featured_media":4669,"comment_status":"closed","ping_status":"closed","sticky":false,"template":"","format":"standard","meta":{"_acf_changed":false,"_et_pb_use_builder":"","_et_pb_old_content":"","_et_gb_content_width":"","inline_featured_image":false,"footnotes":""},"categories":[45],"tags":[52,56,51],"class_list":["post-4679","post","type-post","status-publish","format-standard","has-post-thumbnail","hentry","category-nouvelle","tag-rebatir-des-vies","tag-reinstallation","tag-syrie"],"acf":[],"yoast_head":"<!-- This site is optimized with the Yoast SEO Premium plugin v28.3 (Yoast SEO v28.4) - https:\/\/yoast.com\/product\/yoast-seo-premium-wordpress\/ -->\n<title>Les premiers demandeurs d&#039;asile sont r\u00e9install\u00e9s au Luxembourg<\/title>\n<meta name=\"description\" content=\"30 demandeurs d\u2019asile de la Syrie et de l\u2019Irak se sont r\u00e9unis autour de la porte d\u2019embarquement \u00e0 l\u2019a\u00e9roport International d\u2019Ath\u00e8nes, d\u00e9termin\u00e9s \u00e0 une nouvelle vie dans un nouveau pays.\" \/>\n<meta name=\"robots\" content=\"index, follow, max-snippet:-1, max-image-preview:large, max-video-preview:-1\" \/>\n<link rel=\"canonical\" href=\"https:\/\/www.unhcr.ca\/fr\/news\/les-premiers-demandeurs-dasile-sont-reinstalles-au-luxembourg-depuis-la-grece\/\" \/>\n<meta property=\"og:locale\" content=\"fr_FR\" \/>\n<meta property=\"og:type\" content=\"article\" \/>\n<meta property=\"og:title\" content=\"Les premiers demandeurs d&#039;asile sont r\u00e9install\u00e9s au Luxembourg depuis la Gr\u00e8ce\" \/>\n<meta property=\"og:description\" content=\"30 demandeurs d\u2019asile de la Syrie et de l\u2019Irak se sont r\u00e9unis autour de la porte d\u2019embarquement \u00e0 l\u2019a\u00e9roport International d\u2019Ath\u00e8nes, d\u00e9termin\u00e9s \u00e0 une nouvelle vie dans un nouveau pays.\" \/>\n<meta property=\"og:url\" content=\"https:\/\/www.unhcr.ca\/fr\/news\/les-premiers-demandeurs-dasile-sont-reinstalles-au-luxembourg-depuis-la-grece\/\" \/>\n<meta property=\"og:site_name\" content=\"HCR Canada\" \/>\n<meta property=\"article:publisher\" content=\"https:\/\/www.facebook.com\/UNHCRCanada\" \/>\n<meta property=\"article:published_time\" content=\"2015-11-04T16:33:52+00:00\" \/>\n<meta property=\"article:modified_time\" content=\"2021-01-08T01:06:22+00:00\" \/>\n<meta property=\"og:image\" content=\"https:\/\/www.unhcr.ca\/wp-content\/uploads\/2015\/11\/11022015_Lux.jpg\" \/>\n\t<meta property=\"og:image:width\" content=\"800\" \/>\n\t<meta property=\"og:image:height\" content=\"533\" \/>\n\t<meta property=\"og:image:type\" content=\"image\/jpeg\" \/>\n<meta name=\"author\" content=\"Elizabeth Mulhall\" \/>\n<meta name=\"twitter:card\" content=\"summary_large_image\" \/>\n<meta name=\"twitter:creator\" content=\"@UNHCRCanada\" \/>\n<meta name=\"twitter:site\" content=\"@UNHCRCanada\" \/>\n<meta name=\"twitter:label1\" content=\"\u00c9crit par\" \/>\n\t<meta name=\"twitter:data1\" content=\"Elizabeth Mulhall\" \/>\n\t<meta name=\"twitter:label2\" content=\"Dur\u00e9e de lecture estim\u00e9e\" \/>\n\t<meta name=\"twitter:data2\" content=\"5 minutes\" \/>\n<script type=\"application\/ld+json\" class=\"yoast-schema-graph\">{\"@context\":\"https:\\\/\\\/schema.org\",\"@graph\":[{\"@type\":\"Article\",\"@id\":\"https:\\\/\\\/www.unhcr.ca\\\/fr\\\/news\\\/les-premiers-demandeurs-dasile-sont-reinstalles-au-luxembourg-depuis-la-grece\\\/#article\",\"isPartOf\":{\"@id\":\"https:\\\/\\\/www.unhcr.ca\\\/fr\\\/news\\\/les-premiers-demandeurs-dasile-sont-reinstalles-au-luxembourg-depuis-la-grece\\\/\"},\"author\":{\"name\":\"Elizabeth Mulhall\",\"@id\":\"https:\\\/\\\/www.unhcr.ca\\\/#\\\/schema\\\/person\\\/684c95618c348d2f70f79b2f92c51bb3\"},\"headline\":\"Les premiers demandeurs d&rsquo;asile sont r\u00e9install\u00e9s au Luxembourg depuis la Gr\u00e8ce\",\"datePublished\":\"2015-11-04T16:33:52+00:00\",\"dateModified\":\"2021-01-08T01:06:22+00:00\",\"mainEntityOfPage\":{\"@id\":\"https:\\\/\\\/www.unhcr.ca\\\/fr\\\/news\\\/les-premiers-demandeurs-dasile-sont-reinstalles-au-luxembourg-depuis-la-grece\\\/\"},\"wordCount\":1038,\"image\":{\"@id\":\"https:\\\/\\\/www.unhcr.ca\\\/fr\\\/news\\\/les-premiers-demandeurs-dasile-sont-reinstalles-au-luxembourg-depuis-la-grece\\\/#primaryimage\"},\"thumbnailUrl\":\"https:\\\/\\\/www.unhcr.ca\\\/wp-content\\\/uploads\\\/2015\\\/11\\\/11022015_Lux.jpg\",\"keywords\":[\"Reb\u00e2tir des vies\",\"R\u00e9installation\",\"Syrie\"],\"articleSection\":[\"Nouvelle\"],\"inLanguage\":\"fr-FR\"},{\"@type\":\"WebPage\",\"@id\":\"https:\\\/\\\/www.unhcr.ca\\\/fr\\\/news\\\/les-premiers-demandeurs-dasile-sont-reinstalles-au-luxembourg-depuis-la-grece\\\/\",\"url\":\"https:\\\/\\\/www.unhcr.ca\\\/fr\\\/news\\\/les-premiers-demandeurs-dasile-sont-reinstalles-au-luxembourg-depuis-la-grece\\\/\",\"name\":\"Les premiers demandeurs d'asile sont r\u00e9install\u00e9s au Luxembourg\",\"isPartOf\":{\"@id\":\"https:\\\/\\\/www.unhcr.ca\\\/#website\"},\"primaryImageOfPage\":{\"@id\":\"https:\\\/\\\/www.unhcr.ca\\\/fr\\\/news\\\/les-premiers-demandeurs-dasile-sont-reinstalles-au-luxembourg-depuis-la-grece\\\/#primaryimage\"},\"image\":{\"@id\":\"https:\\\/\\\/www.unhcr.ca\\\/fr\\\/news\\\/les-premiers-demandeurs-dasile-sont-reinstalles-au-luxembourg-depuis-la-grece\\\/#primaryimage\"},\"thumbnailUrl\":\"https:\\\/\\\/www.unhcr.ca\\\/wp-content\\\/uploads\\\/2015\\\/11\\\/11022015_Lux.jpg\",\"datePublished\":\"2015-11-04T16:33:52+00:00\",\"dateModified\":\"2021-01-08T01:06:22+00:00\",\"author\":{\"@id\":\"https:\\\/\\\/www.unhcr.ca\\\/#\\\/schema\\\/person\\\/684c95618c348d2f70f79b2f92c51bb3\"},\"description\":\"30 demandeurs d\u2019asile de la Syrie et de l\u2019Irak se sont r\u00e9unis autour de la porte d\u2019embarquement \u00e0 l\u2019a\u00e9roport International d\u2019Ath\u00e8nes, d\u00e9termin\u00e9s \u00e0 une nouvelle vie dans un nouveau pays.\",\"breadcrumb\":{\"@id\":\"https:\\\/\\\/www.unhcr.ca\\\/fr\\\/news\\\/les-premiers-demandeurs-dasile-sont-reinstalles-au-luxembourg-depuis-la-grece\\\/#breadcrumb\"},\"inLanguage\":\"fr-FR\",\"potentialAction\":[{\"@type\":\"ReadAction\",\"target\":[\"https:\\\/\\\/www.unhcr.ca\\\/fr\\\/news\\\/les-premiers-demandeurs-dasile-sont-reinstalles-au-luxembourg-depuis-la-grece\\\/\"]}]},{\"@type\":\"ImageObject\",\"inLanguage\":\"fr-FR\",\"@id\":\"https:\\\/\\\/www.unhcr.ca\\\/fr\\\/news\\\/les-premiers-demandeurs-dasile-sont-reinstalles-au-luxembourg-depuis-la-grece\\\/#primaryimage\",\"url\":\"https:\\\/\\\/www.unhcr.ca\\\/wp-content\\\/uploads\\\/2015\\\/11\\\/11022015_Lux.jpg\",\"contentUrl\":\"https:\\\/\\\/www.unhcr.ca\\\/wp-content\\\/uploads\\\/2015\\\/11\\\/11022015_Lux.jpg\",\"width\":800,\"height\":533,\"caption\":\"Les demandeurs d'asile \u00e0 bord d'un vol Ath\u00e8nes-Luxembourg. \u00a9 HCR \\\/ Y.Kyvernitis\"},{\"@type\":\"BreadcrumbList\",\"@id\":\"https:\\\/\\\/www.unhcr.ca\\\/fr\\\/news\\\/les-premiers-demandeurs-dasile-sont-reinstalles-au-luxembourg-depuis-la-grece\\\/#breadcrumb\",\"itemListElement\":[{\"@type\":\"ListItem\",\"position\":1,\"name\":\"Home\",\"item\":\"https:\\\/\\\/www.unhcr.ca\\\/fr\\\/\"},{\"@type\":\"ListItem\",\"position\":2,\"name\":\"Les premiers demandeurs d&#8217;asile sont r\u00e9install\u00e9s au Luxembourg depuis la Gr\u00e8ce\"}]},{\"@type\":\"WebSite\",\"@id\":\"https:\\\/\\\/www.unhcr.ca\\\/#website\",\"url\":\"https:\\\/\\\/www.unhcr.ca\\\/\",\"name\":\"HCR Canada\",\"description\":\"L\u2019Agence des Nations Unies pour les r\u00e9fugi\u00e9s\",\"potentialAction\":[{\"@type\":\"SearchAction\",\"target\":{\"@type\":\"EntryPoint\",\"urlTemplate\":\"https:\\\/\\\/www.unhcr.ca\\\/?s={search_term_string}\"},\"query-input\":{\"@type\":\"PropertyValueSpecification\",\"valueRequired\":true,\"valueName\":\"search_term_string\"}}],\"inLanguage\":\"fr-FR\"},{\"@type\":\"Person\",\"@id\":\"https:\\\/\\\/www.unhcr.ca\\\/#\\\/schema\\\/person\\\/684c95618c348d2f70f79b2f92c51bb3\",\"name\":\"Elizabeth Mulhall\",\"image\":{\"@type\":\"ImageObject\",\"inLanguage\":\"fr-FR\",\"@id\":\"https:\\\/\\\/secure.gravatar.com\\\/avatar\\\/e709ad407d42ad8740046c09315255676bda51889f1a4409226de986187feb53?s=96&d=mm&r=g\",\"url\":\"https:\\\/\\\/secure.gravatar.com\\\/avatar\\\/e709ad407d42ad8740046c09315255676bda51889f1a4409226de986187feb53?s=96&d=mm&r=g\",\"contentUrl\":\"https:\\\/\\\/secure.gravatar.com\\\/avatar\\\/e709ad407d42ad8740046c09315255676bda51889f1a4409226de986187feb53?s=96&d=mm&r=g\",\"caption\":\"Elizabeth Mulhall\"},\"url\":\"https:\\\/\\\/www.unhcr.ca\\\/fr\\\/news\\\/author\\\/elizabethmulhall\\\/\"}]}<\/script>\n<!-- \/ Yoast SEO Premium plugin. -->","yoast_head_json":{"title":"Les premiers demandeurs d'asile sont r\u00e9install\u00e9s au Luxembourg","description":"30 demandeurs d\u2019asile de la Syrie et de l\u2019Irak se sont r\u00e9unis autour de la porte d\u2019embarquement \u00e0 l\u2019a\u00e9roport International d\u2019Ath\u00e8nes, d\u00e9termin\u00e9s \u00e0 une nouvelle vie dans un nouveau pays.","robots":{"index":"index","follow":"follow","max-snippet":"max-snippet:-1","max-image-preview":"max-image-preview:large","max-video-preview":"max-video-preview:-1"},"canonical":"https:\/\/www.unhcr.ca\/fr\/news\/les-premiers-demandeurs-dasile-sont-reinstalles-au-luxembourg-depuis-la-grece\/","og_locale":"fr_FR","og_type":"article","og_title":"Les premiers demandeurs d'asile sont r\u00e9install\u00e9s au Luxembourg depuis la Gr\u00e8ce","og_description":"30 demandeurs d\u2019asile de la Syrie et de l\u2019Irak se sont r\u00e9unis autour de la porte d\u2019embarquement \u00e0 l\u2019a\u00e9roport International d\u2019Ath\u00e8nes, d\u00e9termin\u00e9s \u00e0 une nouvelle vie dans un nouveau pays.","og_url":"https:\/\/www.unhcr.ca\/fr\/news\/les-premiers-demandeurs-dasile-sont-reinstalles-au-luxembourg-depuis-la-grece\/","og_site_name":"HCR Canada","article_publisher":"https:\/\/www.facebook.com\/UNHCRCanada","article_published_time":"2015-11-04T16:33:52+00:00","article_modified_time":"2021-01-08T01:06:22+00:00","og_image":[{"width":800,"height":533,"url":"https:\/\/www.unhcr.ca\/wp-content\/uploads\/2015\/11\/11022015_Lux.jpg","type":"image\/jpeg"}],"author":"Elizabeth Mulhall","twitter_card":"summary_large_image","twitter_creator":"@UNHCRCanada","twitter_site":"@UNHCRCanada","twitter_misc":{"\u00c9crit par":"Elizabeth Mulhall","Dur\u00e9e de lecture estim\u00e9e":"5 minutes"},"schema":{"@context":"https:\/\/schema.org","@graph":[{"@type":"Article","@id":"https:\/\/www.unhcr.ca\/fr\/news\/les-premiers-demandeurs-dasile-sont-reinstalles-au-luxembourg-depuis-la-grece\/#article","isPartOf":{"@id":"https:\/\/www.unhcr.ca\/fr\/news\/les-premiers-demandeurs-dasile-sont-reinstalles-au-luxembourg-depuis-la-grece\/"},"author":{"name":"Elizabeth Mulhall","@id":"https:\/\/www.unhcr.ca\/#\/schema\/person\/684c95618c348d2f70f79b2f92c51bb3"},"headline":"Les premiers demandeurs d&rsquo;asile sont r\u00e9install\u00e9s au Luxembourg depuis la Gr\u00e8ce","datePublished":"2015-11-04T16:33:52+00:00","dateModified":"2021-01-08T01:06:22+00:00","mainEntityOfPage":{"@id":"https:\/\/www.unhcr.ca\/fr\/news\/les-premiers-demandeurs-dasile-sont-reinstalles-au-luxembourg-depuis-la-grece\/"},"wordCount":1038,"image":{"@id":"https:\/\/www.unhcr.ca\/fr\/news\/les-premiers-demandeurs-dasile-sont-reinstalles-au-luxembourg-depuis-la-grece\/#primaryimage"},"thumbnailUrl":"https:\/\/www.unhcr.ca\/wp-content\/uploads\/2015\/11\/11022015_Lux.jpg","keywords":["Reb\u00e2tir des vies","R\u00e9installation","Syrie"],"articleSection":["Nouvelle"],"inLanguage":"fr-FR"},{"@type":"WebPage","@id":"https:\/\/www.unhcr.ca\/fr\/news\/les-premiers-demandeurs-dasile-sont-reinstalles-au-luxembourg-depuis-la-grece\/","url":"https:\/\/www.unhcr.ca\/fr\/news\/les-premiers-demandeurs-dasile-sont-reinstalles-au-luxembourg-depuis-la-grece\/","name":"Les premiers demandeurs d'asile sont r\u00e9install\u00e9s au Luxembourg","isPartOf":{"@id":"https:\/\/www.unhcr.ca\/#website"},"primaryImageOfPage":{"@id":"https:\/\/www.unhcr.ca\/fr\/news\/les-premiers-demandeurs-dasile-sont-reinstalles-au-luxembourg-depuis-la-grece\/#primaryimage"},"image":{"@id":"https:\/\/www.unhcr.ca\/fr\/news\/les-premiers-demandeurs-dasile-sont-reinstalles-au-luxembourg-depuis-la-grece\/#primaryimage"},"thumbnailUrl":"https:\/\/www.unhcr.ca\/wp-content\/uploads\/2015\/11\/11022015_Lux.jpg","datePublished":"2015-11-04T16:33:52+00:00","dateModified":"2021-01-08T01:06:22+00:00","author":{"@id":"https:\/\/www.unhcr.ca\/#\/schema\/person\/684c95618c348d2f70f79b2f92c51bb3"},"description":"30 demandeurs d\u2019asile de la Syrie et de l\u2019Irak se sont r\u00e9unis autour de la porte d\u2019embarquement \u00e0 l\u2019a\u00e9roport International d\u2019Ath\u00e8nes, d\u00e9termin\u00e9s \u00e0 une nouvelle vie dans un nouveau pays.","breadcrumb":{"@id":"https:\/\/www.unhcr.ca\/fr\/news\/les-premiers-demandeurs-dasile-sont-reinstalles-au-luxembourg-depuis-la-grece\/#breadcrumb"},"inLanguage":"fr-FR","potentialAction":[{"@type":"ReadAction","target":["https:\/\/www.unhcr.ca\/fr\/news\/les-premiers-demandeurs-dasile-sont-reinstalles-au-luxembourg-depuis-la-grece\/"]}]},{"@type":"ImageObject","inLanguage":"fr-FR","@id":"https:\/\/www.unhcr.ca\/fr\/news\/les-premiers-demandeurs-dasile-sont-reinstalles-au-luxembourg-depuis-la-grece\/#primaryimage","url":"https:\/\/www.unhcr.ca\/wp-content\/uploads\/2015\/11\/11022015_Lux.jpg","contentUrl":"https:\/\/www.unhcr.ca\/wp-content\/uploads\/2015\/11\/11022015_Lux.jpg","width":800,"height":533,"caption":"Les demandeurs d'asile \u00e0 bord d'un vol Ath\u00e8nes-Luxembourg. \u00a9 HCR \/ Y.Kyvernitis"},{"@type":"BreadcrumbList","@id":"https:\/\/www.unhcr.ca\/fr\/news\/les-premiers-demandeurs-dasile-sont-reinstalles-au-luxembourg-depuis-la-grece\/#breadcrumb","itemListElement":[{"@type":"ListItem","position":1,"name":"Home","item":"https:\/\/www.unhcr.ca\/fr\/"},{"@type":"ListItem","position":2,"name":"Les premiers demandeurs d&#8217;asile sont r\u00e9install\u00e9s au Luxembourg depuis la Gr\u00e8ce"}]},{"@type":"WebSite","@id":"https:\/\/www.unhcr.ca\/#website","url":"https:\/\/www.unhcr.ca\/","name":"HCR Canada","description":"L\u2019Agence des Nations Unies pour les r\u00e9fugi\u00e9s","potentialAction":[{"@type":"SearchAction","target":{"@type":"EntryPoint","urlTemplate":"https:\/\/www.unhcr.ca\/?s={search_term_string}"},"query-input":{"@type":"PropertyValueSpecification","valueRequired":true,"valueName":"search_term_string"}}],"inLanguage":"fr-FR"},{"@type":"Person","@id":"https:\/\/www.unhcr.ca\/#\/schema\/person\/684c95618c348d2f70f79b2f92c51bb3","name":"Elizabeth Mulhall","image":{"@type":"ImageObject","inLanguage":"fr-FR","@id":"https:\/\/secure.gravatar.com\/avatar\/e709ad407d42ad8740046c09315255676bda51889f1a4409226de986187feb53?s=96&d=mm&r=g","url":"https:\/\/secure.gravatar.com\/avatar\/e709ad407d42ad8740046c09315255676bda51889f1a4409226de986187feb53?s=96&d=mm&r=g","contentUrl":"https:\/\/secure.gravatar.com\/avatar\/e709ad407d42ad8740046c09315255676bda51889f1a4409226de986187feb53?s=96&d=mm&r=g","caption":"Elizabeth Mulhall"},"url":"https:\/\/www.unhcr.ca\/fr\/news\/author\/elizabethmulhall\/"}]}},"_links":{"self":[{"href":"https:\/\/www.unhcr.ca\/fr\/wp-json\/wp\/v2\/posts\/4679","targetHints":{"allow":["GET"]}}],"collection":[{"href":"https:\/\/www.unhcr.ca\/fr\/wp-json\/wp\/v2\/posts"}],"about":[{"href":"https:\/\/www.unhcr.ca\/fr\/wp-json\/wp\/v2\/types\/post"}],"author":[{"embeddable":true,"href":"https:\/\/www.unhcr.ca\/fr\/wp-json\/wp\/v2\/users\/16"}],"replies":[{"embeddable":true,"href":"https:\/\/www.unhcr.ca\/fr\/wp-json\/wp\/v2\/comments?post=4679"}],"version-history":[{"count":0,"href":"https:\/\/www.unhcr.ca\/fr\/wp-json\/wp\/v2\/posts\/4679\/revisions"}],"wp:featuredmedia":[{"embeddable":true,"href":"https:\/\/www.unhcr.ca\/fr\/wp-json\/wp\/v2\/media\/4669"}],"wp:attachment":[{"href":"https:\/\/www.unhcr.ca\/fr\/wp-json\/wp\/v2\/media?parent=4679"}],"wp:term":[{"taxonomy":"category","embeddable":true,"href":"https:\/\/www.unhcr.ca\/fr\/wp-json\/wp\/v2\/categories?post=4679"},{"taxonomy":"post_tag","embeddable":true,"href":"https:\/\/www.unhcr.ca\/fr\/wp-json\/wp\/v2\/tags?post=4679"}],"curies":[{"name":"wp","href":"https:\/\/api.w.org\/{rel}","templated":true}]}}