{"id":45105,"date":"2019-12-18T16:26:03","date_gmt":"2019-12-18T21:26:03","guid":{"rendered":"https:\/\/www.unhcr.ca\/?p=45105"},"modified":"2019-12-19T16:37:46","modified_gmt":"2019-12-19T21:37:46","slug":"forum-historique-couronne-dengagements-lemploi-leducation-refugies","status":"publish","type":"post","link":"https:\/\/www.unhcr.ca\/fr\/news\/forum-historique-couronne-dengagements-lemploi-leducation-refugies\/","title":{"rendered":"Un forum historique couronn\u00e9 d\u2019engagements pour l\u2019emploi et l\u2019\u00e9ducation des r\u00e9fugi\u00e9s"},"content":{"rendered":"<div id=\"attachment_45106\" style=\"width: 1210px\" class=\"wp-caption alignnone\"><img decoding=\"async\" aria-describedby=\"caption-attachment-45106\" class=\"size-full wp-image-45106\" src=\"https:\/\/www.unhcr.ca\/wp-content\/uploads\/2019\/12\/Untitled-design-2fr-1.png\" alt=\"Le Haut Commissaire des Nations Unies pour les r\u00e9fugi\u00e9s, Filippo Grandi, \u00e0 la cl\u00f4ture du Forum mondial sur les r\u00e9fugi\u00e9s \" width=\"1200\" height=\"900\" srcset=\"https:\/\/www.unhcr.ca\/wp-content\/uploads\/2019\/12\/Untitled-design-2fr-1.png 1200w, https:\/\/www.unhcr.ca\/wp-content\/uploads\/2019\/12\/Untitled-design-2fr-1-980x735.png 980w, https:\/\/www.unhcr.ca\/wp-content\/uploads\/2019\/12\/Untitled-design-2fr-1-480x360.png 480w\" sizes=\"(min-width: 0px) and (max-width: 480px) 480px, (min-width: 481px) and (max-width: 980px) 980px, (min-width: 981px) 1200px, 100vw\" \/><p id=\"caption-attachment-45106\" class=\"wp-caption-text\">Le Haut Commissaire des Nations Unies pour les r\u00e9fugi\u00e9s, Filippo Grandi, \u00e0 la cl\u00f4ture du Forum mondial sur les r\u00e9fugi\u00e9s \u00a9 HCR\/Andrew McConnell<\/p><\/div>\n<h2>Le tout premier Forum mondial sur les r\u00e9fugi\u00e9s s\u2019ach\u00e8ve apr\u00e8s avoir enregistr\u00e9 plus de 770 engagements visant \u00e0 intensifier les opportunit\u00e9s pour les r\u00e9fugi\u00e9s et leurs h\u00f4tes.<\/h2>\n<div class=\"content--author\">\n<p class=\"author\"><em><strong>Par Tim Gaynor et Matthew Mpoke Bigg \u00e0 Gen\u00e8ve<\/strong><\/em><\/p>\n<hr \/>\n<\/div>\n<div class=\"content\">\n<h3>Une conf\u00e9rence historique tenue \u00e0 Gen\u00e8ve s\u2019ach\u00e8ve aujourd\u2019hui apr\u00e8s avoir r\u00e9uni des engagements importants et diversifi\u00e9s visant \u00e0 aider les millions de r\u00e9fugi\u00e9s et les communaut\u00e9s dans lesquelles ils vivent \u00e0 travers le monde, et notamment d\u2019importants engagements en vue d\u2019un nouveau soutien \u00e0 long terme destin\u00e9 \u00e0 favoriser leur inclusion.<\/h3>\n<hr \/>\n<p>\u00ab\u00a0Je veux rendre hommage aux efforts annonc\u00e9s par de nombreux pays, \u00e0 la fois des pays donateurs et des pays h\u00f4tes, ainsi que par des dirigeants d\u2019entreprise, des organisations de la soci\u00e9t\u00e9 civile et des r\u00e9fugi\u00e9s eux-m\u00eames afin de redoubler d\u2019efforts pour favoriser la mise en place de solutions ainsi que l\u2019inclusion et l\u2019autonomie des r\u00e9fugi\u00e9s \u00bb, a d\u00e9clar\u00e9 le Haut Commissaire des Nations Unies pour les r\u00e9fugi\u00e9s, Filippo Grandi, durant la s\u00e9ance de cl\u00f4ture du tout premier Forum mondial sur les r\u00e9fugi\u00e9s.<\/p>\n<p>\u00ab En d\u00e9pit de la situation mondiale difficile, l\u2019\u00e9nergie et l\u2019engagement manifest\u00e9s au cours des trois derniers jours t\u00e9moignent de l\u2019existence d\u2019un engagement partag\u00e9 \u00e0 prot\u00e9ger ceux qui ont d\u00fb fuir pour chercher refuge ailleurs. \u00bb<\/p>\n<p>Le Forum s\u2019est tenu \u00e0 Gen\u00e8ve \u00e0 une \u00e9poque o\u00f9 70,8 millions de personnes sont d\u00e9racin\u00e9es \u00e0 travers le monde, dont 25,9 millions de r\u00e9fugi\u00e9s. Il avait pour objectif de relancer les r\u00e9ponses apport\u00e9es aux millions de gens d\u00e9racin\u00e9s par les guerres et la pers\u00e9cution ainsi qu\u2019aux communaut\u00e9s qui les accueillent, pour la plupart dans des pays en d\u00e9veloppement.<\/p>\n<p>Alors que la conf\u00e9rence touchait \u00e0 sa fin mercredi apr\u00e8s-midi,\u00a0<a href=\"https:\/\/www.unhcr.org\/fr\/news\/press\/2019\/12\/5dfa727ba\/forum-mondial-refugies-sengage-ameliorer-collectivement-linclusion-leducation.html\">plus de 770 engagements avaient \u00e9t\u00e9 annonc\u00e9s<\/a>\u00a0par des chefs d&rsquo;\u00c9tat et de gouvernement, des chefs d\u2019agences des Nations Unies, des institutions internationales, des organisations de d\u00e9veloppement, des dirigeants d&rsquo;entreprises et des repr\u00e9sentants de la soci\u00e9t\u00e9 civile qui comptaient parmi les 3000 participants.<\/p>\n<blockquote>\n<p align=\"center\"><strong>\u00ab Tous les ingr\u00e9dients du succ\u00e8s sont en place. Sa concr\u00e9tisation incombe \u00e0 chacun d\u2019entre nous. \u00bb<\/strong><\/p>\n<\/blockquote>\n<p>Ils ont promis des opportunit\u00e9s d\u2019emploi, des places \u00e0 l\u2019\u00e9cole pour les enfants r\u00e9fugi\u00e9s, de nouvelles politiques publiques, des solutions telles que la r\u00e9installation, des \u00e9nergies propres, des infrastructures et davantage de soutien pour les communaut\u00e9s et les pays d\u2019accueil. De nouveaux engagements sont attendus dans un avenir proche.<\/p>\n<p>Le Groupe de la Banque mondiale a annonc\u00e9 2,2 milliards de dollars de fonds de d\u00e9veloppement en faveur des r\u00e9fugi\u00e9s et des communaut\u00e9s h\u00f4tes ainsi que la cr\u00e9ation d\u2019un guichet de financement distinct pour stimuler le secteur priv\u00e9 et la cr\u00e9ation d\u2019emplois.<\/p>\n<p>Dans la m\u00eame veine, la Banque interam\u00e9ricaine de d\u00e9veloppement a promis un milliard de dollars. En outre, une foule d\u2019\u00c9tats, d\u2019entreprises et d\u2019autres acteurs se sont engag\u00e9s \u00e0 apporter un appui financier aux r\u00e9fugi\u00e9s et aux communaut\u00e9s h\u00f4tes, \u00e0 hauteur de plus de deux milliards de dollars.<\/p>\n<p>Tous ont pour objectif de stimuler l\u2019aide \u00e0 l\u2019inclusion et aux besoins de d\u00e9veloppement \u00e0 long terme des communaut\u00e9s h\u00f4tes, conscients que pour la majorit\u00e9 des r\u00e9fugi\u00e9s \u00e0 travers le monde, l\u2019exil dure souvent pendant des ann\u00e9es, voire des d\u00e9cennies.<\/p>\n<div id=\"new-royalslider-1\" class=\"royalSlider new-royalslider-1 rsUni rsContentSlider\" style=\"width:100%;height:500px;;\" data-rs-options='{&quot;template&quot;:&quot;default&quot;,&quot;image_generation&quot;:{&quot;lazyLoading&quot;:&quot;true&quot;,&quot;imageWidth&quot;:&quot;&quot;,&quot;imageHeight&quot;:&quot;&quot;,&quot;thumbImageWidth&quot;:&quot;&quot;,&quot;thumbImageHeight&quot;:&quot;&quot;},&quot;thumbs&quot;:{&quot;thumbWidth&quot;:96,&quot;thumbHeight&quot;:72},&quot;video&quot;:[],&quot;width&quot;:&quot;100%&quot;,&quot;height&quot;:500,&quot;autoScaleSliderHeight&quot;:600,&quot;autoHeight&quot;:&quot;true&quot;,&quot;imageScaleMode&quot;:&quot;none&quot;,&quot;imageAlignCenter&quot;:&quot;false&quot;,&quot;globalCaptionInside&quot;:&quot;true&quot;,&quot;keyboardNavEnabled&quot;:&quot;true&quot;,&quot;fadeinLoadedSlide&quot;:&quot;false&quot;}'>\n<div class=\"rsSlideRoot\">\n  <a class=\"rsImg\" href=\"https:\/\/www.unhcr.ca\/wp-content\/uploads\/2019\/12\/historic2fr.jpg\">historic2fr<\/a>\n  \n   \n  \n  <div class=\"rsSlideCaption\">Intervention de Charles Burikumaso Nsenga, un r\u00e9fugi\u00e9 d\u2019origine ougandaise, au dialogue de haut niveau sur la capacit\u00e9 de protection durant le Forum mondial sur les r\u00e9fugi\u00e9s  \u00a9 HCR\/Markel Redondo<\/div>\n<\/div>\n\n<div class=\"rsSlideRoot\">\n  <a class=\"rsImg\" href=\"https:\/\/www.unhcr.ca\/wp-content\/uploads\/2019\/12\/historic3fr.jpg\">historic3fr<\/a>\n  \n   \n  \n  <div class=\"rsSlideCaption\">La Haut Commissaire adjointe des Nations Unies pour les r\u00e9fugi\u00e9s, Kelly Clements, anime une table ronde autour d\u2019un d\u00e9jeuner destin\u00e9 aux femmes, dont des r\u00e9fugi\u00e9es, pour discuter des moyens d\u2019\u00e9liminer les obstacles \u00e0 l\u2019inclusion des femmes r\u00e9fugi\u00e9es dans les processus d\u00e9cisionnels.  \u00a9 HCR\/Mark Henley<\/div>\n<\/div>\n\n<div class=\"rsSlideRoot\">\n  <a class=\"rsImg\" href=\"https:\/\/www.unhcr.ca\/wp-content\/uploads\/2019\/12\/historic4fr.jpg\">historic4fr<\/a>\n  \n   \n  \n  <div class=\"rsSlideCaption\">Andrew Harper, Conseiller sp\u00e9cial du HCR pour l\u2019action climatique, face \u00e0 la presse.  \u00a9 HCR<\/div>\n<\/div>\n\n<div class=\"rsSlideRoot\">\n  <a class=\"rsImg\" href=\"https:\/\/www.unhcr.ca\/wp-content\/uploads\/2019\/12\/historic5fr.jpg\">historic5fr<\/a>\n  \n   \n  \n  <div class=\"rsSlideCaption\">Exposition de produits d\u2019artisanat cr\u00e9\u00e9s par des r\u00e9fugi\u00e9s originaires d\u2019une douzaine de pays au Palais des Nations.  \u00a9 HCR\/Violaine Martin<\/div>\n<\/div>\n\n<div class=\"rsSlideRoot\">\n  <a class=\"rsImg\" href=\"https:\/\/www.unhcr.ca\/wp-content\/uploads\/2019\/12\/historic6fr.jpg\">historic6fr<\/a>\n  \n   \n  \n  <div class=\"rsSlideCaption\">Nujeen Mustafa, une r\u00e9fugi\u00e9e syrienne, interview\u00e9e par Grover, la marionnette bleue de la s\u00e9rie t\u00e9l\u00e9vis\u00e9e \u00e9ducative am\u00e9ricaine \u00ab 1, rue S\u00e9same \u00bb.  \u00a9 HCR\/VIolaine Martin<\/div>\n<\/div>\n\n<div class=\"rsSlideRoot\">\n  <a class=\"rsImg\" href=\"https:\/\/www.unhcr.ca\/wp-content\/uploads\/2019\/12\/historic7fr.jpg\">historic7fr<\/a>\n  \n   \n  \n  <div class=\"rsSlideCaption\">Des r\u00e9fugi\u00e9s et des demandeurs d\u2019asile participant \u00e0 diff\u00e9rentes r\u00e9unions du Forum mondial sur les r\u00e9fugi\u00e9s en train de jouer au football au Palais des Nations. \u00a9 HCR\/Andrew McConnell<\/div>\n<\/div>\n\n\n<\/div>\n\n<p>Plus de 250 millions de dollars d\u2019engagements annonc\u00e9s par des entreprises attestent du r\u00f4le croissant du secteur priv\u00e9 dans la mobilisation de ressources essentielles pour venir en aide aux millions de r\u00e9fugi\u00e9s dans le monde. Au moins 15\u00a0000 emplois seront ouverts aux r\u00e9fugi\u00e9s dans le cadre de ces initiatives. Parall\u00e8lement, environ 125\u00a0000 heures\/an d\u2019aide juridique seront gracieusement offertes.<\/p>\n<p>Filippo Grandi a exhort\u00e9 tous les participants \u00e0 maintenir l\u2019\u00e9lan et \u00e0 respecter leurs promesses : \u00ab\u00a0Tous les ingr\u00e9dients du succ\u00e8s sont en place. La concr\u00e9tisation de ce succ\u00e8s incombe \u00e0 chacun d\u2019entre nous \u00bb, a-t-il soulign\u00e9.<\/p>\n<p>Le Forum est un \u00e9l\u00e9ment-cl\u00e9 du\u00a0<a href=\"https:\/\/www.unhcr.org\/fr\/vers-un-pacte-mondial-sur-les-refugies.html\">Pacte mondial sur les r\u00e9fugi\u00e9s<\/a>, le cadre adopt\u00e9 il y a un an par l&rsquo;Assembl\u00e9e g\u00e9n\u00e9rale des Nations Unies en vue d&rsquo;un partage des responsabilit\u00e9s \u00e0 la fois plus pr\u00e9visible et plus \u00e9quitable.<\/p>\n<p>Le Premier ministre somalien, Hassan Ali Khayre, a \u00e9voqu\u00e9 sa propre exp\u00e9rience en tant que r\u00e9fugi\u00e9 pour parler des besoins de ceux qui ont \u00e9t\u00e9 d\u00e9racin\u00e9s par les guerres et de la n\u00e9cessit\u00e9 imp\u00e9rieuse de cr\u00e9er les conditions propices \u00e0 un retour dans les pays d\u2019origine.<\/p>\n<blockquote>\n<p align=\"center\"><strong>\u00ab Nous devons nous concentrer sur la r\u00e9solution des causes profondes et des facteurs de d\u00e9placement. \u00bb<\/strong><\/p>\n<\/blockquote>\n<p>\u00ab Nous devons nous concentrer sur la r\u00e9solution des causes profondes et des facteurs de d\u00e9placement \u00bb, a-t-il d\u00e9clar\u00e9. \u00ab \u00c0 cette fin, nous devons investir sans r\u00e9serve dans l\u2019am\u00e9lioration de la bonne gouvernance, le secteur de la s\u00e9curit\u00e9, le rel\u00e8vement \u00e9conomique et les services sociaux qui sont des aspects capitaux pour la paix et la stabilit\u00e9 \u00bb, a-t-il ajout\u00e9.<\/p>\n<ul>\n<li><strong>Voir \u00e9galement :\u00a0<\/strong><a href=\"https:\/\/www.unhcr.org\/fr\/news\/stories\/2019\/12\/5df90677a\/communaute-internationale-faire-davantage-refugies-chef-lonu.html\"><strong>La communaut\u00e9 internationale doit faire davantage pour les r\u00e9fugi\u00e9s, selon le chef de l\u2019ONU<\/strong><\/a><\/li>\n<\/ul>\n<p>La participation des r\u00e9fugi\u00e9s a \u00e9t\u00e9 d\u00e9terminante tout au long de la conf\u00e9rence. Environ 80 hommes et femmes originaires d\u2019Afrique, d\u2019Am\u00e9rique, d\u2019Asie et du Moyen-Orient ont pris part \u00e0 des dizaines de d\u00e9bats et de r\u00e9unions traitant de sujets aussi divers que l\u2019\u00e9ducation, l\u2019\u00e9nergie durable, le sport, les moyens d\u2019existence et la sant\u00e9 mentale.<\/p>\n<p>\u00ab Pour l\u2019avenir, il est \u00e9vident que nous pouvons accomplir beaucoup lorsque nous travaillons en collaboration et en tant que partenaires \u00e9gaux \u00bb, a d\u00e9clar\u00e9 Tina Dixson \u2014 comarraine r\u00e9fugi\u00e9e qui a demand\u00e9 asile en Australie en 2012 en tant que militante pour les droits fondamentaux des homosexuels \u2014 durant la s\u00e9ance de cl\u00f4ture.<\/p>\n<p>\u00ab Nous en appelons \u00e0 chacune et chacun d\u2019entre vous, sans exception, pour veiller \u00e0 ce que que les prochaines \u00e9tapes soient bien consid\u00e9r\u00e9es, en tirant le meilleur parti des importants engagements et contributions annonc\u00e9s durant ce Forum \u00bb, a ajout\u00e9 Tina Dixson.<\/p>\n<blockquote>\n<p align=\"center\"><strong>\u00ab\u00a0Pour l\u2019avenir, il est \u00e9vident que nous pouvons accomplir beaucoup lorsque nous travaillons en collaboration et en tant que partenaires \u00e9gaux.\u00a0\u00bb<\/strong><\/p>\n<\/blockquote>\n<p>Wenasa Alaraba, repr\u00e9sentant la d\u00e9l\u00e9gation des \u00e9tudiants r\u00e9fugi\u00e9s, a \u00e9t\u00e9 acclam\u00e9e par les participants lorsqu\u2019elle a appel\u00e9 \u00e0 davantage d\u2019investissements dans l\u2019\u00e9ducation des r\u00e9fugi\u00e9s dont les chances s\u2019amenuisent \u00e0 mesure qu\u2019ils progressent dans le syst\u00e8me \u00e9ducatif.<\/p>\n<p>\u00ab L\u2019\u00e9ducation transforme et au fil de cette transformation, nous accumulons des comp\u00e9tences et des connaissances, nous amplifions notre potentiel et nous trouvons les voies qui m\u00e8nent \u00e0 notre autonomisation \u00bb, a-t-elle d\u00e9clar\u00e9. \u00ab L\u2019\u00e9ducation nous permet non seulement de survivre, mais aussi de nous \u00e9panouir. \u00bb<\/p>\n<p>Les discussions durant le Forum \u00e9taient centr\u00e9es sur six domaines cl\u00e9s : dispositifs pour le partage des charges et des responsabilit\u00e9s ; \u00e9ducation, emploi et moyens d\u2019existence, \u00e9nergie et infrastructures\u00a0; solutions et capacit\u00e9 de protection.<\/p>\n<p>Mais il n\u2019a pas seulement \u00e9t\u00e9 question de politique pure et dure. Grover, la c\u00e9l\u00e8bre marionnette de la populaire s\u00e9rie \u00ab\u00a01, rue S\u00e9same\u00a0\u00bb, a fait sourire bien des gens en interviewant des participants, y compris des ministres, des dirigeants d\u2019entreprises et des chefs d\u2019agences des Nations Unies.<\/p>\n<p>Un boxeur r\u00e9fugi\u00e9 qui r\u00eave de concourir aux Jeux olympiques de Tokyo 2020 a fait une superbe d\u00e9monstration de boxe au Palais des Nations pendant que d\u2019autres jouaient au football \u00e0 l\u2019ext\u00e9rieur.<\/p>\n<p>\u00ab Quand les r\u00e9fugi\u00e9s ont les moyens de s\u2019autonomiser \u00bb, a d\u00e9clar\u00e9 la jeune r\u00e9fugi\u00e9e Foni Joyce Vuni, traduisant le climat d\u2019optimisme qui r\u00e9gnait au Forum, \u00ab\u00a0ils transforment les pays o\u00f9 ils ont cherch\u00e9 asile autant que leurs pays d\u2019origine. \u00bb<\/p>\n<p>La liste compl\u00e8te des promesses et contributions peut \u00eatre consult\u00e9e\u00a0<a href=\"https:\/\/globalcompactrefugees.org\/channel\/pledges-contributions\">ici<\/a>\u00a0en anglais.<\/p>\n<ul>\n<li><strong>Lire aussi :\u00a0<\/strong><a href=\"https:\/\/www.unhcr.ca\/fr\/news\/live-blog-forum-mondial-refugies-jour-3\/\"><strong>Live blog: Forum mondial sur les r\u00e9fugi\u00e9s \u2014 Jour 3\u00a0<\/strong><\/a><\/li>\n<\/ul>\n<p><em>Publie par le <a href=\"https:\/\/www.unhcr.org\/fr\/news\/stories\/2019\/12\/5dfb2f1ea\/forum-historique-couronne-dengagements-lemploi-leducation-refugies.html#\">HCR<\/a>, le 18 d\u00e9cembre 2019<\/em><\/p>\n<\/div>\n","protected":false},"excerpt":{"rendered":"<p>Le tout premier Forum mondial s\u2019ach\u00e8ve apr\u00e8s avoir enregistr\u00e9 plus de 770 engagements visant \u00e0 intensifier les opportunit\u00e9s pour les r\u00e9fugi\u00e9s.<\/p>\n","protected":false},"author":26,"featured_media":45106,"comment_status":"closed","ping_status":"closed","sticky":false,"template":"","format":"standard","meta":{"_acf_changed":false,"_et_pb_use_builder":"","_et_pb_old_content":"","_et_gb_content_width":"","inline_featured_image":false,"footnotes":"","beyondwords_generate_audio":"","beyondwords_integration_method":"","beyondwords_project_id":"","beyondwords_content_id":"","beyondwords_preview_token":"","beyondwords_player_content":"","beyondwords_player_style":"","beyondwords_language_code":"","beyondwords_language_id":"","beyondwords_title_voice_id":"","beyondwords_body_voice_id":"","beyondwords_summary_voice_id":"","beyondwords_error_message":"","beyondwords_disabled":"","beyondwords_delete_content":"","beyondwords_podcast_id":"","beyondwords_hash":"","publish_post_to_speechkit":"","speechkit_hash":"","speechkit_generate_audio":"","speechkit_project_id":"","speechkit_podcast_id":"","speechkit_error_message":"","speechkit_disabled":"","speechkit_access_key":"","speechkit_error":"","speechkit_info":"","speechkit_response":"","speechkit_retries":"","speechkit_status":"","speechkit_updated_at":"","_speechkit_link":"","_speechkit_text":""},"categories":[495,48,81,45],"tags":[617,346,200,259,600],"class_list":["post-45105","post","type-post","status-publish","format-standard","has-post-thumbnail","hentry","category-feature-story-fr","category-bulletin","category-news-stories-fr","category-nouvelle","tag-forum-mondial-sur-les-refugies","tag-le-hcr","tag-refugies","tag-unhcr-fr","tag-unhcr-canada-fr"],"acf":[],"yoast_head":"<!-- This site is optimized with the Yoast SEO Premium plugin v27.5 (Yoast SEO v27.5) - https:\/\/yoast.com\/product\/yoast-seo-premium-wordpress\/ -->\n<title>Un forum historique couronn\u00e9 d\u2019engagements pour l\u2019emploi des r\u00e9fugi\u00e9s<\/title>\n<meta name=\"description\" content=\"Le tout premier Forum mondial s\u2019ach\u00e8ve apr\u00e8s avoir enregistr\u00e9 plus de 770 engagements visant \u00e0 intensifier les opportunit\u00e9s pour les r\u00e9fugi\u00e9s.\" \/>\n<meta name=\"robots\" content=\"index, follow, max-snippet:-1, max-image-preview:large, max-video-preview:-1\" \/>\n<link rel=\"canonical\" href=\"https:\/\/www.unhcr.ca\/fr\/news\/forum-historique-couronne-dengagements-lemploi-leducation-refugies\/\" \/>\n<meta property=\"og:locale\" content=\"fr_FR\" \/>\n<meta property=\"og:type\" content=\"article\" \/>\n<meta property=\"og:title\" content=\"Un forum historique couronn\u00e9 d\u2019engagements pour l\u2019emploi et l\u2019\u00e9ducation des r\u00e9fugi\u00e9s\" \/>\n<meta property=\"og:description\" content=\"Le tout premier Forum mondial s\u2019ach\u00e8ve apr\u00e8s avoir enregistr\u00e9 plus de 770 engagements visant \u00e0 intensifier les opportunit\u00e9s pour les r\u00e9fugi\u00e9s.\" \/>\n<meta property=\"og:url\" content=\"https:\/\/www.unhcr.ca\/fr\/news\/forum-historique-couronne-dengagements-lemploi-leducation-refugies\/\" \/>\n<meta property=\"og:site_name\" content=\"HCR Canada\" \/>\n<meta property=\"article:publisher\" content=\"https:\/\/www.facebook.com\/UNHCRCanada\" \/>\n<meta property=\"article:published_time\" content=\"2019-12-18T21:26:03+00:00\" \/>\n<meta property=\"article:modified_time\" content=\"2019-12-19T21:37:46+00:00\" \/>\n<meta property=\"og:image\" content=\"https:\/\/www.unhcr.ca\/wp-content\/uploads\/2019\/12\/Untitled-design-2fr-1.png\" \/>\n\t<meta property=\"og:image:width\" content=\"1200\" \/>\n\t<meta property=\"og:image:height\" content=\"900\" \/>\n\t<meta property=\"og:image:type\" content=\"image\/png\" \/>\n<meta name=\"author\" content=\"Lauren La Rose\" \/>\n<meta name=\"twitter:card\" content=\"summary_large_image\" \/>\n<meta name=\"twitter:creator\" content=\"@UNHCRCanada\" \/>\n<meta name=\"twitter:site\" content=\"@UNHCRCanada\" \/>\n<meta name=\"twitter:label1\" content=\"\u00c9crit par\" \/>\n\t<meta name=\"twitter:data1\" content=\"Lauren La Rose\" \/>\n\t<meta name=\"twitter:label2\" content=\"Dur\u00e9e de lecture estim\u00e9e\" \/>\n\t<meta name=\"twitter:data2\" content=\"7 minutes\" \/>\n<script type=\"application\/ld+json\" class=\"yoast-schema-graph\">{\"@context\":\"https:\\\/\\\/schema.org\",\"@graph\":[{\"@type\":\"Article\",\"@id\":\"https:\\\/\\\/www.unhcr.ca\\\/fr\\\/news\\\/forum-historique-couronne-dengagements-lemploi-leducation-refugies\\\/#article\",\"isPartOf\":{\"@id\":\"https:\\\/\\\/www.unhcr.ca\\\/fr\\\/news\\\/forum-historique-couronne-dengagements-lemploi-leducation-refugies\\\/\"},\"author\":{\"name\":\"Lauren La Rose\",\"@id\":\"https:\\\/\\\/www.unhcr.ca\\\/#\\\/schema\\\/person\\\/d22a4536f2681cfba88a0867ecaec837\"},\"headline\":\"Un forum historique couronn\u00e9 d\u2019engagements pour l\u2019emploi et l\u2019\u00e9ducation des r\u00e9fugi\u00e9s\",\"datePublished\":\"2019-12-18T21:26:03+00:00\",\"dateModified\":\"2019-12-19T21:37:46+00:00\",\"mainEntityOfPage\":{\"@id\":\"https:\\\/\\\/www.unhcr.ca\\\/fr\\\/news\\\/forum-historique-couronne-dengagements-lemploi-leducation-refugies\\\/\"},\"wordCount\":1439,\"image\":{\"@id\":\"https:\\\/\\\/www.unhcr.ca\\\/fr\\\/news\\\/forum-historique-couronne-dengagements-lemploi-leducation-refugies\\\/#primaryimage\"},\"thumbnailUrl\":\"https:\\\/\\\/www.unhcr.ca\\\/wp-content\\\/uploads\\\/2019\\\/12\\\/Untitled-design-2fr-1.png\",\"keywords\":[\"Forum mondial sur les r\u00e9fugi\u00e9s\",\"le HCR\",\"r\u00e9fugi\u00e9s\",\"unhcr\",\"UNHCR Canada\"],\"articleSection\":[\"\u00c0 la Une\",\"Bulletin\",\"M\u00e9dias\",\"Nouvelle\"],\"inLanguage\":\"fr-FR\"},{\"@type\":\"WebPage\",\"@id\":\"https:\\\/\\\/www.unhcr.ca\\\/fr\\\/news\\\/forum-historique-couronne-dengagements-lemploi-leducation-refugies\\\/\",\"url\":\"https:\\\/\\\/www.unhcr.ca\\\/fr\\\/news\\\/forum-historique-couronne-dengagements-lemploi-leducation-refugies\\\/\",\"name\":\"Un forum historique couronn\u00e9 d\u2019engagements pour l\u2019emploi des r\u00e9fugi\u00e9s\",\"isPartOf\":{\"@id\":\"https:\\\/\\\/www.unhcr.ca\\\/#website\"},\"primaryImageOfPage\":{\"@id\":\"https:\\\/\\\/www.unhcr.ca\\\/fr\\\/news\\\/forum-historique-couronne-dengagements-lemploi-leducation-refugies\\\/#primaryimage\"},\"image\":{\"@id\":\"https:\\\/\\\/www.unhcr.ca\\\/fr\\\/news\\\/forum-historique-couronne-dengagements-lemploi-leducation-refugies\\\/#primaryimage\"},\"thumbnailUrl\":\"https:\\\/\\\/www.unhcr.ca\\\/wp-content\\\/uploads\\\/2019\\\/12\\\/Untitled-design-2fr-1.png\",\"datePublished\":\"2019-12-18T21:26:03+00:00\",\"dateModified\":\"2019-12-19T21:37:46+00:00\",\"author\":{\"@id\":\"https:\\\/\\\/www.unhcr.ca\\\/#\\\/schema\\\/person\\\/d22a4536f2681cfba88a0867ecaec837\"},\"description\":\"Le tout premier Forum mondial s\u2019ach\u00e8ve apr\u00e8s avoir enregistr\u00e9 plus de 770 engagements visant \u00e0 intensifier les opportunit\u00e9s pour les r\u00e9fugi\u00e9s.\",\"breadcrumb\":{\"@id\":\"https:\\\/\\\/www.unhcr.ca\\\/fr\\\/news\\\/forum-historique-couronne-dengagements-lemploi-leducation-refugies\\\/#breadcrumb\"},\"inLanguage\":\"fr-FR\",\"potentialAction\":[{\"@type\":\"ReadAction\",\"target\":[\"https:\\\/\\\/www.unhcr.ca\\\/fr\\\/news\\\/forum-historique-couronne-dengagements-lemploi-leducation-refugies\\\/\"]}]},{\"@type\":\"ImageObject\",\"inLanguage\":\"fr-FR\",\"@id\":\"https:\\\/\\\/www.unhcr.ca\\\/fr\\\/news\\\/forum-historique-couronne-dengagements-lemploi-leducation-refugies\\\/#primaryimage\",\"url\":\"https:\\\/\\\/www.unhcr.ca\\\/wp-content\\\/uploads\\\/2019\\\/12\\\/Untitled-design-2fr-1.png\",\"contentUrl\":\"https:\\\/\\\/www.unhcr.ca\\\/wp-content\\\/uploads\\\/2019\\\/12\\\/Untitled-design-2fr-1.png\",\"width\":1200,\"height\":900,\"caption\":\"Le Haut Commissaire des Nations Unies pour les r\u00e9fugi\u00e9s, Filippo Grandi, \u00e0 la cl\u00f4ture du Forum mondial sur les r\u00e9fugi\u00e9s \u00a9 HCR\\\/Andrew McConnell\"},{\"@type\":\"BreadcrumbList\",\"@id\":\"https:\\\/\\\/www.unhcr.ca\\\/fr\\\/news\\\/forum-historique-couronne-dengagements-lemploi-leducation-refugies\\\/#breadcrumb\",\"itemListElement\":[{\"@type\":\"ListItem\",\"position\":1,\"name\":\"Home\",\"item\":\"https:\\\/\\\/www.unhcr.ca\\\/fr\\\/homepage2020\\\/\"},{\"@type\":\"ListItem\",\"position\":2,\"name\":\"Un forum historique couronn\u00e9 d\u2019engagements pour l\u2019emploi et l\u2019\u00e9ducation des r\u00e9fugi\u00e9s\"}]},{\"@type\":\"WebSite\",\"@id\":\"https:\\\/\\\/www.unhcr.ca\\\/#website\",\"url\":\"https:\\\/\\\/www.unhcr.ca\\\/\",\"name\":\"HCR Canada\",\"description\":\"L\u2019Agence des Nations Unies pour les r\u00e9fugi\u00e9s\",\"potentialAction\":[{\"@type\":\"SearchAction\",\"target\":{\"@type\":\"EntryPoint\",\"urlTemplate\":\"https:\\\/\\\/www.unhcr.ca\\\/?s={search_term_string}\"},\"query-input\":{\"@type\":\"PropertyValueSpecification\",\"valueRequired\":true,\"valueName\":\"search_term_string\"}}],\"inLanguage\":\"fr-FR\"},{\"@type\":\"Person\",\"@id\":\"https:\\\/\\\/www.unhcr.ca\\\/#\\\/schema\\\/person\\\/d22a4536f2681cfba88a0867ecaec837\",\"name\":\"Lauren La Rose\",\"image\":{\"@type\":\"ImageObject\",\"inLanguage\":\"fr-FR\",\"@id\":\"https:\\\/\\\/secure.gravatar.com\\\/avatar\\\/8921ed56bf2dfaee26d6b52ff5aa5aa4c8403f8460385fc83d28d7a9444d6aa3?s=96&d=mm&r=g\",\"url\":\"https:\\\/\\\/secure.gravatar.com\\\/avatar\\\/8921ed56bf2dfaee26d6b52ff5aa5aa4c8403f8460385fc83d28d7a9444d6aa3?s=96&d=mm&r=g\",\"contentUrl\":\"https:\\\/\\\/secure.gravatar.com\\\/avatar\\\/8921ed56bf2dfaee26d6b52ff5aa5aa4c8403f8460385fc83d28d7a9444d6aa3?s=96&d=mm&r=g\",\"caption\":\"Lauren La Rose\"},\"url\":\"https:\\\/\\\/www.unhcr.ca\\\/fr\\\/news\\\/author\\\/laurenlarose\\\/\"}]}<\/script>\n<!-- \/ Yoast SEO Premium plugin. -->","yoast_head_json":{"title":"Un forum historique couronn\u00e9 d\u2019engagements pour l\u2019emploi des r\u00e9fugi\u00e9s","description":"Le tout premier Forum mondial s\u2019ach\u00e8ve apr\u00e8s avoir enregistr\u00e9 plus de 770 engagements visant \u00e0 intensifier les opportunit\u00e9s pour les r\u00e9fugi\u00e9s.","robots":{"index":"index","follow":"follow","max-snippet":"max-snippet:-1","max-image-preview":"max-image-preview:large","max-video-preview":"max-video-preview:-1"},"canonical":"https:\/\/www.unhcr.ca\/fr\/news\/forum-historique-couronne-dengagements-lemploi-leducation-refugies\/","og_locale":"fr_FR","og_type":"article","og_title":"Un forum historique couronn\u00e9 d\u2019engagements pour l\u2019emploi et l\u2019\u00e9ducation des r\u00e9fugi\u00e9s","og_description":"Le tout premier Forum mondial s\u2019ach\u00e8ve apr\u00e8s avoir enregistr\u00e9 plus de 770 engagements visant \u00e0 intensifier les opportunit\u00e9s pour les r\u00e9fugi\u00e9s.","og_url":"https:\/\/www.unhcr.ca\/fr\/news\/forum-historique-couronne-dengagements-lemploi-leducation-refugies\/","og_site_name":"HCR Canada","article_publisher":"https:\/\/www.facebook.com\/UNHCRCanada","article_published_time":"2019-12-18T21:26:03+00:00","article_modified_time":"2019-12-19T21:37:46+00:00","og_image":[{"width":1200,"height":900,"url":"https:\/\/www.unhcr.ca\/wp-content\/uploads\/2019\/12\/Untitled-design-2fr-1.png","type":"image\/png"}],"author":"Lauren La Rose","twitter_card":"summary_large_image","twitter_creator":"@UNHCRCanada","twitter_site":"@UNHCRCanada","twitter_misc":{"\u00c9crit par":"Lauren La Rose","Dur\u00e9e de lecture estim\u00e9e":"7 minutes"},"schema":{"@context":"https:\/\/schema.org","@graph":[{"@type":"Article","@id":"https:\/\/www.unhcr.ca\/fr\/news\/forum-historique-couronne-dengagements-lemploi-leducation-refugies\/#article","isPartOf":{"@id":"https:\/\/www.unhcr.ca\/fr\/news\/forum-historique-couronne-dengagements-lemploi-leducation-refugies\/"},"author":{"name":"Lauren La Rose","@id":"https:\/\/www.unhcr.ca\/#\/schema\/person\/d22a4536f2681cfba88a0867ecaec837"},"headline":"Un forum historique couronn\u00e9 d\u2019engagements pour l\u2019emploi et l\u2019\u00e9ducation des r\u00e9fugi\u00e9s","datePublished":"2019-12-18T21:26:03+00:00","dateModified":"2019-12-19T21:37:46+00:00","mainEntityOfPage":{"@id":"https:\/\/www.unhcr.ca\/fr\/news\/forum-historique-couronne-dengagements-lemploi-leducation-refugies\/"},"wordCount":1439,"image":{"@id":"https:\/\/www.unhcr.ca\/fr\/news\/forum-historique-couronne-dengagements-lemploi-leducation-refugies\/#primaryimage"},"thumbnailUrl":"https:\/\/www.unhcr.ca\/wp-content\/uploads\/2019\/12\/Untitled-design-2fr-1.png","keywords":["Forum mondial sur les r\u00e9fugi\u00e9s","le HCR","r\u00e9fugi\u00e9s","unhcr","UNHCR Canada"],"articleSection":["\u00c0 la Une","Bulletin","M\u00e9dias","Nouvelle"],"inLanguage":"fr-FR"},{"@type":"WebPage","@id":"https:\/\/www.unhcr.ca\/fr\/news\/forum-historique-couronne-dengagements-lemploi-leducation-refugies\/","url":"https:\/\/www.unhcr.ca\/fr\/news\/forum-historique-couronne-dengagements-lemploi-leducation-refugies\/","name":"Un forum historique couronn\u00e9 d\u2019engagements pour l\u2019emploi des r\u00e9fugi\u00e9s","isPartOf":{"@id":"https:\/\/www.unhcr.ca\/#website"},"primaryImageOfPage":{"@id":"https:\/\/www.unhcr.ca\/fr\/news\/forum-historique-couronne-dengagements-lemploi-leducation-refugies\/#primaryimage"},"image":{"@id":"https:\/\/www.unhcr.ca\/fr\/news\/forum-historique-couronne-dengagements-lemploi-leducation-refugies\/#primaryimage"},"thumbnailUrl":"https:\/\/www.unhcr.ca\/wp-content\/uploads\/2019\/12\/Untitled-design-2fr-1.png","datePublished":"2019-12-18T21:26:03+00:00","dateModified":"2019-12-19T21:37:46+00:00","author":{"@id":"https:\/\/www.unhcr.ca\/#\/schema\/person\/d22a4536f2681cfba88a0867ecaec837"},"description":"Le tout premier Forum mondial s\u2019ach\u00e8ve apr\u00e8s avoir enregistr\u00e9 plus de 770 engagements visant \u00e0 intensifier les opportunit\u00e9s pour les r\u00e9fugi\u00e9s.","breadcrumb":{"@id":"https:\/\/www.unhcr.ca\/fr\/news\/forum-historique-couronne-dengagements-lemploi-leducation-refugies\/#breadcrumb"},"inLanguage":"fr-FR","potentialAction":[{"@type":"ReadAction","target":["https:\/\/www.unhcr.ca\/fr\/news\/forum-historique-couronne-dengagements-lemploi-leducation-refugies\/"]}]},{"@type":"ImageObject","inLanguage":"fr-FR","@id":"https:\/\/www.unhcr.ca\/fr\/news\/forum-historique-couronne-dengagements-lemploi-leducation-refugies\/#primaryimage","url":"https:\/\/www.unhcr.ca\/wp-content\/uploads\/2019\/12\/Untitled-design-2fr-1.png","contentUrl":"https:\/\/www.unhcr.ca\/wp-content\/uploads\/2019\/12\/Untitled-design-2fr-1.png","width":1200,"height":900,"caption":"Le Haut Commissaire des Nations Unies pour les r\u00e9fugi\u00e9s, Filippo Grandi, \u00e0 la cl\u00f4ture du Forum mondial sur les r\u00e9fugi\u00e9s \u00a9 HCR\/Andrew McConnell"},{"@type":"BreadcrumbList","@id":"https:\/\/www.unhcr.ca\/fr\/news\/forum-historique-couronne-dengagements-lemploi-leducation-refugies\/#breadcrumb","itemListElement":[{"@type":"ListItem","position":1,"name":"Home","item":"https:\/\/www.unhcr.ca\/fr\/homepage2020\/"},{"@type":"ListItem","position":2,"name":"Un forum historique couronn\u00e9 d\u2019engagements pour l\u2019emploi et l\u2019\u00e9ducation des r\u00e9fugi\u00e9s"}]},{"@type":"WebSite","@id":"https:\/\/www.unhcr.ca\/#website","url":"https:\/\/www.unhcr.ca\/","name":"HCR Canada","description":"L\u2019Agence des Nations Unies pour les r\u00e9fugi\u00e9s","potentialAction":[{"@type":"SearchAction","target":{"@type":"EntryPoint","urlTemplate":"https:\/\/www.unhcr.ca\/?s={search_term_string}"},"query-input":{"@type":"PropertyValueSpecification","valueRequired":true,"valueName":"search_term_string"}}],"inLanguage":"fr-FR"},{"@type":"Person","@id":"https:\/\/www.unhcr.ca\/#\/schema\/person\/d22a4536f2681cfba88a0867ecaec837","name":"Lauren La Rose","image":{"@type":"ImageObject","inLanguage":"fr-FR","@id":"https:\/\/secure.gravatar.com\/avatar\/8921ed56bf2dfaee26d6b52ff5aa5aa4c8403f8460385fc83d28d7a9444d6aa3?s=96&d=mm&r=g","url":"https:\/\/secure.gravatar.com\/avatar\/8921ed56bf2dfaee26d6b52ff5aa5aa4c8403f8460385fc83d28d7a9444d6aa3?s=96&d=mm&r=g","contentUrl":"https:\/\/secure.gravatar.com\/avatar\/8921ed56bf2dfaee26d6b52ff5aa5aa4c8403f8460385fc83d28d7a9444d6aa3?s=96&d=mm&r=g","caption":"Lauren La Rose"},"url":"https:\/\/www.unhcr.ca\/fr\/news\/author\/laurenlarose\/"}]}},"_links":{"self":[{"href":"https:\/\/www.unhcr.ca\/fr\/wp-json\/wp\/v2\/posts\/45105","targetHints":{"allow":["GET"]}}],"collection":[{"href":"https:\/\/www.unhcr.ca\/fr\/wp-json\/wp\/v2\/posts"}],"about":[{"href":"https:\/\/www.unhcr.ca\/fr\/wp-json\/wp\/v2\/types\/post"}],"author":[{"embeddable":true,"href":"https:\/\/www.unhcr.ca\/fr\/wp-json\/wp\/v2\/users\/26"}],"replies":[{"embeddable":true,"href":"https:\/\/www.unhcr.ca\/fr\/wp-json\/wp\/v2\/comments?post=45105"}],"version-history":[{"count":0,"href":"https:\/\/www.unhcr.ca\/fr\/wp-json\/wp\/v2\/posts\/45105\/revisions"}],"wp:featuredmedia":[{"embeddable":true,"href":"https:\/\/www.unhcr.ca\/fr\/wp-json\/wp\/v2\/media\/45106"}],"wp:attachment":[{"href":"https:\/\/www.unhcr.ca\/fr\/wp-json\/wp\/v2\/media?parent=45105"}],"wp:term":[{"taxonomy":"category","embeddable":true,"href":"https:\/\/www.unhcr.ca\/fr\/wp-json\/wp\/v2\/categories?post=45105"},{"taxonomy":"post_tag","embeddable":true,"href":"https:\/\/www.unhcr.ca\/fr\/wp-json\/wp\/v2\/tags?post=45105"}],"curies":[{"name":"wp","href":"https:\/\/api.w.org\/{rel}","templated":true}]}}