{"id":4386,"date":"2015-09-21T16:26:01","date_gmt":"2015-09-21T20:26:01","guid":{"rendered":"http:\/\/unhcrca.wpengine.com\/?p=4386"},"modified":"2021-01-08T16:14:14","modified_gmt":"2021-01-08T21:14:14","slug":"plus-dun-mois-apres-le-cyclone-komen-des-survivants-demeurent-sans-abri-au-myanmar","status":"publish","type":"post","link":"https:\/\/www.unhcr.ca\/fr\/news\/plus-dun-mois-apres-le-cyclone-komen-des-survivants-demeurent-sans-abri-au-myanmar\/","title":{"rendered":"Plus d&rsquo;un mois apr\u00e8s le cyclone Komen, des survivants demeurent sans abri au Myanmar"},"content":{"rendered":"<div id=\"attachment_4381\" style=\"width: 810px\" class=\"wp-caption alignnone\"><img decoding=\"async\" aria-describedby=\"caption-attachment-4381\" class=\"size-full wp-image-4381\" src=\"https:\/\/www.unhcr.ca\/wp-content\/uploads\/2015\/10\/09212015_cyclone1.jpg\" alt=\"Ma Nge et son fils de 10 ans se tiennent devant les d\u00e9combres de leur maison dans un petit village de la r\u00e9gion de Ponnagyun, dans l'Etat de Rakhine. Le cyclone Komen avait fait tomber un arbre qui a d\u00e9truit leur maison.\" width=\"800\" height=\"529\" \/><p id=\"caption-attachment-4381\" class=\"wp-caption-text\">Ma Nge et son fils de 10 ans se tiennent devant les d\u00e9combres de leur maison dans un petit village de la r\u00e9gion de Ponnagyun, dans l&rsquo;Etat de Rakhine. Le cyclone Komen avait fait tomber un arbre qui a d\u00e9truit leur maison. \u00a9 HCR \/ K.Rochanakorn<\/p><\/div>\n<p><strong>PONNAGYUN, Myanmar, 21 septembre (HCR)\u2014Plus d&rsquo;un mois apr\u00e8s l&rsquo;effondrement de leur foyer dans l&rsquo;Etat de Rakhine, dans l&rsquo;ouest du Myanmar, Ma Nge et son fils de 10 ans demeurent sans abri. Les forts vents g\u00e9n\u00e9r\u00e9s par le cyclone Komen ont abattu un palmier \u00e0 proximit\u00e9, qui est venu s&rsquo;effondrer directement sur la structure fragile au toit de chaume.<\/strong><\/p>\n<p>Debout devant les d\u00e9combres de leur ancien domicile qui est d\u00e9sormais un amas de bambou bris\u00e9 et de feuilles de palmiers, Ma Nge a d\u00e9clar\u00e9 au HCR qu&rsquo;ils avaient eu de la chance\u00a0: \u00ab\u00a0Nous \u00e9tions dans la maison lorsque j&rsquo;ai vu que l&rsquo;arbre se balan\u00e7ait dans le vent. Cela m&rsquo;a sembl\u00e9 dangereux. Nous avons donc d\u00e9cid\u00e9 de partir imm\u00e9diatement et de trouver refuge chez ma belle-s\u0153ur qui habite la maison voisine. Trois minutes plus tard, l&rsquo;arbre s&rsquo;est abattu sur ma maison.\u00a0\u00bb<\/p>\n<p>Ma Nge et son fils, qui vivent dans un petit village dans le canton de Ponnagyun, \u00e0 environ 32 kilom\u00e8tres au nord-est de Sittwe, la capitale de l&rsquo;Etat, sont deux des nombreuses personnes qui ont \u00e9t\u00e9 gravement touch\u00e9es par les conditions m\u00e9t\u00e9orologiques graves ayant frapp\u00e9 la r\u00e9gion en juillet.<\/p>\n<p>Avant d&rsquo;arriver au Bangladesh voisin le 30 juillet, le cyclone Komen avait balay\u00e9 l&rsquo;ouest du Myanmar, entra\u00eenant des vents violents et de fortes pluies partout au pays et augmentant la gravit\u00e9 des chutes de pluie diluvienne saisonni\u00e8res. Au cours des jours et des semaines suivants, 12 des 14 Etats et r\u00e9gions du Myanmar ont v\u00e9cu des inondations graves. Les Etats de Rakhine et de Chin, ainsi que les r\u00e9gions de Magway et de Sagaing, ont \u00e9t\u00e9 d\u00e9clar\u00e9s comme zones de catastrophes naturelles par le Gouvernement du Myanmar.<\/p>\n<p>Selon le Comit\u00e9 national du Myanmar pour la gestion des catastrophes naturelles, les conditions orageuses et la crue due aux accumulations d&rsquo;eau ont forc\u00e9 environ 1,6 million de personnes \u00e0 fuir leur foyer durant les mois de juillet et ao\u00fbt. Au moins 117 personnes sont d\u00e9c\u00e9d\u00e9es et environ 400\u00a0000 hectares de terres agricoles ont \u00e9t\u00e9 d\u00e9truits ce qui pose un risque pour la s\u00e9curit\u00e9 alimentaire du pays.<\/p>\n<p>Les Etats de Rakhine et du Nord-Kachin accueillent une population de 240\u00a0000 personnes d\u00e9plac\u00e9es internes. Nombre d&rsquo;entre elles ont \u00e9galement \u00e9t\u00e9 touch\u00e9es. Etant d\u00e9j\u00e0 pr\u00e9sent dans les deux Etats, le HCR a \u00e9t\u00e9 en mesure d&rsquo;intervenir rapidement dans les communaut\u00e9s, d\u00e9plac\u00e9es ou non, qui ont \u00e9t\u00e9 touch\u00e9es par les inondations. En collaboration avec ses organisations partenaires et en coordination avec les autorit\u00e9s du Myanmar, le HCR a aid\u00e9 \u00e0 \u00e9valuer les dommages, \u00e0 d\u00e9terminer les besoins et \u00e0 fournir des secours.<\/p>\n<div id=\"attachment_4383\" style=\"width: 810px\" class=\"wp-caption alignnone\"><img decoding=\"async\" aria-describedby=\"caption-attachment-4383\" class=\"size-full wp-image-4383\" src=\"https:\/\/www.unhcr.ca\/wp-content\/uploads\/2015\/10\/09212015_cyclone2.jpg\" alt=\"Les villageois re\u00e7oivent des articles domestiques du HCR dans le village de Nyang Pin Gui, \u00e0 Rathedaung, dans l'Etat de Rakhine, au Myanmar le 7 ao\u00fbt 2015. Le cyclone Komen avait balay\u00e9 l'ouest du Myanmar au cours des jours pr\u00e9c\u00e9dents, causant d'importants dommages et aggravant les difficult\u00e9s de nombreuses communaut\u00e9s. Le HCR est sur place et fournit une aide d'urgence aux personnes touch\u00e9es.\" width=\"800\" height=\"578\" \/><p id=\"caption-attachment-4383\" class=\"wp-caption-text\">Les villageois re\u00e7oivent des articles domestiques du HCR dans le village de Nyang Pin Gui, \u00e0 Rathedaung, dans l&rsquo;Etat de Rakhine, au Myanmar le 7 ao\u00fbt 2015. Le cyclone Komen avait balay\u00e9 l&rsquo;ouest du Myanmar au cours des jours pr\u00e9c\u00e9dents, causant d&rsquo;importants dommages et aggravant les difficult\u00e9s de nombreuses communaut\u00e9s. Le HCR est sur place et fournit une aide d&rsquo;urgence aux personnes touch\u00e9es. \u00a9 HCR<\/p><\/div>\n<p>Des articles de secours d&rsquo;urgence\u2014y compris des b\u00e2ches, des matelas, des moustiquaires et des ustensiles de cuisine\u2014ont \u00e9t\u00e9 distribu\u00e9s aux personnes touch\u00e9es en fonction des besoins. Le HCR a \u00e9galement men\u00e9 des efforts de mobilisation avec ses partenaires humanitaires et le gouvernement; ceux-ci consistaient en des appels \u00e0 la libre circulation \u00e0 titre de mesure salvatrice et \u00e0 l&rsquo;acc\u00e8s sans discrimination, en particulier pour les groupes vuln\u00e9rables. Ma Nge et son fils ont \u00e9t\u00e9 parmi les b\u00e9n\u00e9ficiaires de l&rsquo;aide du HCR.<\/p>\n<p>\u00ab\u00a0Tout ce que nous avions a \u00e9t\u00e9 d\u00e9truit, a-t-elle d\u00e9clar\u00e9. Tous nos articles domestiques sont disparus\u00a0\u00bb, a-t-elle indiqu\u00e9. Elle a l&rsquo;intention de reb\u00e2tir sa maison apr\u00e8s la saison des pluies, mais reconna\u00eet les obstacles financiers. Son mari est parti en Tha\u00eflande il y a neuf ans afin de trouver du travail. Elle ne sait pas exactement ce qu&rsquo;il fait actuellement. \u00ab\u00a0Je pense que son travail va mal\u00a0\u00bb, a-t-elle expliqu\u00e9.<\/p>\n<p>En plus de souffrir de probl\u00e8mes de d\u00e9placements de populations caus\u00e9s par des cas de violences inter-communautaires en 2012, l&rsquo;Etat de Rakhine est le deuxi\u00e8me Etat le plus pauvre du Myanmar. Un grand nombre des familles touch\u00e9es par les inondations\u2014particuli\u00e8rement les m\u00e9nages dirig\u00e9s par des femmes\u2014\u00e9taient d\u00e9j\u00e0 \u00e0 risque. Malgr\u00e9 les grandes richesses naturelles de l&rsquo;Etat, ses communaut\u00e9s sont marqu\u00e9es par une pauvret\u00e9 chronique et le sous-d\u00e9veloppement. Des infrastructures et des services essentiels insuffisants, combin\u00e9s \u00e0 des possibilit\u00e9s limit\u00e9es en termes de moyens d&rsquo;existence, ont pouss\u00e9 de nombreux habitants \u00e0 quitter la r\u00e9gion \u00e0 la recherche d&rsquo;un emploi ailleurs au Myanmar et \u00e0 l&rsquo;ext\u00e9rieur du pays.<\/p>\n<p>\u00ab\u00a0Alors que la cible de l&rsquo;intervention se transf\u00e8re depuis l&rsquo;aide d&rsquo;urgence vers la relance et la reconstruction, les besoins urgents dans l&rsquo;Etat du Rakhine doivent \u00eatre combl\u00e9s\u00a0\u00bb, a d\u00e9clar\u00e9 Giuseppe de Vincentis, Repr\u00e9sentant du HCR au Myanmar. \u00ab\u00a0Parmi les d\u00e9fis, il faut faire cesser les d\u00e9placements de populations et promouvoir la coh\u00e9sion sociale entre les communaut\u00e9s et au sein m\u00eame de celles-ci.\u00a0\u00bb<\/p>\n<p>\u00ab\u00a0Il est crucial de veiller \u00e0 ce que l&rsquo;intervention suivant les inondations soit efficace afin de faciliter le d\u00e9veloppement durable ax\u00e9 sur les communaut\u00e9s dans l&rsquo;Etat de Rakhine, du sud au nord. Et il est primordial de le faire maintenant.\u00a0\u00bb<\/p>\n<p><em>Par Kasita Rochanakorn \u00e0 Ponnagyun, au Myanmar<\/em><\/p>\n","protected":false},"excerpt":{"rendered":"<p>PONNAGYUN, Myanmar, 21 septembre (HCR)\u2014Plus d&rsquo;un mois apr\u00e8s l&rsquo;effondrement de leur foyer dans l&rsquo;Etat de Rakhine, dans l&rsquo;ouest du Myanmar, Ma Nge et son fils de 10 ans demeurent sans abri. Les forts vents g\u00e9n\u00e9r\u00e9s par le cyclone Komen ont abattu un palmier \u00e0 proximit\u00e9, qui est venu s&rsquo;effondrer directement sur la structure fragile au [&hellip;]<\/p>\n","protected":false},"author":16,"featured_media":4381,"comment_status":"closed","ping_status":"closed","sticky":false,"template":"","format":"standard","meta":{"_acf_changed":false,"_et_pb_use_builder":"","_et_pb_old_content":"","_et_gb_content_width":"","inline_featured_image":false,"footnotes":"","beyondwords_generate_audio":"","beyondwords_integration_method":"","beyondwords_project_id":"","beyondwords_content_id":"","beyondwords_preview_token":"","beyondwords_player_content":"","beyondwords_player_style":"","beyondwords_language_code":"","beyondwords_language_id":"","beyondwords_title_voice_id":"","beyondwords_body_voice_id":"","beyondwords_summary_voice_id":"","beyondwords_error_message":"","beyondwords_disabled":"","beyondwords_delete_content":"","beyondwords_podcast_id":"","beyondwords_hash":"","publish_post_to_speechkit":"","speechkit_hash":"","speechkit_generate_audio":"","speechkit_project_id":"","speechkit_podcast_id":"","speechkit_error_message":"","speechkit_disabled":"","speechkit_access_key":"","speechkit_error":"","speechkit_info":"","speechkit_response":"","speechkit_retries":"","speechkit_status":"","speechkit_updated_at":"","_speechkit_link":"","_speechkit_text":""},"categories":[81,45],"tags":[52,70],"class_list":["post-4386","post","type-post","status-publish","format-standard","has-post-thumbnail","hentry","category-news-stories-fr","category-nouvelle","tag-rebatir-des-vies","tag-secours-durgence"],"acf":[],"yoast_head":"<!-- This site is optimized with the Yoast SEO Premium plugin v27.4 (Yoast SEO v27.5) - https:\/\/yoast.com\/product\/yoast-seo-premium-wordpress\/ -->\n<title>Un mois apr\u00e8s Komen, des survivants demeurent sans abri<\/title>\n<meta name=\"description\" content=\"Plus d\u2019un mois apr\u00e8s l\u2019effondrement de leur maison dans l\u2019Etat de Rakhine ouest du Myanmar, Nge Ma et son fils de 10 ans restent sans abri.\" \/>\n<meta name=\"robots\" content=\"index, follow, max-snippet:-1, max-image-preview:large, max-video-preview:-1\" \/>\n<link rel=\"canonical\" href=\"https:\/\/www.unhcr.ca\/fr\/news\/plus-dun-mois-apres-le-cyclone-komen-des-survivants-demeurent-sans-abri-au-myanmar\/\" \/>\n<meta property=\"og:locale\" content=\"fr_FR\" \/>\n<meta property=\"og:type\" content=\"article\" \/>\n<meta property=\"og:title\" content=\"Plus d&#039;un mois apr\u00e8s le cyclone Komen, des survivants demeurent sans abri au Myanmar\" \/>\n<meta property=\"og:description\" content=\"Plus d\u2019un mois apr\u00e8s l\u2019effondrement de leur maison dans l\u2019Etat de Rakhine ouest du Myanmar, Nge Ma et son fils de 10 ans restent sans abri.\" \/>\n<meta property=\"og:url\" content=\"https:\/\/www.unhcr.ca\/fr\/news\/plus-dun-mois-apres-le-cyclone-komen-des-survivants-demeurent-sans-abri-au-myanmar\/\" \/>\n<meta property=\"og:site_name\" content=\"HCR Canada\" \/>\n<meta property=\"article:publisher\" content=\"https:\/\/www.facebook.com\/UNHCRCanada\" \/>\n<meta property=\"article:published_time\" content=\"2015-09-21T20:26:01+00:00\" \/>\n<meta property=\"article:modified_time\" content=\"2021-01-08T21:14:14+00:00\" \/>\n<meta property=\"og:image\" content=\"https:\/\/www.unhcr.ca\/wp-content\/uploads\/2015\/10\/09212015_cyclone1.jpg\" \/>\n\t<meta property=\"og:image:width\" content=\"800\" \/>\n\t<meta property=\"og:image:height\" content=\"529\" \/>\n\t<meta property=\"og:image:type\" content=\"image\/jpeg\" \/>\n<meta name=\"author\" content=\"Elizabeth Mulhall\" \/>\n<meta name=\"twitter:card\" content=\"summary_large_image\" \/>\n<meta name=\"twitter:creator\" content=\"@UNHCRCanada\" \/>\n<meta name=\"twitter:site\" content=\"@UNHCRCanada\" \/>\n<meta name=\"twitter:label1\" content=\"\u00c9crit par\" \/>\n\t<meta name=\"twitter:data1\" content=\"Elizabeth Mulhall\" \/>\n\t<meta name=\"twitter:label2\" content=\"Dur\u00e9e de lecture estim\u00e9e\" \/>\n\t<meta name=\"twitter:data2\" content=\"5 minutes\" \/>\n<script type=\"application\/ld+json\" class=\"yoast-schema-graph\">{\"@context\":\"https:\\\/\\\/schema.org\",\"@graph\":[{\"@type\":\"Article\",\"@id\":\"https:\\\/\\\/www.unhcr.ca\\\/fr\\\/news\\\/plus-dun-mois-apres-le-cyclone-komen-des-survivants-demeurent-sans-abri-au-myanmar\\\/#article\",\"isPartOf\":{\"@id\":\"https:\\\/\\\/www.unhcr.ca\\\/fr\\\/news\\\/plus-dun-mois-apres-le-cyclone-komen-des-survivants-demeurent-sans-abri-au-myanmar\\\/\"},\"author\":{\"name\":\"Elizabeth Mulhall\",\"@id\":\"https:\\\/\\\/www.unhcr.ca\\\/#\\\/schema\\\/person\\\/684c95618c348d2f70f79b2f92c51bb3\"},\"headline\":\"Plus d&rsquo;un mois apr\u00e8s le cyclone Komen, des survivants demeurent sans abri au Myanmar\",\"datePublished\":\"2015-09-21T20:26:01+00:00\",\"dateModified\":\"2021-01-08T21:14:14+00:00\",\"mainEntityOfPage\":{\"@id\":\"https:\\\/\\\/www.unhcr.ca\\\/fr\\\/news\\\/plus-dun-mois-apres-le-cyclone-komen-des-survivants-demeurent-sans-abri-au-myanmar\\\/\"},\"wordCount\":1030,\"image\":{\"@id\":\"https:\\\/\\\/www.unhcr.ca\\\/fr\\\/news\\\/plus-dun-mois-apres-le-cyclone-komen-des-survivants-demeurent-sans-abri-au-myanmar\\\/#primaryimage\"},\"thumbnailUrl\":\"https:\\\/\\\/www.unhcr.ca\\\/wp-content\\\/uploads\\\/2015\\\/10\\\/09212015_cyclone1.jpg\",\"keywords\":[\"Reb\u00e2tir des vies\",\"Secours d'urgence\"],\"articleSection\":[\"M\u00e9dias\",\"Nouvelle\"],\"inLanguage\":\"fr-FR\"},{\"@type\":\"WebPage\",\"@id\":\"https:\\\/\\\/www.unhcr.ca\\\/fr\\\/news\\\/plus-dun-mois-apres-le-cyclone-komen-des-survivants-demeurent-sans-abri-au-myanmar\\\/\",\"url\":\"https:\\\/\\\/www.unhcr.ca\\\/fr\\\/news\\\/plus-dun-mois-apres-le-cyclone-komen-des-survivants-demeurent-sans-abri-au-myanmar\\\/\",\"name\":\"Un mois apr\u00e8s Komen, des survivants demeurent sans abri\",\"isPartOf\":{\"@id\":\"https:\\\/\\\/www.unhcr.ca\\\/#website\"},\"primaryImageOfPage\":{\"@id\":\"https:\\\/\\\/www.unhcr.ca\\\/fr\\\/news\\\/plus-dun-mois-apres-le-cyclone-komen-des-survivants-demeurent-sans-abri-au-myanmar\\\/#primaryimage\"},\"image\":{\"@id\":\"https:\\\/\\\/www.unhcr.ca\\\/fr\\\/news\\\/plus-dun-mois-apres-le-cyclone-komen-des-survivants-demeurent-sans-abri-au-myanmar\\\/#primaryimage\"},\"thumbnailUrl\":\"https:\\\/\\\/www.unhcr.ca\\\/wp-content\\\/uploads\\\/2015\\\/10\\\/09212015_cyclone1.jpg\",\"datePublished\":\"2015-09-21T20:26:01+00:00\",\"dateModified\":\"2021-01-08T21:14:14+00:00\",\"author\":{\"@id\":\"https:\\\/\\\/www.unhcr.ca\\\/#\\\/schema\\\/person\\\/684c95618c348d2f70f79b2f92c51bb3\"},\"description\":\"Plus d\u2019un mois apr\u00e8s l\u2019effondrement de leur maison dans l\u2019Etat de Rakhine ouest du Myanmar, Nge Ma et son fils de 10 ans restent sans abri.\",\"breadcrumb\":{\"@id\":\"https:\\\/\\\/www.unhcr.ca\\\/fr\\\/news\\\/plus-dun-mois-apres-le-cyclone-komen-des-survivants-demeurent-sans-abri-au-myanmar\\\/#breadcrumb\"},\"inLanguage\":\"fr-FR\",\"potentialAction\":[{\"@type\":\"ReadAction\",\"target\":[\"https:\\\/\\\/www.unhcr.ca\\\/fr\\\/news\\\/plus-dun-mois-apres-le-cyclone-komen-des-survivants-demeurent-sans-abri-au-myanmar\\\/\"]}]},{\"@type\":\"ImageObject\",\"inLanguage\":\"fr-FR\",\"@id\":\"https:\\\/\\\/www.unhcr.ca\\\/fr\\\/news\\\/plus-dun-mois-apres-le-cyclone-komen-des-survivants-demeurent-sans-abri-au-myanmar\\\/#primaryimage\",\"url\":\"https:\\\/\\\/www.unhcr.ca\\\/wp-content\\\/uploads\\\/2015\\\/10\\\/09212015_cyclone1.jpg\",\"contentUrl\":\"https:\\\/\\\/www.unhcr.ca\\\/wp-content\\\/uploads\\\/2015\\\/10\\\/09212015_cyclone1.jpg\",\"width\":800,\"height\":529,\"caption\":\"Ma Nge et son fils de 10 ans se tiennent devant les d\u00e9combres de leur maison dans un petit village de la r\u00e9gion de Ponnagyun, dans l'Etat de Rakhine. Le cyclone Komen avait fait tomber un arbre qui a d\u00e9truit leur maison. \u00a9 HCR \\\/ K.Rochanakorn\"},{\"@type\":\"BreadcrumbList\",\"@id\":\"https:\\\/\\\/www.unhcr.ca\\\/fr\\\/news\\\/plus-dun-mois-apres-le-cyclone-komen-des-survivants-demeurent-sans-abri-au-myanmar\\\/#breadcrumb\",\"itemListElement\":[{\"@type\":\"ListItem\",\"position\":1,\"name\":\"Home\",\"item\":\"https:\\\/\\\/www.unhcr.ca\\\/fr\\\/homepage2020\\\/\"},{\"@type\":\"ListItem\",\"position\":2,\"name\":\"Plus d&#8217;un mois apr\u00e8s le cyclone Komen, des survivants demeurent sans abri au Myanmar\"}]},{\"@type\":\"WebSite\",\"@id\":\"https:\\\/\\\/www.unhcr.ca\\\/#website\",\"url\":\"https:\\\/\\\/www.unhcr.ca\\\/\",\"name\":\"HCR Canada\",\"description\":\"L\u2019Agence des Nations Unies pour les r\u00e9fugi\u00e9s\",\"potentialAction\":[{\"@type\":\"SearchAction\",\"target\":{\"@type\":\"EntryPoint\",\"urlTemplate\":\"https:\\\/\\\/www.unhcr.ca\\\/?s={search_term_string}\"},\"query-input\":{\"@type\":\"PropertyValueSpecification\",\"valueRequired\":true,\"valueName\":\"search_term_string\"}}],\"inLanguage\":\"fr-FR\"},{\"@type\":\"Person\",\"@id\":\"https:\\\/\\\/www.unhcr.ca\\\/#\\\/schema\\\/person\\\/684c95618c348d2f70f79b2f92c51bb3\",\"name\":\"Elizabeth Mulhall\",\"image\":{\"@type\":\"ImageObject\",\"inLanguage\":\"fr-FR\",\"@id\":\"https:\\\/\\\/secure.gravatar.com\\\/avatar\\\/e709ad407d42ad8740046c09315255676bda51889f1a4409226de986187feb53?s=96&d=mm&r=g\",\"url\":\"https:\\\/\\\/secure.gravatar.com\\\/avatar\\\/e709ad407d42ad8740046c09315255676bda51889f1a4409226de986187feb53?s=96&d=mm&r=g\",\"contentUrl\":\"https:\\\/\\\/secure.gravatar.com\\\/avatar\\\/e709ad407d42ad8740046c09315255676bda51889f1a4409226de986187feb53?s=96&d=mm&r=g\",\"caption\":\"Elizabeth Mulhall\"},\"url\":\"https:\\\/\\\/www.unhcr.ca\\\/fr\\\/news\\\/author\\\/elizabethmulhall\\\/\"}]}<\/script>\n<!-- \/ Yoast SEO Premium plugin. -->","yoast_head_json":{"title":"Un mois apr\u00e8s Komen, des survivants demeurent sans abri","description":"Plus d\u2019un mois apr\u00e8s l\u2019effondrement de leur maison dans l\u2019Etat de Rakhine ouest du Myanmar, Nge Ma et son fils de 10 ans restent sans abri.","robots":{"index":"index","follow":"follow","max-snippet":"max-snippet:-1","max-image-preview":"max-image-preview:large","max-video-preview":"max-video-preview:-1"},"canonical":"https:\/\/www.unhcr.ca\/fr\/news\/plus-dun-mois-apres-le-cyclone-komen-des-survivants-demeurent-sans-abri-au-myanmar\/","og_locale":"fr_FR","og_type":"article","og_title":"Plus d'un mois apr\u00e8s le cyclone Komen, des survivants demeurent sans abri au Myanmar","og_description":"Plus d\u2019un mois apr\u00e8s l\u2019effondrement de leur maison dans l\u2019Etat de Rakhine ouest du Myanmar, Nge Ma et son fils de 10 ans restent sans abri.","og_url":"https:\/\/www.unhcr.ca\/fr\/news\/plus-dun-mois-apres-le-cyclone-komen-des-survivants-demeurent-sans-abri-au-myanmar\/","og_site_name":"HCR Canada","article_publisher":"https:\/\/www.facebook.com\/UNHCRCanada","article_published_time":"2015-09-21T20:26:01+00:00","article_modified_time":"2021-01-08T21:14:14+00:00","og_image":[{"width":800,"height":529,"url":"https:\/\/www.unhcr.ca\/wp-content\/uploads\/2015\/10\/09212015_cyclone1.jpg","type":"image\/jpeg"}],"author":"Elizabeth Mulhall","twitter_card":"summary_large_image","twitter_creator":"@UNHCRCanada","twitter_site":"@UNHCRCanada","twitter_misc":{"\u00c9crit par":"Elizabeth Mulhall","Dur\u00e9e de lecture estim\u00e9e":"5 minutes"},"schema":{"@context":"https:\/\/schema.org","@graph":[{"@type":"Article","@id":"https:\/\/www.unhcr.ca\/fr\/news\/plus-dun-mois-apres-le-cyclone-komen-des-survivants-demeurent-sans-abri-au-myanmar\/#article","isPartOf":{"@id":"https:\/\/www.unhcr.ca\/fr\/news\/plus-dun-mois-apres-le-cyclone-komen-des-survivants-demeurent-sans-abri-au-myanmar\/"},"author":{"name":"Elizabeth Mulhall","@id":"https:\/\/www.unhcr.ca\/#\/schema\/person\/684c95618c348d2f70f79b2f92c51bb3"},"headline":"Plus d&rsquo;un mois apr\u00e8s le cyclone Komen, des survivants demeurent sans abri au Myanmar","datePublished":"2015-09-21T20:26:01+00:00","dateModified":"2021-01-08T21:14:14+00:00","mainEntityOfPage":{"@id":"https:\/\/www.unhcr.ca\/fr\/news\/plus-dun-mois-apres-le-cyclone-komen-des-survivants-demeurent-sans-abri-au-myanmar\/"},"wordCount":1030,"image":{"@id":"https:\/\/www.unhcr.ca\/fr\/news\/plus-dun-mois-apres-le-cyclone-komen-des-survivants-demeurent-sans-abri-au-myanmar\/#primaryimage"},"thumbnailUrl":"https:\/\/www.unhcr.ca\/wp-content\/uploads\/2015\/10\/09212015_cyclone1.jpg","keywords":["Reb\u00e2tir des vies","Secours d'urgence"],"articleSection":["M\u00e9dias","Nouvelle"],"inLanguage":"fr-FR"},{"@type":"WebPage","@id":"https:\/\/www.unhcr.ca\/fr\/news\/plus-dun-mois-apres-le-cyclone-komen-des-survivants-demeurent-sans-abri-au-myanmar\/","url":"https:\/\/www.unhcr.ca\/fr\/news\/plus-dun-mois-apres-le-cyclone-komen-des-survivants-demeurent-sans-abri-au-myanmar\/","name":"Un mois apr\u00e8s Komen, des survivants demeurent sans abri","isPartOf":{"@id":"https:\/\/www.unhcr.ca\/#website"},"primaryImageOfPage":{"@id":"https:\/\/www.unhcr.ca\/fr\/news\/plus-dun-mois-apres-le-cyclone-komen-des-survivants-demeurent-sans-abri-au-myanmar\/#primaryimage"},"image":{"@id":"https:\/\/www.unhcr.ca\/fr\/news\/plus-dun-mois-apres-le-cyclone-komen-des-survivants-demeurent-sans-abri-au-myanmar\/#primaryimage"},"thumbnailUrl":"https:\/\/www.unhcr.ca\/wp-content\/uploads\/2015\/10\/09212015_cyclone1.jpg","datePublished":"2015-09-21T20:26:01+00:00","dateModified":"2021-01-08T21:14:14+00:00","author":{"@id":"https:\/\/www.unhcr.ca\/#\/schema\/person\/684c95618c348d2f70f79b2f92c51bb3"},"description":"Plus d\u2019un mois apr\u00e8s l\u2019effondrement de leur maison dans l\u2019Etat de Rakhine ouest du Myanmar, Nge Ma et son fils de 10 ans restent sans abri.","breadcrumb":{"@id":"https:\/\/www.unhcr.ca\/fr\/news\/plus-dun-mois-apres-le-cyclone-komen-des-survivants-demeurent-sans-abri-au-myanmar\/#breadcrumb"},"inLanguage":"fr-FR","potentialAction":[{"@type":"ReadAction","target":["https:\/\/www.unhcr.ca\/fr\/news\/plus-dun-mois-apres-le-cyclone-komen-des-survivants-demeurent-sans-abri-au-myanmar\/"]}]},{"@type":"ImageObject","inLanguage":"fr-FR","@id":"https:\/\/www.unhcr.ca\/fr\/news\/plus-dun-mois-apres-le-cyclone-komen-des-survivants-demeurent-sans-abri-au-myanmar\/#primaryimage","url":"https:\/\/www.unhcr.ca\/wp-content\/uploads\/2015\/10\/09212015_cyclone1.jpg","contentUrl":"https:\/\/www.unhcr.ca\/wp-content\/uploads\/2015\/10\/09212015_cyclone1.jpg","width":800,"height":529,"caption":"Ma Nge et son fils de 10 ans se tiennent devant les d\u00e9combres de leur maison dans un petit village de la r\u00e9gion de Ponnagyun, dans l'Etat de Rakhine. Le cyclone Komen avait fait tomber un arbre qui a d\u00e9truit leur maison. \u00a9 HCR \/ K.Rochanakorn"},{"@type":"BreadcrumbList","@id":"https:\/\/www.unhcr.ca\/fr\/news\/plus-dun-mois-apres-le-cyclone-komen-des-survivants-demeurent-sans-abri-au-myanmar\/#breadcrumb","itemListElement":[{"@type":"ListItem","position":1,"name":"Home","item":"https:\/\/www.unhcr.ca\/fr\/homepage2020\/"},{"@type":"ListItem","position":2,"name":"Plus d&#8217;un mois apr\u00e8s le cyclone Komen, des survivants demeurent sans abri au Myanmar"}]},{"@type":"WebSite","@id":"https:\/\/www.unhcr.ca\/#website","url":"https:\/\/www.unhcr.ca\/","name":"HCR Canada","description":"L\u2019Agence des Nations Unies pour les r\u00e9fugi\u00e9s","potentialAction":[{"@type":"SearchAction","target":{"@type":"EntryPoint","urlTemplate":"https:\/\/www.unhcr.ca\/?s={search_term_string}"},"query-input":{"@type":"PropertyValueSpecification","valueRequired":true,"valueName":"search_term_string"}}],"inLanguage":"fr-FR"},{"@type":"Person","@id":"https:\/\/www.unhcr.ca\/#\/schema\/person\/684c95618c348d2f70f79b2f92c51bb3","name":"Elizabeth Mulhall","image":{"@type":"ImageObject","inLanguage":"fr-FR","@id":"https:\/\/secure.gravatar.com\/avatar\/e709ad407d42ad8740046c09315255676bda51889f1a4409226de986187feb53?s=96&d=mm&r=g","url":"https:\/\/secure.gravatar.com\/avatar\/e709ad407d42ad8740046c09315255676bda51889f1a4409226de986187feb53?s=96&d=mm&r=g","contentUrl":"https:\/\/secure.gravatar.com\/avatar\/e709ad407d42ad8740046c09315255676bda51889f1a4409226de986187feb53?s=96&d=mm&r=g","caption":"Elizabeth Mulhall"},"url":"https:\/\/www.unhcr.ca\/fr\/news\/author\/elizabethmulhall\/"}]}},"_links":{"self":[{"href":"https:\/\/www.unhcr.ca\/fr\/wp-json\/wp\/v2\/posts\/4386","targetHints":{"allow":["GET"]}}],"collection":[{"href":"https:\/\/www.unhcr.ca\/fr\/wp-json\/wp\/v2\/posts"}],"about":[{"href":"https:\/\/www.unhcr.ca\/fr\/wp-json\/wp\/v2\/types\/post"}],"author":[{"embeddable":true,"href":"https:\/\/www.unhcr.ca\/fr\/wp-json\/wp\/v2\/users\/16"}],"replies":[{"embeddable":true,"href":"https:\/\/www.unhcr.ca\/fr\/wp-json\/wp\/v2\/comments?post=4386"}],"version-history":[{"count":0,"href":"https:\/\/www.unhcr.ca\/fr\/wp-json\/wp\/v2\/posts\/4386\/revisions"}],"wp:featuredmedia":[{"embeddable":true,"href":"https:\/\/www.unhcr.ca\/fr\/wp-json\/wp\/v2\/media\/4381"}],"wp:attachment":[{"href":"https:\/\/www.unhcr.ca\/fr\/wp-json\/wp\/v2\/media?parent=4386"}],"wp:term":[{"taxonomy":"category","embeddable":true,"href":"https:\/\/www.unhcr.ca\/fr\/wp-json\/wp\/v2\/categories?post=4386"},{"taxonomy":"post_tag","embeddable":true,"href":"https:\/\/www.unhcr.ca\/fr\/wp-json\/wp\/v2\/tags?post=4386"}],"curies":[{"name":"wp","href":"https:\/\/api.w.org\/{rel}","templated":true}]}}