{"id":34340,"date":"2019-01-11T14:56:04","date_gmt":"2019-01-11T19:56:04","guid":{"rendered":"https:\/\/www.unhcr.ca\/?p=34340\/"},"modified":"2020-11-13T16:42:53","modified_gmt":"2020-11-13T21:42:53","slug":"declaration-du-hcr-sur-la-reinstallation-par-le-canada-de-la-ressortissante-saoudienne-rahaf-mohammed-al-qunun","status":"publish","type":"post","link":"https:\/\/www.unhcr.ca\/fr\/news\/declaration-du-hcr-sur-la-reinstallation-par-le-canada-de-la-ressortissante-saoudienne-rahaf-mohammed-al-qunun\/","title":{"rendered":"D\u00e9claration du HCR sur la r\u00e9installation, par le Canada, de la ressortissante saoudienne Rahaf Mohammed Al-Qunun"},"content":{"rendered":"<p>Le HCR, l&rsquo;Agence des Nations Unies pour les r\u00e9fugi\u00e9s, se r\u00e9jouit de l&rsquo;arriv\u00e9e de Rahaf Mohammed al-Qunun au Canada et de la d\u00e9cision du gouvernement canadien de lui offrir la protection internationale et une solution \u00e0 long terme en tant que r\u00e9fugi\u00e9e r\u00e9install\u00e9e.<\/p>\n<p>Au cours de la semaine derni\u00e8re, les mesures rapidement prises par le gouvernement tha\u00eflandais pour fournir un refuge temporaire et faciliter la d\u00e9termination du statut de r\u00e9fugi\u00e9 par le HCR, ainsi que par le gouvernement du Canada pour offrir une r\u00e9installation d&rsquo;urgence \u00e0 Rahaf al-Qunun et organiser son voyage, ont \u00e9t\u00e9 essentielles \u00e0 la gestion de ce cas. Rahaf al-Qunun a quitt\u00e9 aujourd\u2019hui la Tha\u00eflande et elle est en route vers le Canada.<\/p>\n<p>\u00ab Le sort de Rahaf al-Qunun a attir\u00e9 l&rsquo;attention du monde entier ces derniers jours, et donne un aper\u00e7u de la situation pr\u00e9caire de millions de r\u00e9fugi\u00e9s \u00e0 travers le monde \u00bb, a d\u00e9clar\u00e9 le Haut Commissaire des Nations Unies pour les r\u00e9fugi\u00e9s Filippo Grandi. \u00ab Aujourd&rsquo;hui, la protection des r\u00e9fugi\u00e9s est souvent menac\u00e9e et ne peut pas toujours \u00eatre assur\u00e9e mais, dans ce cas pr\u00e9cis, le droit international des r\u00e9fugi\u00e9s et les valeurs d&rsquo;humanit\u00e9 l&rsquo;ont emport\u00e9. \u00bb<\/p>\n<p>\u00ab Le sort de Rahaf al-Qunun a attir\u00e9 l&rsquo;attention du monde entier ces derniers jours, et donne un aper\u00e7u de la situation pr\u00e9caire de millions de r\u00e9fugi\u00e9s \u00e0 travers le monde \u00bb, a d\u00e9clar\u00e9 le Haut Commissaire des Nations Unies pour les r\u00e9fugi\u00e9s Filippo Grandi. \u00ab Aujourd&rsquo;hui, la protection des r\u00e9fugi\u00e9s est souvent menac\u00e9e et ne peut pas toujours \u00eatre assur\u00e9e mais, dans ce cas pr\u00e9cis, le droit international des r\u00e9fugi\u00e9s et les valeurs primordiales de l&rsquo;humanit\u00e9 l&rsquo;ont emport\u00e9. \u00bb<\/p>\n<p>Le d\u00e9bat politique et l&rsquo;attitude du grand public \u00e0 l&rsquo;\u00e9gard des r\u00e9fugi\u00e9s s&rsquo;\u00e9tant durcis dans certains pays ces derni\u00e8res ann\u00e9es, la r\u00e9installation &#8211; le m\u00e9canisme gr\u00e2ce auquel Rahaf al-Qunun a \u00e9t\u00e9 accept\u00e9e par le Canada &#8211; n&rsquo;est accessible qu&rsquo;\u00e0 une fraction des 25,4 millions de r\u00e9fugi\u00e9s \u00e0 travers le monde, g\u00e9n\u00e9ralement les plus expos\u00e9s comme par exemple les femmes dont la vie est menac\u00e9e. Le cas de Rahaf al-Qunun a \u00e9t\u00e9 trait\u00e9 selon une proc\u00e9dure acc\u00e9l\u00e9r\u00e9e compte tenu de l&rsquo;urgence de sa situation.<\/p>\n<p>Le communiqu\u00e9 de presse est disponible ici<\/p>\n<p>Pour de plus amples informations, veuillez svp contacter : Gis\u00e8le NYEMBWE nyembwe@unhcr.org, +1 613 986 4300<\/p>\n","protected":false},"excerpt":{"rendered":"<p>Le HCR, l&rsquo;Agence des Nations Unies pour les r\u00e9fugi\u00e9s, se r\u00e9jouit de l&rsquo;arriv\u00e9e de Rahaf Mohammed al-Qunun au Canada.<\/p>\n","protected":false},"author":16,"featured_media":34345,"comment_status":"closed","ping_status":"closed","sticky":false,"template":"","format":"standard","meta":{"_acf_changed":false,"_et_pb_use_builder":"","_et_pb_old_content":"","_et_gb_content_width":"","inline_featured_image":false,"footnotes":""},"categories":[49,81,45],"tags":[497,194,200,56,83],"class_list":["post-34340","post","type-post","status-publish","format-standard","has-post-thumbnail","hentry","category-communiques-de-presse","category-news-stories-fr","category-nouvelle","tag-asylum-seekers-fr","tag-refugiee","tag-refugies","tag-reinstallation","tag-resettlement-fr"],"acf":[],"yoast_head":"<!-- This site is optimized with the Yoast SEO Premium plugin v28.3 (Yoast SEO v28.4) - https:\/\/yoast.com\/product\/yoast-seo-premium-wordpress\/ -->\n<title>D\u00e9claration du HCR sur la r\u00e9installation, par le Canada, de la ressortissante saoudienne Rahaf Mohammed Al-Qunun - HCR Canada<\/title>\n<meta name=\"description\" content=\"Le HCR, l&#039;Agence des Nations Unies pour les r\u00e9fugi\u00e9s, se r\u00e9jouit de l&#039;arriv\u00e9e de Rahaf Mohammed al-Qunun au Canada.\" \/>\n<meta name=\"robots\" content=\"index, follow, max-snippet:-1, max-image-preview:large, max-video-preview:-1\" \/>\n<link rel=\"canonical\" href=\"https:\/\/www.unhcr.ca\/fr\/news\/declaration-du-hcr-sur-la-reinstallation-par-le-canada-de-la-ressortissante-saoudienne-rahaf-mohammed-al-qunun\/\" \/>\n<meta property=\"og:locale\" content=\"fr_FR\" \/>\n<meta property=\"og:type\" content=\"article\" \/>\n<meta property=\"og:title\" content=\"D\u00e9claration du HCR sur la r\u00e9installation, par le Canada, de la ressortissante saoudienne Rahaf Mohammed Al-Qunun\" \/>\n<meta property=\"og:description\" content=\"Le HCR, l&#039;Agence des Nations Unies pour les r\u00e9fugi\u00e9s, se r\u00e9jouit de l&#039;arriv\u00e9e de Rahaf Mohammed al-Qunun au Canada.\" \/>\n<meta property=\"og:url\" content=\"https:\/\/www.unhcr.ca\/fr\/news\/declaration-du-hcr-sur-la-reinstallation-par-le-canada-de-la-ressortissante-saoudienne-rahaf-mohammed-al-qunun\/\" \/>\n<meta property=\"og:site_name\" content=\"HCR Canada\" \/>\n<meta property=\"article:publisher\" content=\"https:\/\/www.facebook.com\/UNHCRCanada\" \/>\n<meta property=\"article:published_time\" content=\"2019-01-11T19:56:04+00:00\" \/>\n<meta property=\"article:modified_time\" content=\"2020-11-13T21:42:53+00:00\" \/>\n<meta property=\"og:image\" content=\"https:\/\/www.unhcr.ca\/wp-content\/uploads\/2019\/01\/rahaf.jpg\" \/>\n\t<meta property=\"og:image:width\" content=\"944\" \/>\n\t<meta property=\"og:image:height\" content=\"630\" \/>\n\t<meta property=\"og:image:type\" content=\"image\/jpeg\" \/>\n<meta name=\"author\" content=\"Elizabeth Mulhall\" \/>\n<meta name=\"twitter:card\" content=\"summary_large_image\" \/>\n<meta name=\"twitter:creator\" content=\"@UNHCRCanada\" \/>\n<meta name=\"twitter:site\" content=\"@UNHCRCanada\" \/>\n<meta name=\"twitter:label1\" content=\"\u00c9crit par\" \/>\n\t<meta name=\"twitter:data1\" content=\"Elizabeth Mulhall\" \/>\n\t<meta name=\"twitter:label2\" content=\"Dur\u00e9e de lecture estim\u00e9e\" \/>\n\t<meta name=\"twitter:data2\" content=\"2 minutes\" \/>\n<script type=\"application\/ld+json\" class=\"yoast-schema-graph\">{\"@context\":\"https:\\\/\\\/schema.org\",\"@graph\":[{\"@type\":\"Article\",\"@id\":\"https:\\\/\\\/www.unhcr.ca\\\/fr\\\/news\\\/declaration-du-hcr-sur-la-reinstallation-par-le-canada-de-la-ressortissante-saoudienne-rahaf-mohammed-al-qunun\\\/#article\",\"isPartOf\":{\"@id\":\"https:\\\/\\\/www.unhcr.ca\\\/fr\\\/news\\\/declaration-du-hcr-sur-la-reinstallation-par-le-canada-de-la-ressortissante-saoudienne-rahaf-mohammed-al-qunun\\\/\"},\"author\":{\"name\":\"Elizabeth Mulhall\",\"@id\":\"https:\\\/\\\/www.unhcr.ca\\\/#\\\/schema\\\/person\\\/684c95618c348d2f70f79b2f92c51bb3\"},\"headline\":\"D\u00e9claration du HCR sur la r\u00e9installation, par le Canada, de la ressortissante saoudienne Rahaf Mohammed Al-Qunun\",\"datePublished\":\"2019-01-11T19:56:04+00:00\",\"dateModified\":\"2020-11-13T21:42:53+00:00\",\"mainEntityOfPage\":{\"@id\":\"https:\\\/\\\/www.unhcr.ca\\\/fr\\\/news\\\/declaration-du-hcr-sur-la-reinstallation-par-le-canada-de-la-ressortissante-saoudienne-rahaf-mohammed-al-qunun\\\/\"},\"wordCount\":459,\"image\":{\"@id\":\"https:\\\/\\\/www.unhcr.ca\\\/fr\\\/news\\\/declaration-du-hcr-sur-la-reinstallation-par-le-canada-de-la-ressortissante-saoudienne-rahaf-mohammed-al-qunun\\\/#primaryimage\"},\"thumbnailUrl\":\"https:\\\/\\\/www.unhcr.ca\\\/wp-content\\\/uploads\\\/2019\\\/01\\\/rahaf.jpg\",\"keywords\":[\"Asylum Seekers\",\"r\u00e9fugi\u00e9e\",\"r\u00e9fugi\u00e9s\",\"R\u00e9installation\",\"Resettlement\"],\"articleSection\":[\"Communiqu\u00e9s de presse\",\"M\u00e9dias\",\"Nouvelle\"],\"inLanguage\":\"fr-FR\"},{\"@type\":\"WebPage\",\"@id\":\"https:\\\/\\\/www.unhcr.ca\\\/fr\\\/news\\\/declaration-du-hcr-sur-la-reinstallation-par-le-canada-de-la-ressortissante-saoudienne-rahaf-mohammed-al-qunun\\\/\",\"url\":\"https:\\\/\\\/www.unhcr.ca\\\/fr\\\/news\\\/declaration-du-hcr-sur-la-reinstallation-par-le-canada-de-la-ressortissante-saoudienne-rahaf-mohammed-al-qunun\\\/\",\"name\":\"D\u00e9claration du HCR sur la r\u00e9installation, par le Canada, de la ressortissante saoudienne Rahaf Mohammed Al-Qunun - HCR Canada\",\"isPartOf\":{\"@id\":\"https:\\\/\\\/www.unhcr.ca\\\/#website\"},\"primaryImageOfPage\":{\"@id\":\"https:\\\/\\\/www.unhcr.ca\\\/fr\\\/news\\\/declaration-du-hcr-sur-la-reinstallation-par-le-canada-de-la-ressortissante-saoudienne-rahaf-mohammed-al-qunun\\\/#primaryimage\"},\"image\":{\"@id\":\"https:\\\/\\\/www.unhcr.ca\\\/fr\\\/news\\\/declaration-du-hcr-sur-la-reinstallation-par-le-canada-de-la-ressortissante-saoudienne-rahaf-mohammed-al-qunun\\\/#primaryimage\"},\"thumbnailUrl\":\"https:\\\/\\\/www.unhcr.ca\\\/wp-content\\\/uploads\\\/2019\\\/01\\\/rahaf.jpg\",\"datePublished\":\"2019-01-11T19:56:04+00:00\",\"dateModified\":\"2020-11-13T21:42:53+00:00\",\"author\":{\"@id\":\"https:\\\/\\\/www.unhcr.ca\\\/#\\\/schema\\\/person\\\/684c95618c348d2f70f79b2f92c51bb3\"},\"description\":\"Le HCR, l'Agence des Nations Unies pour les r\u00e9fugi\u00e9s, se r\u00e9jouit de l'arriv\u00e9e de Rahaf Mohammed al-Qunun au Canada.\",\"breadcrumb\":{\"@id\":\"https:\\\/\\\/www.unhcr.ca\\\/fr\\\/news\\\/declaration-du-hcr-sur-la-reinstallation-par-le-canada-de-la-ressortissante-saoudienne-rahaf-mohammed-al-qunun\\\/#breadcrumb\"},\"inLanguage\":\"fr-FR\",\"potentialAction\":[{\"@type\":\"ReadAction\",\"target\":[\"https:\\\/\\\/www.unhcr.ca\\\/fr\\\/news\\\/declaration-du-hcr-sur-la-reinstallation-par-le-canada-de-la-ressortissante-saoudienne-rahaf-mohammed-al-qunun\\\/\"]}]},{\"@type\":\"ImageObject\",\"inLanguage\":\"fr-FR\",\"@id\":\"https:\\\/\\\/www.unhcr.ca\\\/fr\\\/news\\\/declaration-du-hcr-sur-la-reinstallation-par-le-canada-de-la-ressortissante-saoudienne-rahaf-mohammed-al-qunun\\\/#primaryimage\",\"url\":\"https:\\\/\\\/www.unhcr.ca\\\/wp-content\\\/uploads\\\/2019\\\/01\\\/rahaf.jpg\",\"contentUrl\":\"https:\\\/\\\/www.unhcr.ca\\\/wp-content\\\/uploads\\\/2019\\\/01\\\/rahaf.jpg\",\"width\":944,\"height\":630},{\"@type\":\"BreadcrumbList\",\"@id\":\"https:\\\/\\\/www.unhcr.ca\\\/fr\\\/news\\\/declaration-du-hcr-sur-la-reinstallation-par-le-canada-de-la-ressortissante-saoudienne-rahaf-mohammed-al-qunun\\\/#breadcrumb\",\"itemListElement\":[{\"@type\":\"ListItem\",\"position\":1,\"name\":\"Home\",\"item\":\"https:\\\/\\\/www.unhcr.ca\\\/fr\\\/\"},{\"@type\":\"ListItem\",\"position\":2,\"name\":\"D\u00e9claration du HCR sur la r\u00e9installation, par le Canada, de la ressortissante saoudienne Rahaf Mohammed Al-Qunun\"}]},{\"@type\":\"WebSite\",\"@id\":\"https:\\\/\\\/www.unhcr.ca\\\/#website\",\"url\":\"https:\\\/\\\/www.unhcr.ca\\\/\",\"name\":\"HCR Canada\",\"description\":\"L\u2019Agence des Nations Unies pour les r\u00e9fugi\u00e9s\",\"potentialAction\":[{\"@type\":\"SearchAction\",\"target\":{\"@type\":\"EntryPoint\",\"urlTemplate\":\"https:\\\/\\\/www.unhcr.ca\\\/?s={search_term_string}\"},\"query-input\":{\"@type\":\"PropertyValueSpecification\",\"valueRequired\":true,\"valueName\":\"search_term_string\"}}],\"inLanguage\":\"fr-FR\"},{\"@type\":\"Person\",\"@id\":\"https:\\\/\\\/www.unhcr.ca\\\/#\\\/schema\\\/person\\\/684c95618c348d2f70f79b2f92c51bb3\",\"name\":\"Elizabeth Mulhall\",\"image\":{\"@type\":\"ImageObject\",\"inLanguage\":\"fr-FR\",\"@id\":\"https:\\\/\\\/secure.gravatar.com\\\/avatar\\\/e709ad407d42ad8740046c09315255676bda51889f1a4409226de986187feb53?s=96&d=mm&r=g\",\"url\":\"https:\\\/\\\/secure.gravatar.com\\\/avatar\\\/e709ad407d42ad8740046c09315255676bda51889f1a4409226de986187feb53?s=96&d=mm&r=g\",\"contentUrl\":\"https:\\\/\\\/secure.gravatar.com\\\/avatar\\\/e709ad407d42ad8740046c09315255676bda51889f1a4409226de986187feb53?s=96&d=mm&r=g\",\"caption\":\"Elizabeth Mulhall\"},\"url\":\"https:\\\/\\\/www.unhcr.ca\\\/fr\\\/news\\\/author\\\/elizabethmulhall\\\/\"}]}<\/script>\n<!-- \/ Yoast SEO Premium plugin. -->","yoast_head_json":{"title":"D\u00e9claration du HCR sur la r\u00e9installation, par le Canada, de la ressortissante saoudienne Rahaf Mohammed Al-Qunun - HCR Canada","description":"Le HCR, l'Agence des Nations Unies pour les r\u00e9fugi\u00e9s, se r\u00e9jouit de l'arriv\u00e9e de Rahaf Mohammed al-Qunun au Canada.","robots":{"index":"index","follow":"follow","max-snippet":"max-snippet:-1","max-image-preview":"max-image-preview:large","max-video-preview":"max-video-preview:-1"},"canonical":"https:\/\/www.unhcr.ca\/fr\/news\/declaration-du-hcr-sur-la-reinstallation-par-le-canada-de-la-ressortissante-saoudienne-rahaf-mohammed-al-qunun\/","og_locale":"fr_FR","og_type":"article","og_title":"D\u00e9claration du HCR sur la r\u00e9installation, par le Canada, de la ressortissante saoudienne Rahaf Mohammed Al-Qunun","og_description":"Le HCR, l'Agence des Nations Unies pour les r\u00e9fugi\u00e9s, se r\u00e9jouit de l'arriv\u00e9e de Rahaf Mohammed al-Qunun au Canada.","og_url":"https:\/\/www.unhcr.ca\/fr\/news\/declaration-du-hcr-sur-la-reinstallation-par-le-canada-de-la-ressortissante-saoudienne-rahaf-mohammed-al-qunun\/","og_site_name":"HCR Canada","article_publisher":"https:\/\/www.facebook.com\/UNHCRCanada","article_published_time":"2019-01-11T19:56:04+00:00","article_modified_time":"2020-11-13T21:42:53+00:00","og_image":[{"width":944,"height":630,"url":"https:\/\/www.unhcr.ca\/wp-content\/uploads\/2019\/01\/rahaf.jpg","type":"image\/jpeg"}],"author":"Elizabeth Mulhall","twitter_card":"summary_large_image","twitter_creator":"@UNHCRCanada","twitter_site":"@UNHCRCanada","twitter_misc":{"\u00c9crit par":"Elizabeth Mulhall","Dur\u00e9e de lecture estim\u00e9e":"2 minutes"},"schema":{"@context":"https:\/\/schema.org","@graph":[{"@type":"Article","@id":"https:\/\/www.unhcr.ca\/fr\/news\/declaration-du-hcr-sur-la-reinstallation-par-le-canada-de-la-ressortissante-saoudienne-rahaf-mohammed-al-qunun\/#article","isPartOf":{"@id":"https:\/\/www.unhcr.ca\/fr\/news\/declaration-du-hcr-sur-la-reinstallation-par-le-canada-de-la-ressortissante-saoudienne-rahaf-mohammed-al-qunun\/"},"author":{"name":"Elizabeth Mulhall","@id":"https:\/\/www.unhcr.ca\/#\/schema\/person\/684c95618c348d2f70f79b2f92c51bb3"},"headline":"D\u00e9claration du HCR sur la r\u00e9installation, par le Canada, de la ressortissante saoudienne Rahaf Mohammed Al-Qunun","datePublished":"2019-01-11T19:56:04+00:00","dateModified":"2020-11-13T21:42:53+00:00","mainEntityOfPage":{"@id":"https:\/\/www.unhcr.ca\/fr\/news\/declaration-du-hcr-sur-la-reinstallation-par-le-canada-de-la-ressortissante-saoudienne-rahaf-mohammed-al-qunun\/"},"wordCount":459,"image":{"@id":"https:\/\/www.unhcr.ca\/fr\/news\/declaration-du-hcr-sur-la-reinstallation-par-le-canada-de-la-ressortissante-saoudienne-rahaf-mohammed-al-qunun\/#primaryimage"},"thumbnailUrl":"https:\/\/www.unhcr.ca\/wp-content\/uploads\/2019\/01\/rahaf.jpg","keywords":["Asylum Seekers","r\u00e9fugi\u00e9e","r\u00e9fugi\u00e9s","R\u00e9installation","Resettlement"],"articleSection":["Communiqu\u00e9s de presse","M\u00e9dias","Nouvelle"],"inLanguage":"fr-FR"},{"@type":"WebPage","@id":"https:\/\/www.unhcr.ca\/fr\/news\/declaration-du-hcr-sur-la-reinstallation-par-le-canada-de-la-ressortissante-saoudienne-rahaf-mohammed-al-qunun\/","url":"https:\/\/www.unhcr.ca\/fr\/news\/declaration-du-hcr-sur-la-reinstallation-par-le-canada-de-la-ressortissante-saoudienne-rahaf-mohammed-al-qunun\/","name":"D\u00e9claration du HCR sur la r\u00e9installation, par le Canada, de la ressortissante saoudienne Rahaf Mohammed Al-Qunun - HCR Canada","isPartOf":{"@id":"https:\/\/www.unhcr.ca\/#website"},"primaryImageOfPage":{"@id":"https:\/\/www.unhcr.ca\/fr\/news\/declaration-du-hcr-sur-la-reinstallation-par-le-canada-de-la-ressortissante-saoudienne-rahaf-mohammed-al-qunun\/#primaryimage"},"image":{"@id":"https:\/\/www.unhcr.ca\/fr\/news\/declaration-du-hcr-sur-la-reinstallation-par-le-canada-de-la-ressortissante-saoudienne-rahaf-mohammed-al-qunun\/#primaryimage"},"thumbnailUrl":"https:\/\/www.unhcr.ca\/wp-content\/uploads\/2019\/01\/rahaf.jpg","datePublished":"2019-01-11T19:56:04+00:00","dateModified":"2020-11-13T21:42:53+00:00","author":{"@id":"https:\/\/www.unhcr.ca\/#\/schema\/person\/684c95618c348d2f70f79b2f92c51bb3"},"description":"Le HCR, l'Agence des Nations Unies pour les r\u00e9fugi\u00e9s, se r\u00e9jouit de l'arriv\u00e9e de Rahaf Mohammed al-Qunun au Canada.","breadcrumb":{"@id":"https:\/\/www.unhcr.ca\/fr\/news\/declaration-du-hcr-sur-la-reinstallation-par-le-canada-de-la-ressortissante-saoudienne-rahaf-mohammed-al-qunun\/#breadcrumb"},"inLanguage":"fr-FR","potentialAction":[{"@type":"ReadAction","target":["https:\/\/www.unhcr.ca\/fr\/news\/declaration-du-hcr-sur-la-reinstallation-par-le-canada-de-la-ressortissante-saoudienne-rahaf-mohammed-al-qunun\/"]}]},{"@type":"ImageObject","inLanguage":"fr-FR","@id":"https:\/\/www.unhcr.ca\/fr\/news\/declaration-du-hcr-sur-la-reinstallation-par-le-canada-de-la-ressortissante-saoudienne-rahaf-mohammed-al-qunun\/#primaryimage","url":"https:\/\/www.unhcr.ca\/wp-content\/uploads\/2019\/01\/rahaf.jpg","contentUrl":"https:\/\/www.unhcr.ca\/wp-content\/uploads\/2019\/01\/rahaf.jpg","width":944,"height":630},{"@type":"BreadcrumbList","@id":"https:\/\/www.unhcr.ca\/fr\/news\/declaration-du-hcr-sur-la-reinstallation-par-le-canada-de-la-ressortissante-saoudienne-rahaf-mohammed-al-qunun\/#breadcrumb","itemListElement":[{"@type":"ListItem","position":1,"name":"Home","item":"https:\/\/www.unhcr.ca\/fr\/"},{"@type":"ListItem","position":2,"name":"D\u00e9claration du HCR sur la r\u00e9installation, par le Canada, de la ressortissante saoudienne Rahaf Mohammed Al-Qunun"}]},{"@type":"WebSite","@id":"https:\/\/www.unhcr.ca\/#website","url":"https:\/\/www.unhcr.ca\/","name":"HCR Canada","description":"L\u2019Agence des Nations Unies pour les r\u00e9fugi\u00e9s","potentialAction":[{"@type":"SearchAction","target":{"@type":"EntryPoint","urlTemplate":"https:\/\/www.unhcr.ca\/?s={search_term_string}"},"query-input":{"@type":"PropertyValueSpecification","valueRequired":true,"valueName":"search_term_string"}}],"inLanguage":"fr-FR"},{"@type":"Person","@id":"https:\/\/www.unhcr.ca\/#\/schema\/person\/684c95618c348d2f70f79b2f92c51bb3","name":"Elizabeth Mulhall","image":{"@type":"ImageObject","inLanguage":"fr-FR","@id":"https:\/\/secure.gravatar.com\/avatar\/e709ad407d42ad8740046c09315255676bda51889f1a4409226de986187feb53?s=96&d=mm&r=g","url":"https:\/\/secure.gravatar.com\/avatar\/e709ad407d42ad8740046c09315255676bda51889f1a4409226de986187feb53?s=96&d=mm&r=g","contentUrl":"https:\/\/secure.gravatar.com\/avatar\/e709ad407d42ad8740046c09315255676bda51889f1a4409226de986187feb53?s=96&d=mm&r=g","caption":"Elizabeth Mulhall"},"url":"https:\/\/www.unhcr.ca\/fr\/news\/author\/elizabethmulhall\/"}]}},"_links":{"self":[{"href":"https:\/\/www.unhcr.ca\/fr\/wp-json\/wp\/v2\/posts\/34340","targetHints":{"allow":["GET"]}}],"collection":[{"href":"https:\/\/www.unhcr.ca\/fr\/wp-json\/wp\/v2\/posts"}],"about":[{"href":"https:\/\/www.unhcr.ca\/fr\/wp-json\/wp\/v2\/types\/post"}],"author":[{"embeddable":true,"href":"https:\/\/www.unhcr.ca\/fr\/wp-json\/wp\/v2\/users\/16"}],"replies":[{"embeddable":true,"href":"https:\/\/www.unhcr.ca\/fr\/wp-json\/wp\/v2\/comments?post=34340"}],"version-history":[{"count":0,"href":"https:\/\/www.unhcr.ca\/fr\/wp-json\/wp\/v2\/posts\/34340\/revisions"}],"wp:featuredmedia":[{"embeddable":true,"href":"https:\/\/www.unhcr.ca\/fr\/wp-json\/wp\/v2\/media\/34345"}],"wp:attachment":[{"href":"https:\/\/www.unhcr.ca\/fr\/wp-json\/wp\/v2\/media?parent=34340"}],"wp:term":[{"taxonomy":"category","embeddable":true,"href":"https:\/\/www.unhcr.ca\/fr\/wp-json\/wp\/v2\/categories?post=34340"},{"taxonomy":"post_tag","embeddable":true,"href":"https:\/\/www.unhcr.ca\/fr\/wp-json\/wp\/v2\/tags?post=34340"}],"curies":[{"name":"wp","href":"https:\/\/api.w.org\/{rel}","templated":true}]}}