{"id":33601,"date":"2018-09-15T16:09:37","date_gmt":"2018-09-15T20:09:37","guid":{"rendered":"https:\/\/www.unhcr.ca\/?p=33601\/"},"modified":"2021-01-07T20:30:17","modified_gmt":"2021-01-08T01:30:17","slug":"militant-consacre-vie-a-la-cause-des-refugies","status":"publish","type":"post","link":"https:\/\/www.unhcr.ca\/fr\/news\/militant-consacre-vie-a-la-cause-des-refugies\/","title":{"rendered":"Harry Leslie Smith, un militant de 95 ans, a consacr\u00e9 sa vie \u00e0 la cause des r\u00e9fugi\u00e9s"},"content":{"rendered":"<div id=\"attachment_33592\" style=\"width: 991px\" class=\"wp-caption alignnone\"><img decoding=\"async\" aria-describedby=\"caption-attachment-33592\" class=\"size-medium wp-image-33592\" src=\"https:\/\/www.unhcr.ca\/wp-content\/uploads\/2018\/12\/20180718-DSC_0355-981x654.jpg\" alt=\"\" width=\"981\" height=\"654\" srcset=\"https:\/\/www.unhcr.ca\/wp-content\/uploads\/2018\/12\/20180718-DSC_0355-981x654.jpg 981w, https:\/\/www.unhcr.ca\/wp-content\/uploads\/2018\/12\/20180718-DSC_0355-768x512.jpg 768w, https:\/\/www.unhcr.ca\/wp-content\/uploads\/2018\/12\/20180718-DSC_0355-1405x937.jpg 1405w, https:\/\/www.unhcr.ca\/wp-content\/uploads\/2018\/12\/20180718-DSC_0355-1080x720.jpg 1080w\" sizes=\"(max-width: 981px) 100vw, 981px\" \/><p id=\"caption-attachment-33592\" class=\"wp-caption-text\">Harry Leslie Smith, rebelle de 95 ans pour la cause des r\u00e9fugi\u00e9s, \u00e0 Sojourn House en Juillet 2018. \u00a9 UNHCR Canada<\/p><\/div>\n<h2 class=\"Default\"><b>Inspir\u00e9 par son pass\u00e9, un militant \u00e2g\u00e9 de 95 ans embarque dans un tour du globe pour souligner la cause des r\u00e9fugi\u00e9s<\/b><\/h2>\n<p><strong>Harry Leslie Smith <\/strong>pourrait bien \u00eatre le militant le plus \u00e2g\u00e9 du Canada. A 95 ans, plut\u00f4t que de se retirer gentiment dans la nuit, <a href=\"https:\/\/twitter.com\/Harryslaststand\">il s\u2019active avec acharnement sur son compte Twitter pour faire part \u00e0 plus de 200,000 abonn\u00e9(e)s de sa vision du monde<\/a>. Parmi ses pr\u00e9occupations : les droits humains, le Brexit, la couverture m\u00e9dicale universelle, l\u2019Histoire qui se r\u00e9p\u00e8te, et la d\u00e9tresse des r\u00e9fugi\u00e9s.<\/p>\n<p>Le fait que des millions de gens \u00e0 travers le monde fuient la guerre, la violence et la pers\u00e9cution met Harry en col\u00e8re. \u00ab On ne devrait exclure personne, quelle que soit sa nationalit\u00e9, sa couleur ou sa race \u00bb, dit-il. \u00ab L\u2019humanit\u00e9 est la cl\u00e9 de la paix \u00bb.<\/p>\n<p>Harry parle avec son coeur, mais aussi par exp\u00e9rience. En 1945, lorsqu\u2019il \u00e9tait jeune soldat dans la Royal Air Force, il fut t\u00e9moin d\u2019un flux de 100,000 r\u00e9fugi\u00e9s \u00e9maci\u00e9s et d\u00e9sesp\u00e9r\u00e9s quittant l\u2019Allemagne.<\/p>\n<blockquote><p>\u00ab L\u2019humanit\u00e9 est la cl\u00e9 de la paix \u00bb<\/p><\/blockquote>\n<p>\u00ab Nous nous arr\u00eations et leur donnions tout ce qu\u2019on avait comme surplus de nourriture dans nos camions \u00bb, dit-il avec l\u2019\u00e9motion qui \u00e9touffe sa voix. \u00ab Nous leur montrions qu\u2019ils \u00e9taient en s\u00e9curit\u00e9 et que personne ne leur ferait du mal. Je pense que, pour la premi\u00e8re fois, j\u2019ai vu une lueur d\u2019espoir sur leurs visages. \u00bb<\/p>\n<p>Cette exp\u00e9rience-l\u00e0, conjugu\u00e9e \u00e0 une enfance mis\u00e9reuse pass\u00e9e au Yorkshire, Angleterre, o\u00f9 sa soeur est morte de la tuberculose parce que la famille n\u2019avait pas les moyens de payer un docteur, a contribu\u00e9 \u00e0 le transformer sur le tard en un guerrier pour la justice sociale.<\/p>\n<p>Ce fut la crise financi\u00e8re de 2008 qui l\u2019a propuls\u00e9 dans <a href=\"https:\/\/iconbooks.com\/tag\/harry-leslie-smith\/\">l\u2019\u00e9criture \u2013 son dernier ouvrage est <em>Don\u2019t Let My Past Be Your Future<\/em>, publi\u00e9 en 2017<\/a>. Il \u00e9crit des tribunes libres pour des journaux tels que l\u2019<em>Independant<\/em>, en Grande Bretagne. Il s\u2019engage dans des prises de parole, cr\u00e9e une baladodiffusion, pour mettre en lumi\u00e8re l\u2019injustice et traiter du climat politique actuel et futur.<\/p>\n<div id=\"attachment_33598\" style=\"width: 991px\" class=\"wp-caption alignnone\"><img decoding=\"async\" aria-describedby=\"caption-attachment-33598\" class=\"size-medium wp-image-33598\" src=\"https:\/\/www.unhcr.ca\/wp-content\/uploads\/2018\/12\/20180718-DSC_0483-981x654.jpg\" alt=\"\" width=\"981\" height=\"654\" srcset=\"https:\/\/www.unhcr.ca\/wp-content\/uploads\/2018\/12\/20180718-DSC_0483-981x654.jpg 981w, https:\/\/www.unhcr.ca\/wp-content\/uploads\/2018\/12\/20180718-DSC_0483-768x512.jpg 768w, https:\/\/www.unhcr.ca\/wp-content\/uploads\/2018\/12\/20180718-DSC_0483-1405x937.jpg 1405w, https:\/\/www.unhcr.ca\/wp-content\/uploads\/2018\/12\/20180718-DSC_0483-1080x720.jpg 1080w\" sizes=\"(max-width: 981px) 100vw, 981px\" \/><p id=\"caption-attachment-33598\" class=\"wp-caption-text\">\u00a9 UNHCR Canada<\/p><\/div>\n<p>L\u2019ann\u00e9e derni\u00e8re, gr\u00e2ce \u00e0 une page de financement participatif GoFundMe, Harry s\u2019est lanc\u00e9 dans une tourn\u00e9e, \u00ab Harry\u2019s Last Stand \u00bb (La derni\u00e8re prise de position de Harry), le menant \u00e0 un maximum de \u00ab points chauds \u00bb afin de lancer un cri de ralliement en faveur de la crise mondiale des r\u00e9fugi\u00e9s.<\/p>\n<p>Il a rencontr\u00e9 le secr\u00e9taire principal du Premier Ministre Justin Trudeau, Gerald Butts. Il s\u2019est rendu \u00e0 des points de passages irr\u00e9guliers \u00e0 la fronti\u00e8re entre le Qu\u00e9bec et New York. Cet \u00e9t\u00e9, il a rencontr\u00e9 des r\u00e9fugi\u00e9s et des officiels de la ville de Toronto.<\/p>\n<p>En 2017, il s\u2019est rendu \u00e0 <a href=\"https:\/\/www.unhcr.org\/fr\/news\/stories\/2016\/9\/57ea8883a\/calais-enfants-accompagnes-retrouvent-enfance.html\">Calais, en France<\/a>, sur le site tristement c\u00e9l\u00e8bre d\u2019un camp de fortune pour des demandeurs d\u2019asile qui esp\u00e8rent pouvoir passer en Grande Bretagne. Ce camp a \u00e9t\u00e9 ferm\u00e9 par les autorit\u00e9s fran\u00e7aises mais continue d\u2019exister, avec des personnes qui campent souvent dans des conditions sordides et dangereuses.<\/p>\n<p>\u00ab Calais fut effrayant \u00bb, se rappelle Harry. \u00ab Je n\u2019arrivais pas \u00e0 le croire quand j\u2019ai mis les pieds dans ce camp. \u00c7a m\u2019a rappel\u00e9 lorsque mon unit\u00e9 est arriv\u00e9e \u00e0 Hambourg, en Allemagne\u2026 J\u2019\u00e9tais tellement d\u00e9sol\u00e9 de voir ce petit gar\u00e7on s\u2019approcher de moi. Il avait 10 ans. Il \u00e9tait seul \u00e0 Calais. Il avait perdu ses parents. Comment pouvons-nous permettre cela ? \u00bb<\/p>\n<blockquote><p>Lorsqu\u2019on lui demande ce que les Canadiens peuvent faire pour promouvoir la tol\u00e9rance et l\u2019acceptation, son message est clair : \u00ab Arr\u00eatez cette rh\u00e9torique qui dit que les r\u00e9fugi\u00e9s veulent nous prendre nos emplois. Cela n\u2019a jamais \u00e9t\u00e9 prouv\u00e9. \u00bb<\/p><\/blockquote>\n<p>Il a davantage d\u2019espoir pour l\u2019avenir des r\u00e9fugi\u00e9s qui arrivent au Canada, pr\u00e9cisant que le Canada est un pays plus jeune, d\u00e9pourvu du bagage politique et religieux du vieux monde.<\/p>\n<p>\u00ab [Les r\u00e9fugi\u00e9s] ont une bien meilleure chance de survivre dans ce pays \u00bb, croit-il. \u00ab Il y a une appr\u00e9hension au d\u00e9but mais nous devons reconna\u00eetre leur d\u00e9sir de vivre avec et parmi nous. \u00bb<\/p>\n<p>Harry est conscient des campagnes de peur et de la rh\u00e9torique qui peut entraver l\u2019acceptation des nouveaux-arriv\u00e9s au Canada. Lorsqu\u2019on lui demande ce que les Canadiens peuvent faire pour promouvoir la tol\u00e9rance et l\u2019acceptation, son message est clair : \u00ab Arr\u00eatez cette rh\u00e9torique qui dit que les r\u00e9fugi\u00e9s veulent nous prendre nos emplois. Cela n\u2019a jamais \u00e9t\u00e9 prouv\u00e9. \u00bb<\/p>\n<p>Il est aussi parfaitement clair sur la n\u00e9cessit\u00e9 d\u2019apprendre du pass\u00e9, exhortant chacun \u00e0 convaincre les dirigeants politiques que nous n\u2019allons pas aller en guerre. \u00ab Nous devons vivre ensemble \u00bb, dit-il avec empathie. \u00ab C\u2019est notre seul espoir de survie. \u00bb<\/p>\n<p>Par Fiona Irvine-Goulet<\/p>\n<p><strong>NOTE DU R\u00c9DACTEUR:<\/strong> Harry Leslie Smith s&rsquo;est \u00e9teint le 28 Novembre 2018, \u00e0 l&rsquo;\u00e2ge de 95 ans,\u00a0dans un h\u00f4pital de Belleville en Ontario. Il laisse dans le deuil ses fils John et Michael ainsi que ses deux petits enfants.<\/p>\n","protected":false},"excerpt":{"rendered":"<p>Harry Leslie Smith, un militant de 95 ans, le plus ancien rebelle du Canada, entame une tourn\u00e9e mondiale pour mettre en avant la cause des r\u00e9fugi\u00e9s. <\/p>\n","protected":false},"author":36,"featured_media":33592,"comment_status":"closed","ping_status":"closed","sticky":false,"template":"","format":"standard","meta":{"_acf_changed":false,"_et_pb_use_builder":"","_et_pb_old_content":"","_et_gb_content_width":"","inline_featured_image":false,"footnotes":""},"categories":[495,81,45],"tags":[82,90,194,200,259],"class_list":["post-33601","post","type-post","status-publish","format-standard","has-post-thumbnail","hentry","category-feature-story-fr","category-news-stories-fr","category-nouvelle","tag-canada-fr","tag-hcr","tag-refugiee","tag-refugies","tag-unhcr-fr"],"acf":[],"yoast_head":"<!-- This site is optimized with the Yoast SEO Premium plugin v28.3 (Yoast SEO v28.3) - https:\/\/yoast.com\/product\/yoast-seo-premium-wordpress\/ -->\n<title>Harry Leslie Smith a consacr\u00e9 sa vie \u00e0 la cause des r\u00e9fugi\u00e9s<\/title>\n<meta name=\"description\" content=\"Harry Leslie Smith, un militant de 95 ans, le plus ancien rebelle du Canada, entame une tourn\u00e9e mondiale pour mettre en avant la cause des r\u00e9fugi\u00e9s.\" \/>\n<meta name=\"robots\" content=\"index, follow, max-snippet:-1, max-image-preview:large, max-video-preview:-1\" \/>\n<link rel=\"canonical\" href=\"https:\/\/www.unhcr.ca\/fr\/news\/militant-consacre-vie-a-la-cause-des-refugies\/\" \/>\n<meta property=\"og:locale\" content=\"fr_FR\" \/>\n<meta property=\"og:type\" content=\"article\" \/>\n<meta property=\"og:title\" content=\"Harry Leslie Smith, un militant de 95 ans, a consacr\u00e9 sa vie \u00e0 la cause des r\u00e9fugi\u00e9s\" \/>\n<meta property=\"og:description\" content=\"Harry Leslie Smith, un militant de 95 ans, le plus ancien rebelle du Canada, entame une tourn\u00e9e mondiale pour mettre en avant la cause des r\u00e9fugi\u00e9s.\" \/>\n<meta property=\"og:url\" content=\"https:\/\/www.unhcr.ca\/fr\/news\/militant-consacre-vie-a-la-cause-des-refugies\/\" \/>\n<meta property=\"og:site_name\" content=\"HCR Canada\" \/>\n<meta property=\"article:publisher\" content=\"https:\/\/www.facebook.com\/UNHCRCanada\" \/>\n<meta property=\"article:published_time\" content=\"2018-09-15T20:09:37+00:00\" \/>\n<meta property=\"article:modified_time\" content=\"2021-01-08T01:30:17+00:00\" \/>\n<meta property=\"og:image\" content=\"https:\/\/www.unhcr.ca\/wp-content\/uploads\/2018\/12\/20180718-DSC_0355-1405x937.jpg\" \/>\n\t<meta property=\"og:image:width\" content=\"1405\" \/>\n\t<meta property=\"og:image:height\" content=\"937\" \/>\n\t<meta property=\"og:image:type\" content=\"image\/jpeg\" \/>\n<meta name=\"author\" content=\"Jack Nolos\" \/>\n<meta name=\"twitter:card\" content=\"summary_large_image\" \/>\n<meta name=\"twitter:creator\" content=\"@UNHCRCanada\" \/>\n<meta name=\"twitter:site\" content=\"@UNHCRCanada\" \/>\n<meta name=\"twitter:label1\" content=\"\u00c9crit par\" \/>\n\t<meta name=\"twitter:data1\" content=\"Jack Nolos\" \/>\n\t<meta name=\"twitter:label2\" content=\"Dur\u00e9e de lecture estim\u00e9e\" \/>\n\t<meta name=\"twitter:data2\" content=\"5 minutes\" \/>\n<script type=\"application\/ld+json\" class=\"yoast-schema-graph\">{\"@context\":\"https:\\\/\\\/schema.org\",\"@graph\":[{\"@type\":\"Article\",\"@id\":\"https:\\\/\\\/www.unhcr.ca\\\/fr\\\/news\\\/militant-consacre-vie-a-la-cause-des-refugies\\\/#article\",\"isPartOf\":{\"@id\":\"https:\\\/\\\/www.unhcr.ca\\\/fr\\\/news\\\/militant-consacre-vie-a-la-cause-des-refugies\\\/\"},\"author\":{\"name\":\"Jack Nolos\",\"@id\":\"https:\\\/\\\/www.unhcr.ca\\\/#\\\/schema\\\/person\\\/f4976eb360cbe05ea538bc4b08d3b29e\"},\"headline\":\"Harry Leslie Smith, un militant de 95 ans, a consacr\u00e9 sa vie \u00e0 la cause des r\u00e9fugi\u00e9s\",\"datePublished\":\"2018-09-15T20:09:37+00:00\",\"dateModified\":\"2021-01-08T01:30:17+00:00\",\"mainEntityOfPage\":{\"@id\":\"https:\\\/\\\/www.unhcr.ca\\\/fr\\\/news\\\/militant-consacre-vie-a-la-cause-des-refugies\\\/\"},\"wordCount\":933,\"image\":{\"@id\":\"https:\\\/\\\/www.unhcr.ca\\\/fr\\\/news\\\/militant-consacre-vie-a-la-cause-des-refugies\\\/#primaryimage\"},\"thumbnailUrl\":\"https:\\\/\\\/www.unhcr.ca\\\/wp-content\\\/uploads\\\/2018\\\/12\\\/20180718-DSC_0355.jpg\",\"keywords\":[\"Canada\",\"HCR\",\"r\u00e9fugi\u00e9e\",\"r\u00e9fugi\u00e9s\",\"unhcr\"],\"articleSection\":[\"\u00c0 la Une\",\"M\u00e9dias\",\"Nouvelle\"],\"inLanguage\":\"fr-FR\"},{\"@type\":\"WebPage\",\"@id\":\"https:\\\/\\\/www.unhcr.ca\\\/fr\\\/news\\\/militant-consacre-vie-a-la-cause-des-refugies\\\/\",\"url\":\"https:\\\/\\\/www.unhcr.ca\\\/fr\\\/news\\\/militant-consacre-vie-a-la-cause-des-refugies\\\/\",\"name\":\"Harry Leslie Smith a consacr\u00e9 sa vie \u00e0 la cause des r\u00e9fugi\u00e9s\",\"isPartOf\":{\"@id\":\"https:\\\/\\\/www.unhcr.ca\\\/#website\"},\"primaryImageOfPage\":{\"@id\":\"https:\\\/\\\/www.unhcr.ca\\\/fr\\\/news\\\/militant-consacre-vie-a-la-cause-des-refugies\\\/#primaryimage\"},\"image\":{\"@id\":\"https:\\\/\\\/www.unhcr.ca\\\/fr\\\/news\\\/militant-consacre-vie-a-la-cause-des-refugies\\\/#primaryimage\"},\"thumbnailUrl\":\"https:\\\/\\\/www.unhcr.ca\\\/wp-content\\\/uploads\\\/2018\\\/12\\\/20180718-DSC_0355.jpg\",\"datePublished\":\"2018-09-15T20:09:37+00:00\",\"dateModified\":\"2021-01-08T01:30:17+00:00\",\"author\":{\"@id\":\"https:\\\/\\\/www.unhcr.ca\\\/#\\\/schema\\\/person\\\/f4976eb360cbe05ea538bc4b08d3b29e\"},\"description\":\"Harry Leslie Smith, un militant de 95 ans, le plus ancien rebelle du Canada, entame une tourn\u00e9e mondiale pour mettre en avant la cause des r\u00e9fugi\u00e9s.\",\"breadcrumb\":{\"@id\":\"https:\\\/\\\/www.unhcr.ca\\\/fr\\\/news\\\/militant-consacre-vie-a-la-cause-des-refugies\\\/#breadcrumb\"},\"inLanguage\":\"fr-FR\",\"potentialAction\":[{\"@type\":\"ReadAction\",\"target\":[\"https:\\\/\\\/www.unhcr.ca\\\/fr\\\/news\\\/militant-consacre-vie-a-la-cause-des-refugies\\\/\"]}]},{\"@type\":\"ImageObject\",\"inLanguage\":\"fr-FR\",\"@id\":\"https:\\\/\\\/www.unhcr.ca\\\/fr\\\/news\\\/militant-consacre-vie-a-la-cause-des-refugies\\\/#primaryimage\",\"url\":\"https:\\\/\\\/www.unhcr.ca\\\/wp-content\\\/uploads\\\/2018\\\/12\\\/20180718-DSC_0355.jpg\",\"contentUrl\":\"https:\\\/\\\/www.unhcr.ca\\\/wp-content\\\/uploads\\\/2018\\\/12\\\/20180718-DSC_0355.jpg\",\"width\":4000,\"height\":2667,\"caption\":\"Harry Leslie Smith, rebelle de 95 ans pour la cause des r\u00e9fugi\u00e9s, \u00e0 Sojourn House en Juillet 2018. \u00a9 UNHCR Canada\"},{\"@type\":\"BreadcrumbList\",\"@id\":\"https:\\\/\\\/www.unhcr.ca\\\/fr\\\/news\\\/militant-consacre-vie-a-la-cause-des-refugies\\\/#breadcrumb\",\"itemListElement\":[{\"@type\":\"ListItem\",\"position\":1,\"name\":\"Home\",\"item\":\"https:\\\/\\\/www.unhcr.ca\\\/fr\\\/\"},{\"@type\":\"ListItem\",\"position\":2,\"name\":\"Harry Leslie Smith, un militant de 95 ans, a consacr\u00e9 sa vie \u00e0 la cause des r\u00e9fugi\u00e9s\"}]},{\"@type\":\"WebSite\",\"@id\":\"https:\\\/\\\/www.unhcr.ca\\\/#website\",\"url\":\"https:\\\/\\\/www.unhcr.ca\\\/\",\"name\":\"HCR Canada\",\"description\":\"L\u2019Agence des Nations Unies pour les r\u00e9fugi\u00e9s\",\"potentialAction\":[{\"@type\":\"SearchAction\",\"target\":{\"@type\":\"EntryPoint\",\"urlTemplate\":\"https:\\\/\\\/www.unhcr.ca\\\/?s={search_term_string}\"},\"query-input\":{\"@type\":\"PropertyValueSpecification\",\"valueRequired\":true,\"valueName\":\"search_term_string\"}}],\"inLanguage\":\"fr-FR\"},{\"@type\":\"Person\",\"@id\":\"https:\\\/\\\/www.unhcr.ca\\\/#\\\/schema\\\/person\\\/f4976eb360cbe05ea538bc4b08d3b29e\",\"name\":\"Jack Nolos\",\"image\":{\"@type\":\"ImageObject\",\"inLanguage\":\"fr-FR\",\"@id\":\"https:\\\/\\\/secure.gravatar.com\\\/avatar\\\/f76742e96399100813d35b114145ee3d54a4002bf38e3207b1bd48aaa56e541e?s=96&d=mm&r=g\",\"url\":\"https:\\\/\\\/secure.gravatar.com\\\/avatar\\\/f76742e96399100813d35b114145ee3d54a4002bf38e3207b1bd48aaa56e541e?s=96&d=mm&r=g\",\"contentUrl\":\"https:\\\/\\\/secure.gravatar.com\\\/avatar\\\/f76742e96399100813d35b114145ee3d54a4002bf38e3207b1bd48aaa56e541e?s=96&d=mm&r=g\",\"caption\":\"Jack Nolos\"},\"url\":\"https:\\\/\\\/www.unhcr.ca\\\/fr\\\/news\\\/author\\\/jacknolos\\\/\"}]}<\/script>\n<!-- \/ Yoast SEO Premium plugin. -->","yoast_head_json":{"title":"Harry Leslie Smith a consacr\u00e9 sa vie \u00e0 la cause des r\u00e9fugi\u00e9s","description":"Harry Leslie Smith, un militant de 95 ans, le plus ancien rebelle du Canada, entame une tourn\u00e9e mondiale pour mettre en avant la cause des r\u00e9fugi\u00e9s.","robots":{"index":"index","follow":"follow","max-snippet":"max-snippet:-1","max-image-preview":"max-image-preview:large","max-video-preview":"max-video-preview:-1"},"canonical":"https:\/\/www.unhcr.ca\/fr\/news\/militant-consacre-vie-a-la-cause-des-refugies\/","og_locale":"fr_FR","og_type":"article","og_title":"Harry Leslie Smith, un militant de 95 ans, a consacr\u00e9 sa vie \u00e0 la cause des r\u00e9fugi\u00e9s","og_description":"Harry Leslie Smith, un militant de 95 ans, le plus ancien rebelle du Canada, entame une tourn\u00e9e mondiale pour mettre en avant la cause des r\u00e9fugi\u00e9s.","og_url":"https:\/\/www.unhcr.ca\/fr\/news\/militant-consacre-vie-a-la-cause-des-refugies\/","og_site_name":"HCR Canada","article_publisher":"https:\/\/www.facebook.com\/UNHCRCanada","article_published_time":"2018-09-15T20:09:37+00:00","article_modified_time":"2021-01-08T01:30:17+00:00","og_image":[{"width":1405,"height":937,"url":"https:\/\/www.unhcr.ca\/wp-content\/uploads\/2018\/12\/20180718-DSC_0355-1405x937.jpg","type":"image\/jpeg"}],"author":"Jack Nolos","twitter_card":"summary_large_image","twitter_creator":"@UNHCRCanada","twitter_site":"@UNHCRCanada","twitter_misc":{"\u00c9crit par":"Jack Nolos","Dur\u00e9e de lecture estim\u00e9e":"5 minutes"},"schema":{"@context":"https:\/\/schema.org","@graph":[{"@type":"Article","@id":"https:\/\/www.unhcr.ca\/fr\/news\/militant-consacre-vie-a-la-cause-des-refugies\/#article","isPartOf":{"@id":"https:\/\/www.unhcr.ca\/fr\/news\/militant-consacre-vie-a-la-cause-des-refugies\/"},"author":{"name":"Jack Nolos","@id":"https:\/\/www.unhcr.ca\/#\/schema\/person\/f4976eb360cbe05ea538bc4b08d3b29e"},"headline":"Harry Leslie Smith, un militant de 95 ans, a consacr\u00e9 sa vie \u00e0 la cause des r\u00e9fugi\u00e9s","datePublished":"2018-09-15T20:09:37+00:00","dateModified":"2021-01-08T01:30:17+00:00","mainEntityOfPage":{"@id":"https:\/\/www.unhcr.ca\/fr\/news\/militant-consacre-vie-a-la-cause-des-refugies\/"},"wordCount":933,"image":{"@id":"https:\/\/www.unhcr.ca\/fr\/news\/militant-consacre-vie-a-la-cause-des-refugies\/#primaryimage"},"thumbnailUrl":"https:\/\/www.unhcr.ca\/wp-content\/uploads\/2018\/12\/20180718-DSC_0355.jpg","keywords":["Canada","HCR","r\u00e9fugi\u00e9e","r\u00e9fugi\u00e9s","unhcr"],"articleSection":["\u00c0 la Une","M\u00e9dias","Nouvelle"],"inLanguage":"fr-FR"},{"@type":"WebPage","@id":"https:\/\/www.unhcr.ca\/fr\/news\/militant-consacre-vie-a-la-cause-des-refugies\/","url":"https:\/\/www.unhcr.ca\/fr\/news\/militant-consacre-vie-a-la-cause-des-refugies\/","name":"Harry Leslie Smith a consacr\u00e9 sa vie \u00e0 la cause des r\u00e9fugi\u00e9s","isPartOf":{"@id":"https:\/\/www.unhcr.ca\/#website"},"primaryImageOfPage":{"@id":"https:\/\/www.unhcr.ca\/fr\/news\/militant-consacre-vie-a-la-cause-des-refugies\/#primaryimage"},"image":{"@id":"https:\/\/www.unhcr.ca\/fr\/news\/militant-consacre-vie-a-la-cause-des-refugies\/#primaryimage"},"thumbnailUrl":"https:\/\/www.unhcr.ca\/wp-content\/uploads\/2018\/12\/20180718-DSC_0355.jpg","datePublished":"2018-09-15T20:09:37+00:00","dateModified":"2021-01-08T01:30:17+00:00","author":{"@id":"https:\/\/www.unhcr.ca\/#\/schema\/person\/f4976eb360cbe05ea538bc4b08d3b29e"},"description":"Harry Leslie Smith, un militant de 95 ans, le plus ancien rebelle du Canada, entame une tourn\u00e9e mondiale pour mettre en avant la cause des r\u00e9fugi\u00e9s.","breadcrumb":{"@id":"https:\/\/www.unhcr.ca\/fr\/news\/militant-consacre-vie-a-la-cause-des-refugies\/#breadcrumb"},"inLanguage":"fr-FR","potentialAction":[{"@type":"ReadAction","target":["https:\/\/www.unhcr.ca\/fr\/news\/militant-consacre-vie-a-la-cause-des-refugies\/"]}]},{"@type":"ImageObject","inLanguage":"fr-FR","@id":"https:\/\/www.unhcr.ca\/fr\/news\/militant-consacre-vie-a-la-cause-des-refugies\/#primaryimage","url":"https:\/\/www.unhcr.ca\/wp-content\/uploads\/2018\/12\/20180718-DSC_0355.jpg","contentUrl":"https:\/\/www.unhcr.ca\/wp-content\/uploads\/2018\/12\/20180718-DSC_0355.jpg","width":4000,"height":2667,"caption":"Harry Leslie Smith, rebelle de 95 ans pour la cause des r\u00e9fugi\u00e9s, \u00e0 Sojourn House en Juillet 2018. \u00a9 UNHCR Canada"},{"@type":"BreadcrumbList","@id":"https:\/\/www.unhcr.ca\/fr\/news\/militant-consacre-vie-a-la-cause-des-refugies\/#breadcrumb","itemListElement":[{"@type":"ListItem","position":1,"name":"Home","item":"https:\/\/www.unhcr.ca\/fr\/"},{"@type":"ListItem","position":2,"name":"Harry Leslie Smith, un militant de 95 ans, a consacr\u00e9 sa vie \u00e0 la cause des r\u00e9fugi\u00e9s"}]},{"@type":"WebSite","@id":"https:\/\/www.unhcr.ca\/#website","url":"https:\/\/www.unhcr.ca\/","name":"HCR Canada","description":"L\u2019Agence des Nations Unies pour les r\u00e9fugi\u00e9s","potentialAction":[{"@type":"SearchAction","target":{"@type":"EntryPoint","urlTemplate":"https:\/\/www.unhcr.ca\/?s={search_term_string}"},"query-input":{"@type":"PropertyValueSpecification","valueRequired":true,"valueName":"search_term_string"}}],"inLanguage":"fr-FR"},{"@type":"Person","@id":"https:\/\/www.unhcr.ca\/#\/schema\/person\/f4976eb360cbe05ea538bc4b08d3b29e","name":"Jack Nolos","image":{"@type":"ImageObject","inLanguage":"fr-FR","@id":"https:\/\/secure.gravatar.com\/avatar\/f76742e96399100813d35b114145ee3d54a4002bf38e3207b1bd48aaa56e541e?s=96&d=mm&r=g","url":"https:\/\/secure.gravatar.com\/avatar\/f76742e96399100813d35b114145ee3d54a4002bf38e3207b1bd48aaa56e541e?s=96&d=mm&r=g","contentUrl":"https:\/\/secure.gravatar.com\/avatar\/f76742e96399100813d35b114145ee3d54a4002bf38e3207b1bd48aaa56e541e?s=96&d=mm&r=g","caption":"Jack Nolos"},"url":"https:\/\/www.unhcr.ca\/fr\/news\/author\/jacknolos\/"}]}},"_links":{"self":[{"href":"https:\/\/www.unhcr.ca\/fr\/wp-json\/wp\/v2\/posts\/33601","targetHints":{"allow":["GET"]}}],"collection":[{"href":"https:\/\/www.unhcr.ca\/fr\/wp-json\/wp\/v2\/posts"}],"about":[{"href":"https:\/\/www.unhcr.ca\/fr\/wp-json\/wp\/v2\/types\/post"}],"author":[{"embeddable":true,"href":"https:\/\/www.unhcr.ca\/fr\/wp-json\/wp\/v2\/users\/36"}],"replies":[{"embeddable":true,"href":"https:\/\/www.unhcr.ca\/fr\/wp-json\/wp\/v2\/comments?post=33601"}],"version-history":[{"count":0,"href":"https:\/\/www.unhcr.ca\/fr\/wp-json\/wp\/v2\/posts\/33601\/revisions"}],"wp:featuredmedia":[{"embeddable":true,"href":"https:\/\/www.unhcr.ca\/fr\/wp-json\/wp\/v2\/media\/33592"}],"wp:attachment":[{"href":"https:\/\/www.unhcr.ca\/fr\/wp-json\/wp\/v2\/media?parent=33601"}],"wp:term":[{"taxonomy":"category","embeddable":true,"href":"https:\/\/www.unhcr.ca\/fr\/wp-json\/wp\/v2\/categories?post=33601"},{"taxonomy":"post_tag","embeddable":true,"href":"https:\/\/www.unhcr.ca\/fr\/wp-json\/wp\/v2\/tags?post=33601"}],"curies":[{"name":"wp","href":"https:\/\/api.w.org\/{rel}","templated":true}]}}