{"id":27574,"date":"2017-09-25T15:15:15","date_gmt":"2017-09-25T19:15:15","guid":{"rendered":"http:\/\/unhcrca.wpengine.com\/?p=27574\/"},"modified":"2017-09-25T15:15:15","modified_gmt":"2017-09-25T19:15:15","slug":"lattaque-dun-elephant","status":"publish","type":"post","link":"https:\/\/www.unhcr.ca\/fr\/news\/lattaque-dun-elephant\/","title":{"rendered":"L\u2019attaque d\u2019un \u00e9l\u00e9phant illustre les dangers pour les r\u00e9fugi\u00e9s"},"content":{"rendered":"<div id=\"attachment_27567\" style=\"width: 976px\" class=\"wp-caption aligncenter\"><img decoding=\"async\" aria-describedby=\"caption-attachment-27567\" class=\"size-full wp-image-27567\" src=\"https:\/\/www.unhcr.ca\/wp-content\/uploads\/2017\/09\/Rohingya-Elephant.jpg\" alt=\"Un r\u00e9fugi\u00e9 prie du haut d\u2019une colline qui surplombe le camp de Kutupalong apr\u00e8s l\u2019enterrement d\u2019un autre Rohingya. \u00a9 HCR\/Paula Bronstein\" width=\"966\" height=\"644\" srcset=\"https:\/\/www.unhcr.ca\/wp-content\/uploads\/2017\/09\/Rohingya-Elephant.jpg 966w, https:\/\/www.unhcr.ca\/wp-content\/uploads\/2017\/09\/Rohingya-Elephant-768x512.jpg 768w\" sizes=\"(max-width: 966px) 100vw, 966px\" \/><p id=\"caption-attachment-27567\" class=\"wp-caption-text\">Un r\u00e9fugi\u00e9 prie du haut d\u2019une colline qui surplombe le camp de Kutupalong apr\u00e8s l\u2019enterrement d\u2019un autre Rohingya. \u00a9 HCR\/Paula Bronstein<\/p><\/div>\n<p>KUTUPALONG, Bangladesh \u2013Apr\u00e8s avoir fui les feux et les tirs au Myanmar, le r\u00e9fugi\u00e9 rohingya Jane Alam pensait qu\u2019il \u00e9tait hors de danger au Bangladesh.<\/p>\n<p>Mais alors qu\u2019il dormait la nuit pass\u00e9e dans un abri de fortune d\u2019une zone bois\u00e9e du camp de r\u00e9fugi\u00e9s de Kutupalong, des \u00e9l\u00e9phants en furie s\u2019en sont pris \u00e0 sa famille.<\/p>\n<p>Le p\u00e8re de ce jeune homme de 18 ans ainsi qu\u2019un b\u00e9b\u00e9 de sept mois ont \u00e9t\u00e9 tu\u00e9s au cours de l\u2019attaque qui a \u00e9galement fait sept bless\u00e9s parmi ses proches.<\/p>\n<blockquote><p>\u201cNous pensions que nous serions en s\u00e9curit\u00e9 ici.\u201d<\/p><\/blockquote>\n<p>\u00c9corch\u00e9 sur la joue, la nuque et la hanche, il est mont\u00e9 ce matin les pieds nus sur une colline qui surplombe le camp de fortune pour les enterrer.<\/p>\n<p>\u201cNous pensions que nous serions en s\u00e9curit\u00e9 ici.\u201d,\u201d dit-il, paralys\u00e9 de stup\u00e9faction, alors qu\u2019il se tient \u00e0 c\u00f4t\u00e9 de la tombe de son p\u00e8re marqu\u00e9e de petits tiges de bambou.<\/p>\n<p><iframe width=\"1080\" height=\"810\" src=\"https:\/\/www.youtube.com\/embed\/Cy_fkc5qRt8?feature=oembed\" frameborder=\"0\" allowfullscreen><\/iframe><\/p>\n<h3>Bangladesh: Victimes de la charge d\u2019un \u00e9l\u00e9phant (Ismail Ferdous, videographe) (en anglais).<\/h3>\n<p>\u00c0 quelques pas seulement, le petit corps du b\u00e9b\u00e9 de ses proches se trouve sur le sol boueux, enroul\u00e9 dans un drap blanc. Un homme est en train de creuser sa tombe en pr\u00e9sence d\u2019un groupe d\u2019hommes qui assistent en silence.<\/p>\n<p>Ces deux d\u00e9c\u00e8s illustrent l\u2019un des dangers inattendus auxquels les r\u00e9fugi\u00e9s sont confront\u00e9s parmi tant d\u2019autres risques qui entourent l\u2019intervention humanitaire n\u00e9cessaire pour r\u00e9pondre \u00e0 l\u2019arriv\u00e9e d\u2019au moins 429\u00a0000 personnes qui ont le Myanmar, depuis la derni\u00e8re flamb\u00e9e de violences qui ont \u00e9clat\u00e9 le 25 ao\u00fbt 2017.<\/p>\n<p>Comme les deux camps de r\u00e9fugi\u00e9s \u00e9tablis du Bangladesh sont submerg\u00e9s, des milliers d\u2019entre eux trouvent refuge o\u00f9 ils le peuvent, certains d\u2019entre eux dans une zone bois\u00e9e inhabit\u00e9e en dehors du camp de Kutupalong.<\/p>\n<p>\u201cPour le moment, l\u2019endroit est enti\u00e8rement sauvage, et les gens s\u2019installent l\u00e0 o\u00f9 il y a des animaux sauvages,\u201d explique Franklin Golay, un membre de l\u2019\u00e9quipe du HCR, l\u2019agence de l\u2019ONU pour les r\u00e9fugi\u00e9s, dont le travail est d\u2019approvisionner ce camp informel en eau, en l\u2019assainissement et en abris.<\/p>\n<p>\u201dIl ya des \u00e9l\u00e9phants dans le coin et ils pr\u00e9sentent un danger,\u201d dit-il.<\/p>\n<div id=\"attachment_27571\" style=\"width: 810px\" class=\"wp-caption aligncenter\"><img decoding=\"async\" aria-describedby=\"caption-attachment-27571\" class=\"size-full wp-image-27571\" src=\"https:\/\/www.unhcr.ca\/wp-content\/uploads\/2017\/09\/rohingya2.jpg\" alt=\"Des grandes empreintes de pas signalent l\u2019endroit o\u00f9 un \u00e9l\u00e9phant sauvage a tu\u00e9 un Rohingua et son fils. \u00a9 HCR\/Keane Shum\" width=\"800\" height=\"530\" srcset=\"https:\/\/www.unhcr.ca\/wp-content\/uploads\/2017\/09\/rohingya2.jpg 800w, https:\/\/www.unhcr.ca\/wp-content\/uploads\/2017\/09\/rohingya2-768x509.jpg 768w\" sizes=\"(max-width: 800px) 100vw, 800px\" \/><p id=\"caption-attachment-27571\" class=\"wp-caption-text\">Des grandes empreintes de pas signalent l\u2019endroit o\u00f9 un \u00e9l\u00e9phant sauvage a tu\u00e9 un Rohingua et son fils. \u00a9 HCR\/Keane Shum<\/p><\/div>\n<p>Les \u00e9l\u00e9phants d\u2019Asie sont une esp\u00e8ce en danger de disparition, au Bangladesh, o\u00f9 les protecteurs de l\u2019environnement estiment que leur population n\u2019est plus que de 239 individus vivant \u00e0 l\u2019\u00e9tat sauvage. Nombreux d\u2019entre eux se trouvent dans la r\u00e9gion de Chittagong dans le sud-est du pays, o\u00f9 se concentre l\u2019afflux de r\u00e9fugi\u00e9s.<\/p>\n<p>Selon les habitants de la r\u00e9gion, les \u00e9l\u00e9phants sont attir\u00e9s vers les r\u00e9gions plus peupl\u00e9es pendant la mousson car c\u2019est le moment o\u00f9 les fruits m\u00fbrissent dans les arbres, notamment sur les manguiers et les jacquiers.<\/p>\n<p>On pourrait s\u00e9curiser cette zone sauvage et partiellement bois\u00e9e avec des cl\u00f4tures ou de la lumi\u00e8re, explique Franklin Golay.<\/p>\n<p>N\u00e9anmoins pour les membres de la famille en deuil d\u2019Alam, qui ont travers\u00e9 la fronti\u00e8re pour fuir la pers\u00e9cution au Myanmar, cette derni\u00e8re trag\u00e9die est un rappel qu\u2019ils ne sont pas arriv\u00e9s au bout de leurs souffrances.<\/p>\n<p>\u201cNous avons fui le danger, et nous sommes toujours dans une situation dangereuse,\u201dexplique Ali Hussein, l\u2019oncle du d\u00e9funt. \u201cIl ne faut pas l\u2019oublier.\u201d<\/p>\n<p>Votre soutien est urgent pour aider les enfants, les femmes et les hommes r\u00e9fugi\u00e9s au Bangladesh.\u00a0<a href=\"https:\/\/netdonor.net\/ea-action\/action?ea.client.id=1920&amp;ea.campaign.id=77357&amp;en_txn10=17-OL_Rohingya\" target=\"_blank\">S\u2019il vous pla\u00eet, donnez maintenant.<\/a><\/p>\n","protected":false},"excerpt":{"rendered":"<p>KUTUPALONG, Bangladesh \u2013Apr\u00e8s avoir fui les feux et les tirs au Myanmar, le r\u00e9fugi\u00e9 rohingya Jane Alam pensait qu\u2019il \u00e9tait hors de danger au Bangladesh. Mais alors qu\u2019il dormait la nuit pass\u00e9e dans un abri de fortune d\u2019une zone bois\u00e9e du camp de r\u00e9fugi\u00e9s de Kutupalong, des \u00e9l\u00e9phants en furie s\u2019en sont pris \u00e0 sa [&hellip;]<\/p>\n","protected":false},"author":16,"featured_media":27571,"comment_status":"closed","ping_status":"closed","sticky":false,"template":"","format":"standard","meta":{"_acf_changed":false,"_et_pb_use_builder":"","_et_pb_old_content":"","_et_gb_content_width":"","inline_featured_image":false,"footnotes":"","beyondwords_generate_audio":"","beyondwords_integration_method":"","beyondwords_project_id":"","beyondwords_content_id":"","beyondwords_preview_token":"","beyondwords_player_content":"","beyondwords_player_style":"","beyondwords_language_code":"","beyondwords_language_id":"","beyondwords_title_voice_id":"","beyondwords_body_voice_id":"","beyondwords_summary_voice_id":"","beyondwords_error_message":"","beyondwords_disabled":"","beyondwords_delete_content":"","beyondwords_podcast_id":"","beyondwords_hash":"","publish_post_to_speechkit":"","speechkit_hash":"","speechkit_generate_audio":"","speechkit_project_id":"","speechkit_podcast_id":"","speechkit_error_message":"","speechkit_disabled":"","speechkit_access_key":"","speechkit_error":"","speechkit_info":"","speechkit_response":"","speechkit_retries":"","speechkit_status":"","speechkit_updated_at":"","_speechkit_link":"","_speechkit_text":""},"categories":[81],"tags":[175,90,70],"class_list":["post-27574","post","type-post","status-publish","format-standard","has-post-thumbnail","hentry","category-news-stories-fr","tag-deplacement","tag-hcr","tag-secours-durgence"],"acf":[],"yoast_head":"<!-- This site is optimized with the Yoast SEO Premium plugin v27.4 (Yoast SEO v27.5) - https:\/\/yoast.com\/product\/yoast-seo-premium-wordpress\/ -->\n<title>L\u2019attaque d\u2019un \u00e9l\u00e9phant illustre les dangers pour les r\u00e9fugi\u00e9s - HCR Canada<\/title>\n<meta name=\"description\" content=\"Apr\u00e8s avoir fui les feux et les tirs au Myanmar, le r\u00e9fugi\u00e9 rohingya Jane Alam pensait qu\u2019il \u00e9tait hors de danger au Bangladesh.\" \/>\n<meta name=\"robots\" content=\"index, follow, max-snippet:-1, max-image-preview:large, max-video-preview:-1\" \/>\n<link rel=\"canonical\" href=\"https:\/\/www.unhcr.ca\/fr\/news\/lattaque-dun-elephant\/\" \/>\n<meta property=\"og:locale\" content=\"fr_FR\" \/>\n<meta property=\"og:type\" content=\"article\" \/>\n<meta property=\"og:title\" content=\"L\u2019attaque d\u2019un \u00e9l\u00e9phant illustre les dangers pour les r\u00e9fugi\u00e9s\" \/>\n<meta property=\"og:description\" content=\"Apr\u00e8s avoir fui les feux et les tirs au Myanmar, le r\u00e9fugi\u00e9 rohingya Jane Alam pensait qu\u2019il \u00e9tait hors de danger au Bangladesh.\" \/>\n<meta property=\"og:url\" content=\"https:\/\/www.unhcr.ca\/fr\/news\/lattaque-dun-elephant\/\" \/>\n<meta property=\"og:site_name\" content=\"HCR Canada\" \/>\n<meta property=\"article:publisher\" content=\"https:\/\/www.facebook.com\/UNHCRCanada\" \/>\n<meta property=\"article:published_time\" content=\"2017-09-25T19:15:15+00:00\" \/>\n<meta property=\"og:image\" content=\"https:\/\/www.unhcr.ca\/wp-content\/uploads\/2017\/09\/rohingya2.jpg\" \/>\n\t<meta property=\"og:image:width\" content=\"800\" \/>\n\t<meta property=\"og:image:height\" content=\"530\" \/>\n\t<meta property=\"og:image:type\" content=\"image\/jpeg\" \/>\n<meta name=\"author\" content=\"Elizabeth Mulhall\" \/>\n<meta name=\"twitter:card\" content=\"summary_large_image\" \/>\n<meta name=\"twitter:creator\" content=\"@UNHCRCanada\" \/>\n<meta name=\"twitter:site\" content=\"@UNHCRCanada\" \/>\n<meta name=\"twitter:label1\" content=\"\u00c9crit par\" \/>\n\t<meta name=\"twitter:data1\" content=\"Elizabeth Mulhall\" \/>\n\t<meta name=\"twitter:label2\" content=\"Dur\u00e9e de lecture estim\u00e9e\" \/>\n\t<meta name=\"twitter:data2\" content=\"4 minutes\" \/>\n<script type=\"application\/ld+json\" class=\"yoast-schema-graph\">{\"@context\":\"https:\\\/\\\/schema.org\",\"@graph\":[{\"@type\":\"Article\",\"@id\":\"https:\\\/\\\/www.unhcr.ca\\\/fr\\\/news\\\/lattaque-dun-elephant\\\/#article\",\"isPartOf\":{\"@id\":\"https:\\\/\\\/www.unhcr.ca\\\/fr\\\/news\\\/lattaque-dun-elephant\\\/\"},\"author\":{\"name\":\"Elizabeth Mulhall\",\"@id\":\"https:\\\/\\\/www.unhcr.ca\\\/#\\\/schema\\\/person\\\/684c95618c348d2f70f79b2f92c51bb3\"},\"headline\":\"L\u2019attaque d\u2019un \u00e9l\u00e9phant illustre les dangers pour les r\u00e9fugi\u00e9s\",\"datePublished\":\"2017-09-25T19:15:15+00:00\",\"mainEntityOfPage\":{\"@id\":\"https:\\\/\\\/www.unhcr.ca\\\/fr\\\/news\\\/lattaque-dun-elephant\\\/\"},\"wordCount\":720,\"image\":{\"@id\":\"https:\\\/\\\/www.unhcr.ca\\\/fr\\\/news\\\/lattaque-dun-elephant\\\/#primaryimage\"},\"thumbnailUrl\":\"https:\\\/\\\/www.unhcr.ca\\\/wp-content\\\/uploads\\\/2017\\\/09\\\/rohingya2.jpg\",\"keywords\":[\"deplacement\",\"HCR\",\"Secours d'urgence\"],\"articleSection\":[\"M\u00e9dias\"],\"inLanguage\":\"fr-FR\"},{\"@type\":\"WebPage\",\"@id\":\"https:\\\/\\\/www.unhcr.ca\\\/fr\\\/news\\\/lattaque-dun-elephant\\\/\",\"url\":\"https:\\\/\\\/www.unhcr.ca\\\/fr\\\/news\\\/lattaque-dun-elephant\\\/\",\"name\":\"L\u2019attaque d\u2019un \u00e9l\u00e9phant illustre les dangers pour les r\u00e9fugi\u00e9s - HCR Canada\",\"isPartOf\":{\"@id\":\"https:\\\/\\\/www.unhcr.ca\\\/#website\"},\"primaryImageOfPage\":{\"@id\":\"https:\\\/\\\/www.unhcr.ca\\\/fr\\\/news\\\/lattaque-dun-elephant\\\/#primaryimage\"},\"image\":{\"@id\":\"https:\\\/\\\/www.unhcr.ca\\\/fr\\\/news\\\/lattaque-dun-elephant\\\/#primaryimage\"},\"thumbnailUrl\":\"https:\\\/\\\/www.unhcr.ca\\\/wp-content\\\/uploads\\\/2017\\\/09\\\/rohingya2.jpg\",\"datePublished\":\"2017-09-25T19:15:15+00:00\",\"author\":{\"@id\":\"https:\\\/\\\/www.unhcr.ca\\\/#\\\/schema\\\/person\\\/684c95618c348d2f70f79b2f92c51bb3\"},\"description\":\"Apr\u00e8s avoir fui les feux et les tirs au Myanmar, le r\u00e9fugi\u00e9 rohingya Jane Alam pensait qu\u2019il \u00e9tait hors de danger au Bangladesh.\",\"breadcrumb\":{\"@id\":\"https:\\\/\\\/www.unhcr.ca\\\/fr\\\/news\\\/lattaque-dun-elephant\\\/#breadcrumb\"},\"inLanguage\":\"fr-FR\",\"potentialAction\":[{\"@type\":\"ReadAction\",\"target\":[\"https:\\\/\\\/www.unhcr.ca\\\/fr\\\/news\\\/lattaque-dun-elephant\\\/\"]}]},{\"@type\":\"ImageObject\",\"inLanguage\":\"fr-FR\",\"@id\":\"https:\\\/\\\/www.unhcr.ca\\\/fr\\\/news\\\/lattaque-dun-elephant\\\/#primaryimage\",\"url\":\"https:\\\/\\\/www.unhcr.ca\\\/wp-content\\\/uploads\\\/2017\\\/09\\\/rohingya2.jpg\",\"contentUrl\":\"https:\\\/\\\/www.unhcr.ca\\\/wp-content\\\/uploads\\\/2017\\\/09\\\/rohingya2.jpg\",\"width\":800,\"height\":530,\"caption\":\"Des grandes empreintes de pas signalent l\u2019endroit o\u00f9 un \u00e9l\u00e9phant sauvage a tu\u00e9 un Rohingua et son fils. \u00a9 HCR\\\/Keane Shum\"},{\"@type\":\"BreadcrumbList\",\"@id\":\"https:\\\/\\\/www.unhcr.ca\\\/fr\\\/news\\\/lattaque-dun-elephant\\\/#breadcrumb\",\"itemListElement\":[{\"@type\":\"ListItem\",\"position\":1,\"name\":\"Home\",\"item\":\"https:\\\/\\\/www.unhcr.ca\\\/fr\\\/homepage2020\\\/\"},{\"@type\":\"ListItem\",\"position\":2,\"name\":\"L\u2019attaque d\u2019un \u00e9l\u00e9phant illustre les dangers pour les r\u00e9fugi\u00e9s\"}]},{\"@type\":\"WebSite\",\"@id\":\"https:\\\/\\\/www.unhcr.ca\\\/#website\",\"url\":\"https:\\\/\\\/www.unhcr.ca\\\/\",\"name\":\"HCR Canada\",\"description\":\"L\u2019Agence des Nations Unies pour les r\u00e9fugi\u00e9s\",\"potentialAction\":[{\"@type\":\"SearchAction\",\"target\":{\"@type\":\"EntryPoint\",\"urlTemplate\":\"https:\\\/\\\/www.unhcr.ca\\\/?s={search_term_string}\"},\"query-input\":{\"@type\":\"PropertyValueSpecification\",\"valueRequired\":true,\"valueName\":\"search_term_string\"}}],\"inLanguage\":\"fr-FR\"},{\"@type\":\"Person\",\"@id\":\"https:\\\/\\\/www.unhcr.ca\\\/#\\\/schema\\\/person\\\/684c95618c348d2f70f79b2f92c51bb3\",\"name\":\"Elizabeth Mulhall\",\"image\":{\"@type\":\"ImageObject\",\"inLanguage\":\"fr-FR\",\"@id\":\"https:\\\/\\\/secure.gravatar.com\\\/avatar\\\/e709ad407d42ad8740046c09315255676bda51889f1a4409226de986187feb53?s=96&d=mm&r=g\",\"url\":\"https:\\\/\\\/secure.gravatar.com\\\/avatar\\\/e709ad407d42ad8740046c09315255676bda51889f1a4409226de986187feb53?s=96&d=mm&r=g\",\"contentUrl\":\"https:\\\/\\\/secure.gravatar.com\\\/avatar\\\/e709ad407d42ad8740046c09315255676bda51889f1a4409226de986187feb53?s=96&d=mm&r=g\",\"caption\":\"Elizabeth Mulhall\"},\"url\":\"https:\\\/\\\/www.unhcr.ca\\\/fr\\\/news\\\/author\\\/elizabethmulhall\\\/\"}]}<\/script>\n<!-- \/ Yoast SEO Premium plugin. -->","yoast_head_json":{"title":"L\u2019attaque d\u2019un \u00e9l\u00e9phant illustre les dangers pour les r\u00e9fugi\u00e9s - HCR Canada","description":"Apr\u00e8s avoir fui les feux et les tirs au Myanmar, le r\u00e9fugi\u00e9 rohingya Jane Alam pensait qu\u2019il \u00e9tait hors de danger au Bangladesh.","robots":{"index":"index","follow":"follow","max-snippet":"max-snippet:-1","max-image-preview":"max-image-preview:large","max-video-preview":"max-video-preview:-1"},"canonical":"https:\/\/www.unhcr.ca\/fr\/news\/lattaque-dun-elephant\/","og_locale":"fr_FR","og_type":"article","og_title":"L\u2019attaque d\u2019un \u00e9l\u00e9phant illustre les dangers pour les r\u00e9fugi\u00e9s","og_description":"Apr\u00e8s avoir fui les feux et les tirs au Myanmar, le r\u00e9fugi\u00e9 rohingya Jane Alam pensait qu\u2019il \u00e9tait hors de danger au Bangladesh.","og_url":"https:\/\/www.unhcr.ca\/fr\/news\/lattaque-dun-elephant\/","og_site_name":"HCR Canada","article_publisher":"https:\/\/www.facebook.com\/UNHCRCanada","article_published_time":"2017-09-25T19:15:15+00:00","og_image":[{"width":800,"height":530,"url":"https:\/\/www.unhcr.ca\/wp-content\/uploads\/2017\/09\/rohingya2.jpg","type":"image\/jpeg"}],"author":"Elizabeth Mulhall","twitter_card":"summary_large_image","twitter_creator":"@UNHCRCanada","twitter_site":"@UNHCRCanada","twitter_misc":{"\u00c9crit par":"Elizabeth Mulhall","Dur\u00e9e de lecture estim\u00e9e":"4 minutes"},"schema":{"@context":"https:\/\/schema.org","@graph":[{"@type":"Article","@id":"https:\/\/www.unhcr.ca\/fr\/news\/lattaque-dun-elephant\/#article","isPartOf":{"@id":"https:\/\/www.unhcr.ca\/fr\/news\/lattaque-dun-elephant\/"},"author":{"name":"Elizabeth Mulhall","@id":"https:\/\/www.unhcr.ca\/#\/schema\/person\/684c95618c348d2f70f79b2f92c51bb3"},"headline":"L\u2019attaque d\u2019un \u00e9l\u00e9phant illustre les dangers pour les r\u00e9fugi\u00e9s","datePublished":"2017-09-25T19:15:15+00:00","mainEntityOfPage":{"@id":"https:\/\/www.unhcr.ca\/fr\/news\/lattaque-dun-elephant\/"},"wordCount":720,"image":{"@id":"https:\/\/www.unhcr.ca\/fr\/news\/lattaque-dun-elephant\/#primaryimage"},"thumbnailUrl":"https:\/\/www.unhcr.ca\/wp-content\/uploads\/2017\/09\/rohingya2.jpg","keywords":["deplacement","HCR","Secours d'urgence"],"articleSection":["M\u00e9dias"],"inLanguage":"fr-FR"},{"@type":"WebPage","@id":"https:\/\/www.unhcr.ca\/fr\/news\/lattaque-dun-elephant\/","url":"https:\/\/www.unhcr.ca\/fr\/news\/lattaque-dun-elephant\/","name":"L\u2019attaque d\u2019un \u00e9l\u00e9phant illustre les dangers pour les r\u00e9fugi\u00e9s - HCR Canada","isPartOf":{"@id":"https:\/\/www.unhcr.ca\/#website"},"primaryImageOfPage":{"@id":"https:\/\/www.unhcr.ca\/fr\/news\/lattaque-dun-elephant\/#primaryimage"},"image":{"@id":"https:\/\/www.unhcr.ca\/fr\/news\/lattaque-dun-elephant\/#primaryimage"},"thumbnailUrl":"https:\/\/www.unhcr.ca\/wp-content\/uploads\/2017\/09\/rohingya2.jpg","datePublished":"2017-09-25T19:15:15+00:00","author":{"@id":"https:\/\/www.unhcr.ca\/#\/schema\/person\/684c95618c348d2f70f79b2f92c51bb3"},"description":"Apr\u00e8s avoir fui les feux et les tirs au Myanmar, le r\u00e9fugi\u00e9 rohingya Jane Alam pensait qu\u2019il \u00e9tait hors de danger au Bangladesh.","breadcrumb":{"@id":"https:\/\/www.unhcr.ca\/fr\/news\/lattaque-dun-elephant\/#breadcrumb"},"inLanguage":"fr-FR","potentialAction":[{"@type":"ReadAction","target":["https:\/\/www.unhcr.ca\/fr\/news\/lattaque-dun-elephant\/"]}]},{"@type":"ImageObject","inLanguage":"fr-FR","@id":"https:\/\/www.unhcr.ca\/fr\/news\/lattaque-dun-elephant\/#primaryimage","url":"https:\/\/www.unhcr.ca\/wp-content\/uploads\/2017\/09\/rohingya2.jpg","contentUrl":"https:\/\/www.unhcr.ca\/wp-content\/uploads\/2017\/09\/rohingya2.jpg","width":800,"height":530,"caption":"Des grandes empreintes de pas signalent l\u2019endroit o\u00f9 un \u00e9l\u00e9phant sauvage a tu\u00e9 un Rohingua et son fils. \u00a9 HCR\/Keane Shum"},{"@type":"BreadcrumbList","@id":"https:\/\/www.unhcr.ca\/fr\/news\/lattaque-dun-elephant\/#breadcrumb","itemListElement":[{"@type":"ListItem","position":1,"name":"Home","item":"https:\/\/www.unhcr.ca\/fr\/homepage2020\/"},{"@type":"ListItem","position":2,"name":"L\u2019attaque d\u2019un \u00e9l\u00e9phant illustre les dangers pour les r\u00e9fugi\u00e9s"}]},{"@type":"WebSite","@id":"https:\/\/www.unhcr.ca\/#website","url":"https:\/\/www.unhcr.ca\/","name":"HCR Canada","description":"L\u2019Agence des Nations Unies pour les r\u00e9fugi\u00e9s","potentialAction":[{"@type":"SearchAction","target":{"@type":"EntryPoint","urlTemplate":"https:\/\/www.unhcr.ca\/?s={search_term_string}"},"query-input":{"@type":"PropertyValueSpecification","valueRequired":true,"valueName":"search_term_string"}}],"inLanguage":"fr-FR"},{"@type":"Person","@id":"https:\/\/www.unhcr.ca\/#\/schema\/person\/684c95618c348d2f70f79b2f92c51bb3","name":"Elizabeth Mulhall","image":{"@type":"ImageObject","inLanguage":"fr-FR","@id":"https:\/\/secure.gravatar.com\/avatar\/e709ad407d42ad8740046c09315255676bda51889f1a4409226de986187feb53?s=96&d=mm&r=g","url":"https:\/\/secure.gravatar.com\/avatar\/e709ad407d42ad8740046c09315255676bda51889f1a4409226de986187feb53?s=96&d=mm&r=g","contentUrl":"https:\/\/secure.gravatar.com\/avatar\/e709ad407d42ad8740046c09315255676bda51889f1a4409226de986187feb53?s=96&d=mm&r=g","caption":"Elizabeth Mulhall"},"url":"https:\/\/www.unhcr.ca\/fr\/news\/author\/elizabethmulhall\/"}]}},"_links":{"self":[{"href":"https:\/\/www.unhcr.ca\/fr\/wp-json\/wp\/v2\/posts\/27574","targetHints":{"allow":["GET"]}}],"collection":[{"href":"https:\/\/www.unhcr.ca\/fr\/wp-json\/wp\/v2\/posts"}],"about":[{"href":"https:\/\/www.unhcr.ca\/fr\/wp-json\/wp\/v2\/types\/post"}],"author":[{"embeddable":true,"href":"https:\/\/www.unhcr.ca\/fr\/wp-json\/wp\/v2\/users\/16"}],"replies":[{"embeddable":true,"href":"https:\/\/www.unhcr.ca\/fr\/wp-json\/wp\/v2\/comments?post=27574"}],"version-history":[{"count":0,"href":"https:\/\/www.unhcr.ca\/fr\/wp-json\/wp\/v2\/posts\/27574\/revisions"}],"wp:featuredmedia":[{"embeddable":true,"href":"https:\/\/www.unhcr.ca\/fr\/wp-json\/wp\/v2\/media\/27571"}],"wp:attachment":[{"href":"https:\/\/www.unhcr.ca\/fr\/wp-json\/wp\/v2\/media?parent=27574"}],"wp:term":[{"taxonomy":"category","embeddable":true,"href":"https:\/\/www.unhcr.ca\/fr\/wp-json\/wp\/v2\/categories?post=27574"},{"taxonomy":"post_tag","embeddable":true,"href":"https:\/\/www.unhcr.ca\/fr\/wp-json\/wp\/v2\/tags?post=27574"}],"curies":[{"name":"wp","href":"https:\/\/api.w.org\/{rel}","templated":true}]}}